{"id":534402,"date":"2025-11-14T20:06:17","date_gmt":"2025-11-14T20:06:17","guid":{"rendered":"https:\/\/www.europesays.com\/fr\/534402\/"},"modified":"2025-11-14T20:06:17","modified_gmt":"2025-11-14T20:06:17","slug":"laccord-avec-lfi-a-capote-aymeric-caron-presentera-un-candidat-face-a-daniele-obono-lors-des-municipales-dans-le-18e-arrondissement-de-paris","status":"publish","type":"post","link":"https:\/\/www.europesays.com\/fr\/534402\/","title":{"rendered":"\u00ab\u00a0L&rsquo;accord avec LFI a capot\u00e9\u00a0\u00bb: Aymeric Caron pr\u00e9sentera un candidat face \u00e0 Dani\u00e8le Obono lors des municipales dans le 18e arrondissement de Paris"},"content":{"rendered":"<p class=\"mb-4 text-lg md:leading-8 break-words\">Au sein de LFI et apparent\u00e9s, la fronde. <a href=\"https:\/\/fr.news.yahoo.com\/nai-jamais-%C3%A9t%C3%A9-excommuni%C3%A9-caron-095217016.html\" data-ylk=\"slk:Aymeric Caron;elm:context_link;itc:0;sec:content-canvas;outcm:mb_qualified_link;_E:mb_qualified_link;ct:story;\" class=\"link  yahoo-link\" rel=\"nofollow noopener\" target=\"_blank\">Aymeric Caron<\/a>, un temps pressenti pour \u00eatre la t\u00eate de liste des Insoumis dans le 18e arrondissement de Paris, sa circonscription, a finalement d\u00fb c\u00e9der sa place \u00e0 une autre figure du parti, la d\u00e9put\u00e9e <a href=\"https:\/\/fr.news.yahoo.com\/d%C3%A9put%C3%A9e-lfi-obono-souhaite-mobilisations-092251983.html\" data-ylk=\"slk:Dani\u00e8le Obono;elm:context_link;itc:0;sec:content-canvas;outcm:mb_qualified_link;_E:mb_qualified_link;ct:story;\" class=\"link  yahoo-link\" rel=\"nofollow noopener\" target=\"_blank\">Dani\u00e8le Obono<\/a>. Avec le slogan \u00ab\u00a0Le nouveau parti populaire\u00a0\u00bb, clin d&rsquo;\u0153il \u00e0 l&rsquo;\u00e9ph\u00e9m\u00e8re Nouveau Front populaire.<\/p>\n<p class=\"mb-4 text-lg md:leading-8 break-words\">\u00ab\u00a0L&rsquo;accord avec La France insoumise a capot\u00e9 il y a deux jours\u00a0\u00bb, confirme l&rsquo;ancien journaliste \u00e0 BFMTV.com.<\/p>\n<p class=\"mb-4 text-lg md:leading-8 break-words\">\u00ab\u00a0\u00c0 Paris, il n&rsquo;y aura pas d&rsquo;accord entre la REV (R\u00e9volution \u00c9cologique pour le Vivant, son mouvement politique NDLR) et la France insoumise\u00a0\u00bb, ajoute-t-il dans une vid\u00e9o publi\u00e9e sur les r\u00e9seaux sociaux. Et ce, malgr\u00e9 leur alliance lors des municipales \u00e0 Paris en 2020 et \u00ab\u00a0l&rsquo;accord national\u00a0\u00bb sign\u00e9 entre les deux partis.<\/p>\n<p class=\"mb-4 text-lg md:leading-8 break-words\">Aussi, Aymeric Caron va pr\u00e9senter \u00ab\u00a0une liste diff\u00e9rente\u00a0\u00bb pour briguer la mairie du 18e face \u00e0 Dani\u00e8le Obono: celle de son mouvement politique R\u00e9volution \u00c9cologique pour le Vivant (REV). \u00ab\u00a0Ce n&rsquo;est pas moi qui me pr\u00e9senterai\u00a0\u00bb, annonce toutefois le d\u00e9put\u00e9, qui \u00ab\u00a0pr\u00e9sentera un candidat d&rsquo;ici un mois\u00a0\u00bb.<\/p>\n<p>Sophia Chikirou officiellement dans la course<\/p>\n<p class=\"mb-4 text-lg md:leading-8 break-words\">Ce vendredi 14 novembre, La France insoumise a \u00e9galement confirm\u00e9 <a href=\"https:\/\/fr.news.yahoo.com\/municipales-2026-%C3%A0-paris-linsoumise-090319011.html\" data-ylk=\"slk:la candidature de Sophia Chikirou pour succ\u00e9der \u00e0 Anne Hidalgo;elm:context_link;itc:0;sec:content-canvas;outcm:mb_qualified_link;_E:mb_qualified_link;ct:story;\" class=\"link  yahoo-link\" rel=\"nofollow noopener\" target=\"_blank\">la candidature de Sophia Chikirou pour succ\u00e9der \u00e0 Anne Hidalgo<\/a>, dont elle critique le bilan.<\/p>\n<p class=\"mb-4 text-lg md:leading-8 break-words\">\u00ab\u00a0J&rsquo;incarnerai le Paris populaire avec un programme de rupture franche et nette\u00a0\u00bb, a d\u00e9clar\u00e9 lors d&rsquo;une conf\u00e9rence de presse la d\u00e9put\u00e9e et conseill\u00e8re r\u00e9gionale, pr\u00e9sentant au passage les t\u00eates de liste des 17 arrondissements de la capitale.<\/p>\n<p class=\"mb-4 text-lg md:leading-8 break-words\">Parmi les autres candidats LFI \u00e0 avoir \u00e9t\u00e9 annonc\u00e9s dans la course aux diff\u00e9rents arrondissements parisiens: le d\u00e9put\u00e9 Rodrigo Arenas dans le 14e, le m\u00e9decin Christophe Prudhomme dans le 13e, l&rsquo;ex-auteur des Guignols de l&rsquo;Info Bruno Gaccio dans le 7e, ou l&rsquo;avocate Caroline M\u00e9cary dans le 12e.<\/p>\n<p class=\"mb-4 text-lg md:leading-8 break-words\"><a href=\"https:\/\/www.bfmtv.com\/politique\/elections\/municipales\/municipales-a-paris-aymeric-caron-presentera-un-candidat-face-a-lfi-dans-le-18eme-arrondissement_AN-202511140849.html#xtor=AL-68\" rel=\"nofollow noopener\" target=\"_blank\" data-ylk=\"slk:Article original publi\u00e9 sur BFMTV.com;elm:context_link;itc:0;sec:content-canvas\" class=\"link \">Article original publi\u00e9 sur BFMTV.com<\/a><\/p>\n","protected":false},"excerpt":{"rendered":"Au sein de LFI et apparent\u00e9s, la fronde. Aymeric Caron, un temps pressenti pour \u00eatre la t\u00eate de&hellip;\n","protected":false},"author":2,"featured_media":534403,"comment_status":"","ping_status":"","sticky":false,"template":"","format":"standard","meta":{"footnotes":""},"categories":[1888],"tags":[24078,1111,1928,11,1927,27525,65399,1777,674,1011,27,780,12,1926,626,1925,25,65398,18834],"class_list":{"0":"post-534402","1":"post","2":"type-post","3":"status-publish","4":"format-standard","5":"has-post-thumbnail","7":"category-paris","8":"tag-18e-arrondissement-de-paris","9":"tag-actu","10":"tag-actu-paris","11":"tag-actualites","12":"tag-actualites-paris","13":"tag-aymeric-caron","14":"tag-daniele-obono","15":"tag-eu","16":"tag-europe","17":"tag-fr","18":"tag-france","19":"tag-lfi","20":"tag-news","21":"tag-news-paris","22":"tag-paris","23":"tag-paris-news","24":"tag-republique-francaise","25":"tag-revolution-ecologique","26":"tag-sophia-chikirou"},"share_on_mastodon":{"url":"https:\/\/pubeurope.com\/@fr\/115549856351968907","error":""},"_links":{"self":[{"href":"https:\/\/www.europesays.com\/fr\/wp-json\/wp\/v2\/posts\/534402","targetHints":{"allow":["GET"]}}],"collection":[{"href":"https:\/\/www.europesays.com\/fr\/wp-json\/wp\/v2\/posts"}],"about":[{"href":"https:\/\/www.europesays.com\/fr\/wp-json\/wp\/v2\/types\/post"}],"author":[{"embeddable":true,"href":"https:\/\/www.europesays.com\/fr\/wp-json\/wp\/v2\/users\/2"}],"replies":[{"embeddable":true,"href":"https:\/\/www.europesays.com\/fr\/wp-json\/wp\/v2\/comments?post=534402"}],"version-history":[{"count":0,"href":"https:\/\/www.europesays.com\/fr\/wp-json\/wp\/v2\/posts\/534402\/revisions"}],"wp:featuredmedia":[{"embeddable":true,"href":"https:\/\/www.europesays.com\/fr\/wp-json\/wp\/v2\/media\/534403"}],"wp:attachment":[{"href":"https:\/\/www.europesays.com\/fr\/wp-json\/wp\/v2\/media?parent=534402"}],"wp:term":[{"taxonomy":"category","embeddable":true,"href":"https:\/\/www.europesays.com\/fr\/wp-json\/wp\/v2\/categories?post=534402"},{"taxonomy":"post_tag","embeddable":true,"href":"https:\/\/www.europesays.com\/fr\/wp-json\/wp\/v2\/tags?post=534402"}],"curies":[{"name":"wp","href":"https:\/\/api.w.org\/{rel}","templated":true}]}}