{"id":534413,"date":"2025-11-14T20:09:16","date_gmt":"2025-11-14T20:09:16","guid":{"rendered":"https:\/\/www.europesays.com\/fr\/534413\/"},"modified":"2025-11-14T20:09:16","modified_gmt":"2025-11-14T20:09:16","slug":"arrivee-du-quinte-du-vendredi-14-a-novembre-a-paris-vincennes-humanity-pellini-poursuit-son-ascension","status":"publish","type":"post","link":"https:\/\/www.europesays.com\/fr\/534413\/","title":{"rendered":"Arriv\u00e9e du quint\u00e9 du vendredi\u00a014 \u00e0 novembre \u00e0 Paris-Vincennes\u00a0: Humanity Pellini poursuit son ascension"},"content":{"rendered":"<p class=\"paragraph text_align_left lp-f-body-02\"><b>Arriv\u00e9e du quint\u00e9 :<\/b> 6 &#8211; 10 &#8211; 9 &#8211; 14 &#8211; 7<\/p>\n<p class=\"paragraph text_align_left lp-f-body-02\">M\u00eame si <a href=\"https:\/\/www.leparisien.fr\/sports\/hippisme\/les-courses-sur-lhippodrome-de-paris-vincennes-cest-reparti-pour-30-ans-04-07-2025-ZFGEG7EXENAD3NFOBTMOPELCTY.php\" target=\"_blank\" rel=\"noreferrer nofollow noopener\">l\u2019hippodrome de Paris-Vincennes<\/a> est actif quasiment tout au long de l\u2019ann\u00e9e, le plateau de l\u2019\u00e9v\u00e9nement disput\u00e9 ce vendredi avait bel et bien des saveurs de meeting avec la pr\u00e9sence des bons chevaux fran\u00e7ais et \u00e9trangers. Ces derniers ont d\u2019ailleurs pris les quatre premi\u00e8res places. Sur les 2 100 m de la grande piste, Humanity Pellini (n\u00b0 6) a confirm\u00e9 sa mont\u00e9e en puissance. Alors qu\u2019il venait de battre son record, il a de nouveau trott\u00e9 tr\u00e8s vite pour s\u2019imposer avec brio, driv\u00e9 par un <a href=\"https:\/\/www.leparisien.fr\/sports\/hippisme\/london-couronne-un-meeting-de-reve-pour-mathieu-mottier-en-remportant-le-prix-de-selection-01-03-2025-UEJ6YGUXRJEN7AD3SVGXLWN6NY.php\" target=\"_blank\" rel=\"noreferrer nofollow noopener\">Mathieu Mottier<\/a> en pleine forme apr\u00e8s avoir souffert du talon la semaine derni\u00e8re. Venu au c\u00f4t\u00e9 du favori et principal animateur, Diabel (n\u00b0 3), en haut de la mont\u00e9e, il l\u2019a laiss\u00e9 sur place dans la ligne droite, son rival baissant nettement de pied au point de ne pas figurer \u00e0 l\u2019arriv\u00e9e. \u00ab C\u2019\u00e9tait d\u00e9j\u00e0 super la derni\u00e8re fois, et c\u2019est encore mieux ce vendredi, a comment\u00e9 le pilote du laur\u00e9at. Je ne voulais pas venir si t\u00f4t devant mais, finalement, il le fait tr\u00e8s bien. \u00bb<\/p>\n<blockquote class=\"twitter-tweet\">\n<p lang=\"fr\" dir=\"ltr\">\ud83c\udfc6 \ud835\udddb\ud835\ude02\ud835\uddfa\ud835\uddee\ud835\uddfb\ud835\uddf6\ud835\ude01\ud835\ude06 \ud835\udde3\ud835\uddf2\ud835\uddf9\ud835\uddf9\ud835\uddf6\ud835\uddfb\ud835\uddf6 (M. Mottier \/ Ch. Eriksson) s&rsquo;adjuge le Quint\u00e9+ du jour \u00e0 Vincennes !<\/p>\n<p>Le fils d&rsquo;Up and Quick remporte son premier Quint\u00e9 et une troisi\u00e8me victoire en France.<\/p>\n<p>\ud83c\udfc1: 6 &#8211; 10 &#8211; 9 &#8211; 14 &#8211; 7 <a href=\"https:\/\/t.co\/KDYNuA3Btv\" rel=\"nofollow\">pic.twitter.com\/KDYNuA3Btv<\/a><\/p>\n<p>\u2014 Equidia (@equidia) <a href=\"https:\/\/twitter.com\/equidia\/status\/1989413559248486619?ref_src=twsrc%5Etfw\" rel=\"nofollow noopener\" target=\"_blank\">November 14, 2025<\/a><\/p><\/blockquote>\n<p class=\"paragraph text_align_left lp-f-body-02\">\u00c0 distance du net laur\u00e9at, Kaxig In (n\u00b0 10) et <a href=\"https:\/\/www.leparisien.fr\/sports\/hippisme\/quinte-du-vendredi-14-novembre-a-vincennes-tout-sourit-a-franck-ouvrie-pret-a-realiser-une-saison-record-13-11-2025-YSNN2D6KVVBL3C3PCHJJJ73PLU.php\" target=\"_blank\" rel=\"noreferrer nofollow noopener\">Franck Ouvrie<\/a>, qui n\u2019avait pas cach\u00e9 sa confiance dans <a href=\"https:\/\/www.kiosque.leparisien.fr\/\" target=\"_blank\" rel=\"noreferrer nofollow noopener\">notre \u00e9dition du 13 novembre<\/a>, se sont empar\u00e9s d\u2019un excellent premier accessit, acquis aux d\u00e9pens Dayak (n\u00b0 9), dont le parcours a \u00e9t\u00e9 optimis\u00e9 par <a href=\"https:\/\/www.leparisien.fr\/sports\/hippisme\/quinte-du-12-juillet-a-enghien-gabriele-gelormini-serein-et-plus-efficace-avant-de-driver-jideo-street-et-hohneck-11-07-2025-DNTPZAUFYFCHDI22TB32CWSHNA.php\" target=\"_blank\" rel=\"noreferrer nofollow noopener\">Gabriele Gelormini<\/a>, et de Diva des Ronco (n\u00b0 14), qui a d\u00fb slalomer pour pleinement s\u2019exprimer. Courageuse, Jouvence de Carel (n\u00b0 7), d\u00e9j\u00e0 sollicit\u00e9e \u00e0 l\u2019intersection des pistes, d\u00e9croche la cinqui\u00e8me place.<\/p>\n<p><script async src=\"https:\/\/platform.twitter.com\/widgets.js\" charset=\"utf-8\"><\/script><\/p>\n","protected":false},"excerpt":{"rendered":"Arriv\u00e9e du quint\u00e9 : 6 &#8211; 10 &#8211; 9 &#8211; 14 &#8211; 7 M\u00eame si l\u2019hippodrome de Paris-Vincennes&hellip;\n","protected":false},"author":2,"featured_media":534414,"comment_status":"","ping_status":"","sticky":false,"template":"","format":"standard","meta":{"footnotes":""},"categories":[1888],"tags":[11,1777,674,1011,27,11462,12,626,25,60],"class_list":{"0":"post-534413","1":"post","2":"type-post","3":"status-publish","4":"format-standard","5":"has-post-thumbnail","7":"category-paris","8":"tag-actualites","9":"tag-eu","10":"tag-europe","11":"tag-fr","12":"tag-france","13":"tag-hippisme","14":"tag-news","15":"tag-paris","16":"tag-republique-francaise","17":"tag-sports"},"share_on_mastodon":{"url":"https:\/\/pubeurope.com\/@fr\/115549868149327770","error":""},"_links":{"self":[{"href":"https:\/\/www.europesays.com\/fr\/wp-json\/wp\/v2\/posts\/534413","targetHints":{"allow":["GET"]}}],"collection":[{"href":"https:\/\/www.europesays.com\/fr\/wp-json\/wp\/v2\/posts"}],"about":[{"href":"https:\/\/www.europesays.com\/fr\/wp-json\/wp\/v2\/types\/post"}],"author":[{"embeddable":true,"href":"https:\/\/www.europesays.com\/fr\/wp-json\/wp\/v2\/users\/2"}],"replies":[{"embeddable":true,"href":"https:\/\/www.europesays.com\/fr\/wp-json\/wp\/v2\/comments?post=534413"}],"version-history":[{"count":0,"href":"https:\/\/www.europesays.com\/fr\/wp-json\/wp\/v2\/posts\/534413\/revisions"}],"wp:featuredmedia":[{"embeddable":true,"href":"https:\/\/www.europesays.com\/fr\/wp-json\/wp\/v2\/media\/534414"}],"wp:attachment":[{"href":"https:\/\/www.europesays.com\/fr\/wp-json\/wp\/v2\/media?parent=534413"}],"wp:term":[{"taxonomy":"category","embeddable":true,"href":"https:\/\/www.europesays.com\/fr\/wp-json\/wp\/v2\/categories?post=534413"},{"taxonomy":"post_tag","embeddable":true,"href":"https:\/\/www.europesays.com\/fr\/wp-json\/wp\/v2\/tags?post=534413"}],"curies":[{"name":"wp","href":"https:\/\/api.w.org\/{rel}","templated":true}]}}