{"id":534420,"date":"2025-11-14T20:13:11","date_gmt":"2025-11-14T20:13:11","guid":{"rendered":"https:\/\/www.europesays.com\/fr\/534420\/"},"modified":"2025-11-14T20:13:11","modified_gmt":"2025-11-14T20:13:11","slug":"charles-iii-est-determine-a-assumer-ses-fonctions-de-roi-malgre-son-cancer","status":"publish","type":"post","link":"https:\/\/www.europesays.com\/fr\/534420\/","title":{"rendered":"Charles III est d\u00e9termin\u00e9 \u00e0 assumer ses fonctions de roi malgr\u00e9 son cancer"},"content":{"rendered":"<p><a href=\"https:\/\/www.20minutes.fr\/dossier\/prince_charles\" target=\"_blank\" class=\"c-link c-link--is-underlined\" rel=\"noopener\">Charles III<\/a> a f\u00eat\u00e9 son 77e anniversaire au pays de Galles, sous la pluie, en inaugurant un d\u00e9p\u00f4t ferroviaire et en c\u00e9l\u00e9brant le bicentenaire du ch\u00e2teau de Cyfarthfa. Une nouvelle journ\u00e9e charg\u00e9e dans un calendrier qui n\u2019a cess\u00e9 de se densifier depuis l\u2019annonce de sa maladie en f\u00e9vrier\u00a02024. Selon le Daily Express, Charles III a m\u00eame enregistr\u00e9 cette ann\u00e9e un nombre record d\u2019engagements depuis son accession au tr\u00f4ne en\u00a02022, d\u00e9jouant les rumeurs persistantes sur un affaiblissement.<\/p>\n<p>Malgr\u00e9 les soins, le roi maintient une diplomatie active\u00a0: r\u00e9ception de <a href=\"https:\/\/www.20minutes.fr\/dossier\/donald_trump\" target=\"_blank\" class=\"c-link c-link--is-underlined\" rel=\"noopener\">Donald Trump<\/a> en septembre \u00e0 Windsor sur recommandation de <a href=\"https:\/\/www.20minutes.fr\/monde\/keir-starmer\/\" target=\"_blank\" class=\"c-link c-link--is-underlined\" rel=\"noopener\">Keir Starmer<\/a>, d\u00e9placements au Canada, puis au Vatican pour une pri\u00e8re in\u00e9dite avec le pape L\u00e9on XIV. Pour tenir le rythme, Charles III a toutefois ajust\u00e9 son quotidien, conc\u00e9dant \u00ab\u00a0essayer de faire de la gymnastique \u2013 deux fois par jour\u00a0\u00bb et s\u2019autoriser d\u00e9sormais \u00ab\u00a0la sieste l\u2019apr\u00e8s-midi\u00a0\u00bb.<\/p>\n<\/p>\n<p>La monarchie pr\u00e9pare tout de m\u00eame la transition<\/p>\n<p>Ces derniers mois ont aussi \u00e9t\u00e9 marqu\u00e9s par la gestion des crises familiales. Le souverain a notamment tranch\u00e9 dans l\u2019affaire Andrew, li\u00e9e au scandale Epstein, en lui retirant son titre de prince et sa r\u00e9sidence de Windsor, une d\u00e9cision in\u00e9dite depuis des d\u00e9cennies.<\/p>\n<p><a href=\"https:\/\/www.20minutes.fr\/dossier\/monarchie\" target=\"_blank\" class=\"c-link c-btn c-btn--primary\" rel=\"noopener\">Notre dossier sur la monarchie<\/a><\/p>\n<p>Si Charles III reste tr\u00e8s pr\u00e9sent, la transition se pr\u00e9pare d\u00e9j\u00e0. Le prince William, 43 ans, largement pl\u00e9biscit\u00e9 par les Britanniques, veut \u00ab\u00a0apporter un peu de changement\u00a0\u00bb \u00e0 la monarchie. Sa r\u00e9cente visite au Br\u00e9sil pour la COP30 illustre son ambition d\u2019endosser progressivement le r\u00f4le environnemental port\u00e9 depuis toujours par son p\u00e8re, tandis que le couple qu\u2019il forme avec Kate incarne l\u2019avenir de la famille royale.<\/p>\n","protected":false},"excerpt":{"rendered":"Charles III a f\u00eat\u00e9 son 77e anniversaire au pays de Galles, sous la pluie, en inaugurant un d\u00e9p\u00f4t&hellip;\n","protected":false},"author":2,"featured_media":534421,"comment_status":"","ping_status":"","sticky":false,"template":"","format":"standard","meta":{"footnotes":""},"categories":[1588],"tags":[47,11,29983,101,581,1777,674,226,17380,74,12,3936,473,1853,1851,1850,1852],"class_list":{"0":"post-534420","1":"post","2":"type-post","3":"status-publish","4":"format-standard","5":"has-post-thumbnail","7":"category-royaume-uni","8":"tag-actualite","9":"tag-actualites","10":"tag-buckingham-palace","11":"tag-cancer","12":"tag-charles-iii","13":"tag-eu","14":"tag-europe","15":"tag-maladie","16":"tag-monarchie","17":"tag-monde","18":"tag-news","19":"tag-prince-william","20":"tag-royaume-uni","21":"tag-royaume-uni-de-grande-bretagne-et-dirlande-du-nord","22":"tag-uk","23":"tag-united-kingdom","24":"tag-united-kingdom-of-great-britain-and-northern-ireland"},"share_on_mastodon":{"url":"https:\/\/pubeurope.com\/@fr\/115549883982402676","error":""},"_links":{"self":[{"href":"https:\/\/www.europesays.com\/fr\/wp-json\/wp\/v2\/posts\/534420","targetHints":{"allow":["GET"]}}],"collection":[{"href":"https:\/\/www.europesays.com\/fr\/wp-json\/wp\/v2\/posts"}],"about":[{"href":"https:\/\/www.europesays.com\/fr\/wp-json\/wp\/v2\/types\/post"}],"author":[{"embeddable":true,"href":"https:\/\/www.europesays.com\/fr\/wp-json\/wp\/v2\/users\/2"}],"replies":[{"embeddable":true,"href":"https:\/\/www.europesays.com\/fr\/wp-json\/wp\/v2\/comments?post=534420"}],"version-history":[{"count":0,"href":"https:\/\/www.europesays.com\/fr\/wp-json\/wp\/v2\/posts\/534420\/revisions"}],"wp:featuredmedia":[{"embeddable":true,"href":"https:\/\/www.europesays.com\/fr\/wp-json\/wp\/v2\/media\/534421"}],"wp:attachment":[{"href":"https:\/\/www.europesays.com\/fr\/wp-json\/wp\/v2\/media?parent=534420"}],"wp:term":[{"taxonomy":"category","embeddable":true,"href":"https:\/\/www.europesays.com\/fr\/wp-json\/wp\/v2\/categories?post=534420"},{"taxonomy":"post_tag","embeddable":true,"href":"https:\/\/www.europesays.com\/fr\/wp-json\/wp\/v2\/tags?post=534420"}],"curies":[{"name":"wp","href":"https:\/\/api.w.org\/{rel}","templated":true}]}}