{"id":534422,"date":"2025-11-14T20:14:14","date_gmt":"2025-11-14T20:14:14","guid":{"rendered":"https:\/\/www.europesays.com\/fr\/534422\/"},"modified":"2025-11-14T20:14:14","modified_gmt":"2025-11-14T20:14:14","slug":"direct-pologne-pays-bas-luxembourg-allemagne-croatie-iles-feroe-suivez-les-qualifications-a-la-coupe-du-monde-2026-de-la-zone-europe-en-live","status":"publish","type":"post","link":"https:\/\/www.europesays.com\/fr\/534422\/","title":{"rendered":"DIRECT. Pologne-Pays-Bas, Luxembourg-Allemagne, Croatie-Iles F\u00e9ro\u00e9&#8230; suivez les qualifications \u00e0 la Coupe du monde 2026 de la zone Europe en live"},"content":{"rendered":"<p>La Croatie \u00e9galise !<\/p>\n<p>La r\u00e9ponse ne s&rsquo;est pas faite attendre pour les Croates, qui \u00e9galisent d&rsquo;une belle frappe crois\u00e9e de Gvardiol. Pour l&rsquo;instant, revoici la Croatie qualifi\u00e9e.<\/p>\n<p><strong>Croatie-\u00celes F\u00e9ro\u00e9: 1-1<\/strong><\/p>\n<p>L&rsquo;OUVERTURE DU SCORE DES \u00ceLES F\u00c9RO\u00c9 !<\/p>\n<p>Il suffisait de dire \u00e7a pour que les \u00celes F\u00e9ro\u00e9 ouvrent le score ! Apr\u00e8s un raid solitaire, Turi voit sa frappe contr\u00e9e mais \u00e7a finit au fond des filets ! Pour l&rsquo;instant, les F\u00e9ro\u00e9 sont 2es de leur groupe et donc qualifi\u00e9s pour les barrages. Mais cette petite nation (moins de 55.000 habitants) dispute son dernier match de qualification et n&rsquo;a donc pas son destion entre ses mains.<\/p>\n<p>Ce but a une cons\u00e9quence directe pour la Croatie, qui n&rsquo;est plus qualifi\u00e9e.<\/p>\n<p><strong>Croatie-\u00celes F\u00e9ro\u00e9: 0-1<\/strong><\/p>\n<p>A l&rsquo;instant T, la Croatie est qualifi\u00e9e<\/p>\n<p>S&rsquo;il y a toujours 0-0 entre la Croatie et les \u00celes F\u00e9ro\u00e9, les Croates valident bien leur billet pour la Coupe du monde.<\/p>\n<p>C&rsquo;est parti sur toutes les pelouses !<\/p>\n<p>On vous remet le programme:<\/p>\n<ul class=\"list_unordered\">\n<li>Croatie-Iles-F\u00e9ro\u00e9<\/li>\n<li>Gibraltar-Mont\u00e9n\u00e9gro<\/li>\n<li>Luxembourg-Allemagne<\/li>\n<li>Pologne-Pays-Bas<\/li>\n<li>Slovaquie-Irlande du Nord<\/li>\n<\/ul>\n<p>Les Pays-Bas et la Croatie peuvent se qualifier<\/p>\n<p>Comme la France, qui a valid\u00e9 son billet pour le Mondial 2026 jeudi face \u00e0 l&rsquo;Ukraine, <a href=\"https:\/\/rmcsport.bfmtv.com\/football\/coupe-du-monde\/qualifications\/espagne-portugal-pays-bas-comme-les-bleus-ces-gros-d-europe-peuvent-valider-leur-qualifications-a-la-coupe-du-monde-2026-dans-les-prochaines-heures_AV-202511130368.html\" title=\"Espagne, Portugal, Allemagne, Pays-Bas: comme les Bleus, ces gros d&#039;Europe peuvent valider leur qualifications \u00e0 la Coupe du monde 2026 dans les prochaines heures\" class=\"internal_link\" target=\"_blank\" rel=\"noopener\">deux nations peuvent officiellement se qualifier ce vendredi soir<\/a>: les Pays-Bas (en cas de victoire contre la Pologne) et la Croatie (si elle ne perd pas comme les Iles F\u00e9ro\u00e9).<\/p>\n<p>Six matchs au programme ce vendredi soir<\/p>\n<p>Apr\u00e8s un premier match entre la Finlande et Malte (en cours depuis 18h), cinq rencontres seront au programme \u00e0 partir de 20h45:<\/p>\n<ul class=\"list_unordered\">\n<li>Croatie-Iles-F\u00e9ro\u00e9<\/li>\n<li>Gibraltar-Mont\u00e9n\u00e9gro<\/li>\n<li>Luxembourg-Allemagne<\/li>\n<li>Pologne-Pays-Bas<\/li>\n<li>Slovaquie-Irlande du Nord<\/li>\n<\/ul>\n<p>Bonjour \u00e0 tous<\/p>\n<p>Bienvenue sur le site et l&rsquo;application de RMC Sport pour suivre en direct les matchs de <a href=\"https:\/\/rmcsport.bfmtv.com\/football\/coupe-du-monde\/qualifications\/\" target=\"_blank\" class=\"external_link\" rel=\"noopener\">qualifications \u00e0 la Coupe du monde 2026<\/a> de la zone Europe.<\/p>\n","protected":false},"excerpt":{"rendered":"La Croatie \u00e9galise ! La r\u00e9ponse ne s&rsquo;est pas faite attendre pour les Croates, qui \u00e9galisent d&rsquo;une belle&hellip;\n","protected":false},"author":2,"featured_media":534423,"comment_status":"","ping_status":"","sticky":false,"template":"","format":"standard","meta":{"footnotes":""},"categories":[1587],"tags":[11,672,1804,1805,1803,1777,674,1801,12,1802],"class_list":{"0":"post-534422","1":"post","2":"type-post","3":"status-publish","4":"format-standard","5":"has-post-thumbnail","7":"category-allemagne","8":"tag-actualites","9":"tag-allemagne","10":"tag-bundesrepublik-deutschland","11":"tag-de","12":"tag-deutschland","13":"tag-eu","14":"tag-europe","15":"tag-germany","16":"tag-news","17":"tag-republique-federale-dallemagne"},"share_on_mastodon":{"url":"https:\/\/pubeurope.com\/@fr\/115549887793783871","error":""},"_links":{"self":[{"href":"https:\/\/www.europesays.com\/fr\/wp-json\/wp\/v2\/posts\/534422","targetHints":{"allow":["GET"]}}],"collection":[{"href":"https:\/\/www.europesays.com\/fr\/wp-json\/wp\/v2\/posts"}],"about":[{"href":"https:\/\/www.europesays.com\/fr\/wp-json\/wp\/v2\/types\/post"}],"author":[{"embeddable":true,"href":"https:\/\/www.europesays.com\/fr\/wp-json\/wp\/v2\/users\/2"}],"replies":[{"embeddable":true,"href":"https:\/\/www.europesays.com\/fr\/wp-json\/wp\/v2\/comments?post=534422"}],"version-history":[{"count":0,"href":"https:\/\/www.europesays.com\/fr\/wp-json\/wp\/v2\/posts\/534422\/revisions"}],"wp:featuredmedia":[{"embeddable":true,"href":"https:\/\/www.europesays.com\/fr\/wp-json\/wp\/v2\/media\/534423"}],"wp:attachment":[{"href":"https:\/\/www.europesays.com\/fr\/wp-json\/wp\/v2\/media?parent=534422"}],"wp:term":[{"taxonomy":"category","embeddable":true,"href":"https:\/\/www.europesays.com\/fr\/wp-json\/wp\/v2\/categories?post=534422"},{"taxonomy":"post_tag","embeddable":true,"href":"https:\/\/www.europesays.com\/fr\/wp-json\/wp\/v2\/tags?post=534422"}],"curies":[{"name":"wp","href":"https:\/\/api.w.org\/{rel}","templated":true}]}}