{"id":534430,"date":"2025-11-14T20:18:17","date_gmt":"2025-11-14T20:18:17","guid":{"rendered":"https:\/\/www.europesays.com\/fr\/534430\/"},"modified":"2025-11-14T20:18:17","modified_gmt":"2025-11-14T20:18:17","slug":"couper-cette-sale-tete-entre-le-japon-et-la-chine-un-debut-de-mandat-sous-haute-tension-autour-de-taiwan","status":"publish","type":"post","link":"https:\/\/www.europesays.com\/fr\/534430\/","title":{"rendered":"\u00ab\u00a0Couper cette sale t\u00eate\u00a0\u00bb\u2026 Entre le Japon et la Chine, un d\u00e9but de mandat sous haute tension autour de Ta\u00efwan"},"content":{"rendered":"<p>Menace de \u00ab\u00a0couper cette sale t\u00eate\u00a0\u00bb, convocation d\u2019ambassadeur, accusations de \u00ab\u00a0propos erron\u00e9s\u00a0\u00bb\u2026 Les relations diplomatiques entre le <a href=\"https:\/\/www.20minutes.fr\/dossier\/japon\" class=\"c-link c-link--is-underlined\" target=\"_blank\" rel=\"noopener\">Japon <\/a>et la Chine entrent en pleine zone de turbulences. Vendredi dernier, la nouvelle Premi\u00e8re ministre japonaise a affirm\u00e9 devant le Parlement nippon qu\u2019une situation d\u2019urgence \u00e0 Ta\u00efwan impliquant \u00ab\u00a0le d\u00e9ploiement de navires de guerre et le recours \u00e0 la force pourrait constituer une menace pour la survie du pays\u00a0\u00bb.<\/p>\n<p>Pour beaucoup, Sanae Takaichi affirmait ainsi qu\u2019une attaque sur l\u2019\u00eele, dont la <a href=\"https:\/\/www.20minutes.fr\/dossier\/chine\" class=\"c-link c-link--is-underlined\" target=\"_blank\" rel=\"noopener\">Chine <\/a>revendique la souverainet\u00e9, pourrait pousser le Japon \u00e0 soutenir militairement l\u2019\u00eele, en invoquant la \u00ab\u00a0l\u00e9gitime d\u00e9fense collective\u00a0\u00bb d\u2019une loi de\u00a02015. \u00ab\u00a0En disant que l\u2019archipel consid\u00e9rerait une attaque sur Ta\u00efwan comme un enjeu de s\u00e9curit\u00e9 et d\u2019existence m\u00eame du Japon, Sanae Takaichi formule ce que tout le monde savait d\u00e9j\u00e0, sans jamais le dire ouvertement pour autant\u00a0\u00bb, d\u00e9crypte Jean-Philippe B\u00e9ja, directeur de recherche \u00e9m\u00e9rite au CNRS.<\/p>\n<\/p>\n<p>Le fait que le Japon serait partie prenante d\u2019un conflit en cas d\u2019invasion chinoise de <a href=\"https:\/\/www.20minutes.fr\/dossier\/taiwan\" class=\"c-link c-link--is-underlined\" target=\"_blank\" rel=\"noopener\">Ta\u00efwan<\/a>, \u00ab\u00a0c\u2019est ce que pensaient d\u00e9j\u00e0 beaucoup d\u2019observateurs\u00a0\u00bb, abonde Mathieu Duch\u00e2tel. Pour le directeur du programme Asie \u00e0 l\u2019Institut Montaigne, la Premi\u00e8re ministre japonaise glisse d\u2019une ambigu\u00eft\u00e9 strat\u00e9gique vers une clart\u00e9 strat\u00e9gique avec ses propos.<\/p>\n<p>Quand la Chine hausse (trop) le ton<\/p>\n<p>Alors que P\u00e9kin aff\u00fbte ses couteaux et t\u00e2te r\u00e9guli\u00e8rement le terrain d\u2019une \u00e9ventuelle prise militaire de Ta\u00efwan, la fermet\u00e9 de Tokyo agace l\u2019Empire du milieu. Le consul g\u00e9n\u00e9ral de Chine \u00e0 Osaka, <a href=\"https:\/\/www.bbc.com\/news\/articles\/crklvx2n7rzo\" target=\"_blank\" class=\"c-link c-link--is-underlined\" rel=\"noopener\">Xue Jian, a menac\u00e9 sur X de \u00ab\u00a0couper cette sale t\u00eate sans la moindre h\u00e9sitation\u00a0\u00bb<\/a>, avant que son message ne soit rapidement supprim\u00e9. Tokyo a bien entendu protest\u00e9, fustigeant un commentaire \u00ab\u00a0extr\u00eamement d\u00e9plac\u00e9\u00a0\u00bb. Dans l\u2019Empire du milieu, si la presse d\u2019Etat peut tirer \u00e0 boulets rouges, les officiels se montrent g\u00e9n\u00e9ralement plus prudents. \u00ab\u00a0Il y a eu r\u00e9trop\u00e9dalage, car \u00e7a ne donne pas l\u2019image d\u2019un pays responsable et mesur\u00e9\u00a0\u00bb malgr\u00e9 <a href=\"https:\/\/www.20minutes.fr\/monde\/chine\/4107190-20240828-japon-philippines-taiwan-pourquoi-chine-cherche-noises-voisins\" class=\"c-link c-link--is-underlined\" target=\"_blank\" rel=\"noopener\">des alternances entre tension et d\u00e9tente<\/a>, glisse Jean-Philippe B\u00e9ja.<\/p>\n<p>Les deux puissances asiatiques partagent une histoire houleuse. \u00ab\u00a0L\u2019histoire est extr\u00eamement complexe entre les deux pays, rappelle Jean-Philippe B\u00e9ja. Ta\u00efwan \u00e9tait une colonie japonaise et la Seconde Guerre mondiale a laiss\u00e9 des traces.\u00a0\u00bb Tokyo a en effet envahi une grande partie de la Chine dans les ann\u00e9es\u00a01930 et multipli\u00e9 les crimes de guerre dans la r\u00e9gion. Et, contrairement \u00e0 l\u2019Allemagne, le pays n\u2019a jamais reconnu ses exactions. En cons\u00e9quence, les <a href=\"https:\/\/www.20minutes.fr\/monde\/chine\/4111892-20240925-meurtre-enfant-japonais-chine-sentiment-anti-japonais-existe-depuis-longtemps-pays\" class=\"c-link c-link--is-underlined\" target=\"_blank\" rel=\"noopener\">cicatrices restent vives pour les populations<\/a>. Toutefois, \u00ab\u00a0ce ne sont pas les querelles historiques qui fa\u00e7onnent la politique, mais la politique qui choisit de mobiliser les querelles historiques qui peuvent lui servir\u00a0\u00bb, rappelle le sp\u00e9cialiste.<\/p>\n<p>Sanae Takaichi refuse de se \u00ab\u00a0coucher\u00a0\u00bb face \u00e0 la Chine<\/p>\n<p>Le parti communiste chinois veut aussi tester les limites de cette nouvelle dirigeante, au pouvoir depuis moins d\u2019un mois dans l\u2019archipel. Son \u00e9lection n\u2019augurait pas un apaisement entre les deux pays. \u00ab\u00a0Elle est cat\u00e9goris\u00e9e par P\u00e9kin comme une Premi\u00e8re ministre tr\u00e8s dure sur le sujet chinois. Apr\u00e8s sa victoire, elle n\u2019a m\u00eame pas re\u00e7u de t\u00e9l\u00e9gramme de f\u00e9licitations de la part de <a href=\"https:\/\/www.20minutes.fr\/dossier\/xi_jinping\" class=\"c-link c-link--is-underlined\" target=\"_blank\" rel=\"noopener\">Xi Jinping<\/a>\u00a0\u00bb, rappelle Mathieu Duch\u00e2tel.<\/p>\n<p>Avec l\u2019ancien Premier ministre Fumio Kishida, la relation sino-japonaise \u00e9tait entr\u00e9e dans un moment de relative stabilit\u00e9. Mais Sanae Takaichi porte l\u2019h\u00e9ritage de l\u2019ancien Premier ministre japonais <a href=\"https:\/\/www.20minutes.fr\/dossier\/shinzo_abe\" class=\"c-link c-link--is-underlined\" target=\"_blank\" rel=\"noopener\">Shinzo Abe<\/a>, assassin\u00e9 en\u00a02022 et lui-m\u00eame particuli\u00e8rement dur vis-\u00e0-vis de la Chine. Elle s\u2019inscrit dans ce grand tournant, celui de participer activement \u00e0 la politique de dissuasion des Etats-Unis sur Ta\u00efwan\u00a0\u00bb, souligne Mathieu Duch\u00e2tel.<\/p>\n<p>Alors que l\u2019administration Trump fait porter le risque d\u2019un \u00ab\u00a0abandon de l\u2019\u00eele par les Etats-Unis, ces d\u00e9clarations sont donc un moyen pour le Japon de rassurer les Ta\u00efwanais et de mettre en garde la Chine\u00a0\u00bb, d\u00e9veloppe Jean-Philippe B\u00e9ja. C\u2019est aussi une fa\u00e7on pour Sanae Takaichi de montrer qu\u2019elle \u00ab\u00a0ne se couchera pas devant P\u00e9kin\u00a0\u00bb. Une tactique importante pour son image \u00e0 l\u2019int\u00e9rieur du pays et, surtout, calcul\u00e9e. Dans ce conflit tr\u00e8s \u00ab\u00a0r\u00e9gl\u00e9\u00a0\u00bb, Jean-Philippe B\u00e9ja se veut donc rassurant\u00a0: \u00ab\u00a0Une guerre sino-japonaise n\u2019est absolument pas sur la table.\u00a0\u00bb<\/p>\n","protected":false},"excerpt":{"rendered":"Menace de \u00ab\u00a0couper cette sale t\u00eate\u00a0\u00bb, convocation d\u2019ambassadeur, accusations de \u00ab\u00a0propos erron\u00e9s\u00a0\u00bb\u2026 Les relations diplomatiques entre le Japon&hellip;\n","protected":false},"author":2,"featured_media":534431,"comment_status":"","ping_status":"","sticky":false,"template":"","format":"standard","meta":{"footnotes":""},"categories":[2],"tags":[47,11,6060,309,1011,27,2070,74,12,25,22053],"class_list":{"0":"post-534430","1":"post","2":"type-post","3":"status-publish","4":"format-standard","5":"has-post-thumbnail","7":"category-actualites","8":"tag-actualite","9":"tag-actualites","10":"tag-asie","11":"tag-chine","12":"tag-fr","13":"tag-france","14":"tag-japon","15":"tag-monde","16":"tag-news","17":"tag-republique-francaise","18":"tag-taiwan"},"share_on_mastodon":{"url":"https:\/\/pubeurope.com\/@fr\/115549903652178027","error":""},"_links":{"self":[{"href":"https:\/\/www.europesays.com\/fr\/wp-json\/wp\/v2\/posts\/534430","targetHints":{"allow":["GET"]}}],"collection":[{"href":"https:\/\/www.europesays.com\/fr\/wp-json\/wp\/v2\/posts"}],"about":[{"href":"https:\/\/www.europesays.com\/fr\/wp-json\/wp\/v2\/types\/post"}],"author":[{"embeddable":true,"href":"https:\/\/www.europesays.com\/fr\/wp-json\/wp\/v2\/users\/2"}],"replies":[{"embeddable":true,"href":"https:\/\/www.europesays.com\/fr\/wp-json\/wp\/v2\/comments?post=534430"}],"version-history":[{"count":0,"href":"https:\/\/www.europesays.com\/fr\/wp-json\/wp\/v2\/posts\/534430\/revisions"}],"wp:featuredmedia":[{"embeddable":true,"href":"https:\/\/www.europesays.com\/fr\/wp-json\/wp\/v2\/media\/534431"}],"wp:attachment":[{"href":"https:\/\/www.europesays.com\/fr\/wp-json\/wp\/v2\/media?parent=534430"}],"wp:term":[{"taxonomy":"category","embeddable":true,"href":"https:\/\/www.europesays.com\/fr\/wp-json\/wp\/v2\/categories?post=534430"},{"taxonomy":"post_tag","embeddable":true,"href":"https:\/\/www.europesays.com\/fr\/wp-json\/wp\/v2\/tags?post=534430"}],"curies":[{"name":"wp","href":"https:\/\/api.w.org\/{rel}","templated":true}]}}