{"id":534434,"date":"2025-11-14T20:21:12","date_gmt":"2025-11-14T20:21:12","guid":{"rendered":"https:\/\/www.europesays.com\/fr\/534434\/"},"modified":"2025-11-14T20:21:12","modified_gmt":"2025-11-14T20:21:12","slug":"beach-volley-le-reunionnais-joadel-genevieve-sacre-champion-deurope-avec-le-re-beach-club","status":"publish","type":"post","link":"https:\/\/www.europesays.com\/fr\/534434\/","title":{"rendered":"Beach-volley\u00a0: le R\u00e9unionnais Joadel Genevieve sacr\u00e9 champion d\u2019Europe avec le R\u00e9 Beach Club"},"content":{"rendered":"<p>La semaine derni\u00e8re, le R\u00e9 Beach Club est devenu le premier club fran\u00e7ais \u00e0 remporter la Coupe d\u2019Europe des clubs 2025 \u00e0 H\u00e9raklion en Gr\u00e8ce avec le joeur R\u00e9unionnais Joadel Genevieve Gardoque.<\/p>\n<p style=\"text-align: justify;\">Port\u00e9s par une phase de poules parfaite puis une demi-finale ma\u00eetris\u00e9e, les joueurs du\u00a0R\u00e9 Beach Club ont d\u00e9croch\u00e9 la victoire au terme d\u2019une finale haletante face aux N\u00e9erlandais du ZVH Zevenhuizen. Tout s\u2019est jou\u00e9 au set en or, remport\u00e9 16-14 par Niels Philippe Daniel et le R\u00e9unionnais\u00a0Joadel Genevieve Gardoque. Ce sacre europ\u00e9en vient couronner une saison exceptionnelle apr\u00e8s le succ\u00e8s en Coupe de France.<\/p>\n<p style=\"text-align: justify;\">Apr\u00e8s la victoire,\u00a0Joadel Genevieve Gardoque a r\u00e9agi sur les r\u00e9seaux sociaux\u00a0: \u00ab\u00a0Je ressens une fiert\u00e9 \u00e9norme. Fiert\u00e9 pour ce groupe d\u2019amis, pour notre club, et bien s\u00fbr pour mon \u00eele. Parce que dans chaque saut, dans chaque cri, dans chaque sourire, il y avait un bout de chez moi.\u00a0La R\u00e9union l\u00e9 l\u00e0 , et elle brille jusque sur le sable europ\u00e9en.\u00a0\u00bb<\/p>\n<p style=\"text-align: justify;\">Le joueur r\u00e9unionnais sera \u00e9galement pr\u00e9sent le mois prochain \u00e0 La R\u00e9union \u00e0 l\u2019occasion du\u00a0\u201cR\u00e9nyon\u00e9 dan Sab \u2013 Festi Beach\u201d, comme le pr\u00e9cise la ville de Saint-Pierre.\u00a0<\/p>\n","protected":false},"excerpt":{"rendered":"La semaine derni\u00e8re, le R\u00e9 Beach Club est devenu le premier club fran\u00e7ais \u00e0 remporter la Coupe d\u2019Europe&hellip;\n","protected":false},"author":2,"featured_media":534435,"comment_status":"","ping_status":"","sticky":false,"template":"","format":"standard","meta":{"footnotes":""},"categories":[1417],"tags":[47,1011,27,6335,1922,6336,7224,104,60,1470,1469],"class_list":{"0":"post-534434","1":"post","2":"type-post","3":"status-publish","4":"format-standard","5":"has-post-thumbnail","7":"category-volley","8":"tag-actualite","9":"tag-fr","10":"tag-france","11":"tag-home-page","12":"tag-info","13":"tag-la-reunion","14":"tag-newsletter-soir","15":"tag-societe","16":"tag-sports","17":"tag-volley","18":"tag-volleyball"},"share_on_mastodon":{"url":"https:\/\/pubeurope.com\/@fr\/115549915423859417","error":""},"_links":{"self":[{"href":"https:\/\/www.europesays.com\/fr\/wp-json\/wp\/v2\/posts\/534434","targetHints":{"allow":["GET"]}}],"collection":[{"href":"https:\/\/www.europesays.com\/fr\/wp-json\/wp\/v2\/posts"}],"about":[{"href":"https:\/\/www.europesays.com\/fr\/wp-json\/wp\/v2\/types\/post"}],"author":[{"embeddable":true,"href":"https:\/\/www.europesays.com\/fr\/wp-json\/wp\/v2\/users\/2"}],"replies":[{"embeddable":true,"href":"https:\/\/www.europesays.com\/fr\/wp-json\/wp\/v2\/comments?post=534434"}],"version-history":[{"count":0,"href":"https:\/\/www.europesays.com\/fr\/wp-json\/wp\/v2\/posts\/534434\/revisions"}],"wp:featuredmedia":[{"embeddable":true,"href":"https:\/\/www.europesays.com\/fr\/wp-json\/wp\/v2\/media\/534435"}],"wp:attachment":[{"href":"https:\/\/www.europesays.com\/fr\/wp-json\/wp\/v2\/media?parent=534434"}],"wp:term":[{"taxonomy":"category","embeddable":true,"href":"https:\/\/www.europesays.com\/fr\/wp-json\/wp\/v2\/categories?post=534434"},{"taxonomy":"post_tag","embeddable":true,"href":"https:\/\/www.europesays.com\/fr\/wp-json\/wp\/v2\/tags?post=534434"}],"curies":[{"name":"wp","href":"https:\/\/api.w.org\/{rel}","templated":true}]}}