{"id":534436,"date":"2025-11-14T20:22:15","date_gmt":"2025-11-14T20:22:15","guid":{"rendered":"https:\/\/www.europesays.com\/fr\/534436\/"},"modified":"2025-11-14T20:22:15","modified_gmt":"2025-11-14T20:22:15","slug":"pro-d2-colomiers-nevers-revivez-le-succes-bonifie-des-columerins-lors-du-match-de-la-11eme-journee","status":"publish","type":"post","link":"https:\/\/www.europesays.com\/fr\/534436\/","title":{"rendered":"Pro D2 \u2013 Colomiers \u2013 Nevers\u00a0: revivez le succ\u00e8s bonifi\u00e9 des Colum\u00e9rins lors du match de la 11\u00e8me journ\u00e9e"},"content":{"rendered":"<p>\n                Bienvenue sur Rugbyrama pour revivre le match comment\u00e9 de la rencontre qui opposait Colomiers et Nevers pour le compte de la 11\u00e8me journ\u00e9e du championnat.\n            <\/p>\n<p>\u00c0 seulement trois points de Vannes au classement, les Colum\u00e9rins voulaient continuer sur leur lanc\u00e9e et se rapprocher du leader.<\/p>\n<p>De son c\u00f4t\u00e9, Nevers voulait engranger un maximum de points pour conserver une place dans le top 6.<\/p>\n<p>M.\u00a0Praderie est l\u2019arbitre de cette rencontre.<\/p>\n","protected":false},"excerpt":{"rendered":"Bienvenue sur Rugbyrama pour revivre le match comment\u00e9 de la rencontre qui opposait Colomiers et Nevers pour le&hellip;\n","protected":false},"author":2,"featured_media":534437,"comment_status":"","ping_status":"","sticky":false,"template":"","format":"standard","meta":{"footnotes":""},"categories":[1416],"tags":[1011,27,479,1468,60],"class_list":{"0":"post-534436","1":"post","2":"type-post","3":"status-publish","4":"format-standard","5":"has-post-thumbnail","7":"category-rugby","8":"tag-fr","9":"tag-france","10":"tag-rugby","11":"tag-rugby-football","12":"tag-sports"},"share_on_mastodon":{"url":"https:\/\/pubeurope.com\/@fr\/115549919259525491","error":""},"_links":{"self":[{"href":"https:\/\/www.europesays.com\/fr\/wp-json\/wp\/v2\/posts\/534436","targetHints":{"allow":["GET"]}}],"collection":[{"href":"https:\/\/www.europesays.com\/fr\/wp-json\/wp\/v2\/posts"}],"about":[{"href":"https:\/\/www.europesays.com\/fr\/wp-json\/wp\/v2\/types\/post"}],"author":[{"embeddable":true,"href":"https:\/\/www.europesays.com\/fr\/wp-json\/wp\/v2\/users\/2"}],"replies":[{"embeddable":true,"href":"https:\/\/www.europesays.com\/fr\/wp-json\/wp\/v2\/comments?post=534436"}],"version-history":[{"count":0,"href":"https:\/\/www.europesays.com\/fr\/wp-json\/wp\/v2\/posts\/534436\/revisions"}],"wp:featuredmedia":[{"embeddable":true,"href":"https:\/\/www.europesays.com\/fr\/wp-json\/wp\/v2\/media\/534437"}],"wp:attachment":[{"href":"https:\/\/www.europesays.com\/fr\/wp-json\/wp\/v2\/media?parent=534436"}],"wp:term":[{"taxonomy":"category","embeddable":true,"href":"https:\/\/www.europesays.com\/fr\/wp-json\/wp\/v2\/categories?post=534436"},{"taxonomy":"post_tag","embeddable":true,"href":"https:\/\/www.europesays.com\/fr\/wp-json\/wp\/v2\/tags?post=534436"}],"curies":[{"name":"wp","href":"https:\/\/api.w.org\/{rel}","templated":true}]}}