{"id":534438,"date":"2025-11-14T20:23:15","date_gmt":"2025-11-14T20:23:15","guid":{"rendered":"https:\/\/www.europesays.com\/fr\/534438\/"},"modified":"2025-11-14T20:23:15","modified_gmt":"2025-11-14T20:23:15","slug":"atp-finals-sinner-veut-garder-le-meme-etat-desprit-sports","status":"publish","type":"post","link":"https:\/\/www.europesays.com\/fr\/534438\/","title":{"rendered":"ATP Finals : Sinner veut garder le m\u00eame \u00e9tat d&rsquo;esprit : Sports"},"content":{"rendered":"<p class=\"date\">\n                                                            Mathieu Warnier, Media365, publi\u00e9 le vendredi 14 novembre 2025 \u00e0 19h20\n                                                    <\/p>\n<p>S&rsquo;il a remport\u00e9 un match sans enjeu face \u00e0 Ben Shelton, Jannik Sinner a confi\u00e9 \u00eatre motiv\u00e9 \u00e0 l&rsquo;id\u00e9e de disputer les demi-finale des ATP Finals et reste m\u00e9fiant vis-\u00e0-vis d&rsquo;Alex de Minaur malgr\u00e9 un bilan \u00e0 sens unique face \u00e0 l&rsquo;Australien.<\/p>\n<p>Jannik Sinner est bien lanc\u00e9. Vainqueur de Ben Shelton en deux sets ce vendredi, le num\u00e9ro 2 mondial reste invaincu dans l&rsquo;\u00e9dition 2025 des ATP Finals avant de retrouver Alex de Minaur ce samedi lors des demi-finales. Une nouvelle phase du tournoi qui ne change visiblement rien pour l&rsquo;Italien, qui consid\u00e8re que \u00ab\u00a0chaque match compte\u00a0\u00bb. \u00ab\u00a0M\u00eame dans les poules, vous jouez pour des points qui vont compter la saison prochaine, a-t-il rappel\u00e9 dans des propos recueillis par le quotidien L&rsquo;Equipe. Alors, non, cette nouvelle \u00e9tape ne change rien pour moi.\u00a0\u00bb<\/p>\n<p>Sinner : \u00ab\u00a0Plus on avance dans le tournoi, plus c&rsquo;est excitant\u00a0\u00bb<\/p>\n<p>S&rsquo;il conc\u00e8de que \u00ab\u00a0les demi-finales, c&rsquo;est le cran au-dessus\u00a0\u00bb, le natif de San Candido assure que \u00ab\u00a0plus on avance dans le tournoi, plus c&rsquo;est excitant\u00a0\u00bb. N\u00e9anmoins, s&rsquo;il est \u00ab\u00a0ravi d&rsquo;\u00eatre un des quatre derniers\u00a0\u00bb en lice \u00e0 Turin, \u00ab\u00a0\u00e7a ne change rien\u00a0\u00bb du point de vue de l&rsquo;\u00e9tat d&rsquo;esprit. Une demi-finale qui le verra affronter ce samedi Alex de Minaur, un adversaire face auquel il n&rsquo;a jamais perdu en dix confrontations, restant sur une r\u00e9cente victoire en demi-finales \u00e0 Vienne. S&rsquo;il admet qu&rsquo;il y a \u00ab\u00a0ce passif en (sa) faveur\u00a0\u00bb, Jannik Sinner assure que l&rsquo;Australien a connu des matchs durant lesquels \u00ab\u00a0il n&rsquo;\u00e9tait pas loin, surtout cette saison\u00a0\u00bb.<\/p>\n<p>Sinner se m\u00e9fie avant d&rsquo;affronter de Minaur<\/p>\n<p>\u00ab\u00a0On verra bien ce qui va se passer ici, a ajout\u00e9 le Transalpin. Il a v\u00e9cu deux d\u00e9faites difficiles qui l&rsquo;ont vraiment atteint, mais il a su rebondir et retrouver un \u00e9tat d&rsquo;esprit tr\u00e8s positif. Cela montre \u00e0 quel point le tennis est difficile et que chaque jour a sa propre v\u00e9rit\u00e9.\u00a0\u00bb Assurant que la victoire acquise par l&rsquo;Australien face \u00e0 Taylor Fritz est \u00ab\u00a0un de ses meilleurs matchs\u00a0cette saison\u00a0\u00bb, Jannik Sinner ne prend pas de haut son adversaire qui a montr\u00e9 \u00ab\u00a0\u00e0 quel point tout pouvait changer d&rsquo;un jour \u00e0 l&rsquo;autre\u00a0\u00bb. \u00ab\u00a0De mon c\u00f4t\u00e9, je suis juste tr\u00e8s content d&rsquo;avoir encore au moins un match \u00e0 jouer devant un public aussi chaleureux, a-t-il conclu. J&rsquo;esp\u00e8re que je pourrai montrer mon meilleur tennis.\u00a0\u00bb Un rendez-vous qui pourrait pr\u00e9figurer une sixi\u00e8me finale avec Carlos Alcaraz en 2025.<\/p>\n","protected":false},"excerpt":{"rendered":"Mathieu Warnier, Media365, publi\u00e9 le vendredi 14 novembre 2025 \u00e0 19h20 S&rsquo;il a remport\u00e9 un match sans enjeu&hellip;\n","protected":false},"author":2,"featured_media":534439,"comment_status":"","ping_status":"","sticky":false,"template":"","format":"standard","meta":{"footnotes":""},"categories":[1415],"tags":[1011,27,60,1467],"class_list":{"0":"post-534438","1":"post","2":"type-post","3":"status-publish","4":"format-standard","5":"has-post-thumbnail","7":"category-tennis","8":"tag-fr","9":"tag-france","10":"tag-sports","11":"tag-tennis"},"share_on_mastodon":{"url":"https:\/\/pubeurope.com\/@fr\/115549923107386461","error":""},"_links":{"self":[{"href":"https:\/\/www.europesays.com\/fr\/wp-json\/wp\/v2\/posts\/534438","targetHints":{"allow":["GET"]}}],"collection":[{"href":"https:\/\/www.europesays.com\/fr\/wp-json\/wp\/v2\/posts"}],"about":[{"href":"https:\/\/www.europesays.com\/fr\/wp-json\/wp\/v2\/types\/post"}],"author":[{"embeddable":true,"href":"https:\/\/www.europesays.com\/fr\/wp-json\/wp\/v2\/users\/2"}],"replies":[{"embeddable":true,"href":"https:\/\/www.europesays.com\/fr\/wp-json\/wp\/v2\/comments?post=534438"}],"version-history":[{"count":0,"href":"https:\/\/www.europesays.com\/fr\/wp-json\/wp\/v2\/posts\/534438\/revisions"}],"wp:featuredmedia":[{"embeddable":true,"href":"https:\/\/www.europesays.com\/fr\/wp-json\/wp\/v2\/media\/534439"}],"wp:attachment":[{"href":"https:\/\/www.europesays.com\/fr\/wp-json\/wp\/v2\/media?parent=534438"}],"wp:term":[{"taxonomy":"category","embeddable":true,"href":"https:\/\/www.europesays.com\/fr\/wp-json\/wp\/v2\/categories?post=534438"},{"taxonomy":"post_tag","embeddable":true,"href":"https:\/\/www.europesays.com\/fr\/wp-json\/wp\/v2\/tags?post=534438"}],"curies":[{"name":"wp","href":"https:\/\/api.w.org\/{rel}","templated":true}]}}