{"id":53444,"date":"2025-04-26T04:02:18","date_gmt":"2025-04-26T04:02:18","guid":{"rendered":"https:\/\/www.europesays.com\/fr\/53444\/"},"modified":"2025-04-26T04:02:18","modified_gmt":"2025-04-26T04:02:18","slug":"girondins-jocelyn-gourvennec-avertit-bordeaux-il-faut-des-joueurs-dun-niveau-superieur","status":"publish","type":"post","link":"https:\/\/www.europesays.com\/fr\/53444\/","title":{"rendered":"Girondins. Jocelyn Gourvennec avertit Bordeaux : \u00ab\u00a0Il faut des joueurs d\u2019un niveau sup\u00e9rieur\u00a0\u00bb"},"content":{"rendered":"<p><img decoding=\"async\" src=\"https:\/\/www.europesays.com\/fr\/wp-content\/uploads\/2025\/04\/671_55ead959f89a980e5d4ae0e25dbef3c7.jpg\" alt=\"Girondins. Jocelyn Gourvennec avertit Bordeaux : &quot;Il faut des joueurs d\u2019un niveau sup\u00e9rieur&quot;\" class=\"img-responsive mt-3\"\/><\/p>\n<p class=\"text-center mb-3\" style=\"font-size: 14px\">\u00a9 Iconsport<\/p>\n<p style=\"text-align: justify;\">Les Girondins se dirigent vers une seconde saison en National 2, ce qui ne surprend pas Jocelyn Gourvennec, qui explique pourquoi.<\/p>\n<p><strong>\u00ab\u00a0La N2 est tr\u00e8s dure, un combat \u00e0 chaque match, de bons joueurs et de la vitesse dans toutes les \u00e9quipes\u00a0\u00bb<\/strong><\/p>\n<p style=\"text-align: justify;\">Jocelyn Gourvennec dans <a href=\"https:\/\/www.sudouest.fr\/sport\/football\/girondins-de-bordeaux\/girondins-de-bordeaux-jocelyn-gourvennec-bordeaux-a-sans-doute-le-tort-de-ne-pas-suffisamment-varier-ses-attaques-24109942.php\" target=\"_blank\" rel=\"noopener nofollow\">Sud-Ouest<\/a> : \u00ab\u00a0Le groupe a \u00e9t\u00e9 constitu\u00e9 extr\u00eamement tard. Ce sera certainement une saison de transition pour mieux pr\u00e9parer la prochaine. La N2 est tr\u00e8s dure, un combat \u00e0 chaque match, de bons joueurs et de la vitesse dans toutes les \u00e9quipes. Il faut des joueurs d\u2019un niveau sup\u00e9rieur\u2026 ou qui ont un gros v\u00e9cu commun. Saint-Brieuc et Saint-Malo ont \u00e7a, pas Bordeaux. Cette saison peut leur \u00eatre profitable \u00e0 condition qu\u2019ils fassent un recrutement judicieux.\u00a0\u00bb<\/p>\n<p>\u00c0 lire &gt;&gt; <a href=\"https:\/\/www.webgirondins.com\/actualite-girondins-girondins-de-bordeaux-decouvrez-les-salaires-complets-de-tous-les-joueurs-128842\" target=\"_blank\" rel=\"noopener nofollow\"><strong>Girondins de Bordeaux : d\u00e9couvrez les salaires complets de tous les joueurs !<\/strong><\/a><\/p>\n<p>Notre podcast court \u00e0 \u00e9couter :<\/p>\n<p>\u00a0<\/p>\n<p>\u00a0<\/p>\n","protected":false},"excerpt":{"rendered":"\u00a9 Iconsport Les Girondins se dirigent vers une seconde saison en National 2, ce qui ne surprend pas&hellip;\n","protected":false},"author":2,"featured_media":53445,"comment_status":"","ping_status":"","sticky":false,"template":"","format":"standard","meta":{"footnotes":""},"categories":[2817],"tags":[1111,11,150,14742,1997,3471,1444,8484,1994,1777,674,8435,8290,1011,27,1987,14741,14740,4059,12,4072,2219,25,3213,14743],"class_list":{"0":"post-53444","1":"post","2":"type-post","3":"status-publish","4":"format-standard","5":"has-post-thumbnail","7":"category-bordeaux","8":"tag-actu","9":"tag-actualites","10":"tag-apres","11":"tag-avertit","12":"tag-bordeaux","13":"tag-brieuc","14":"tag-contre","15":"tag-defaite","16":"tag-entraineur","17":"tag-eu","18":"tag-europe","19":"tag-exprime","20":"tag-faut","21":"tag-fr","22":"tag-france","23":"tag-girondins","24":"tag-gourvennec","25":"tag-jocelyn","26":"tag-joueurs","27":"tag-news","28":"tag-niveau","29":"tag-nouvelle-aquitaine","30":"tag-republique-francaise","31":"tag-saint","32":"tag-superieur"},"share_on_mastodon":{"url":"https:\/\/pubeurope.com\/@fr\/114402278983104141","error":""},"_links":{"self":[{"href":"https:\/\/www.europesays.com\/fr\/wp-json\/wp\/v2\/posts\/53444","targetHints":{"allow":["GET"]}}],"collection":[{"href":"https:\/\/www.europesays.com\/fr\/wp-json\/wp\/v2\/posts"}],"about":[{"href":"https:\/\/www.europesays.com\/fr\/wp-json\/wp\/v2\/types\/post"}],"author":[{"embeddable":true,"href":"https:\/\/www.europesays.com\/fr\/wp-json\/wp\/v2\/users\/2"}],"replies":[{"embeddable":true,"href":"https:\/\/www.europesays.com\/fr\/wp-json\/wp\/v2\/comments?post=53444"}],"version-history":[{"count":0,"href":"https:\/\/www.europesays.com\/fr\/wp-json\/wp\/v2\/posts\/53444\/revisions"}],"wp:featuredmedia":[{"embeddable":true,"href":"https:\/\/www.europesays.com\/fr\/wp-json\/wp\/v2\/media\/53445"}],"wp:attachment":[{"href":"https:\/\/www.europesays.com\/fr\/wp-json\/wp\/v2\/media?parent=53444"}],"wp:term":[{"taxonomy":"category","embeddable":true,"href":"https:\/\/www.europesays.com\/fr\/wp-json\/wp\/v2\/categories?post=53444"},{"taxonomy":"post_tag","embeddable":true,"href":"https:\/\/www.europesays.com\/fr\/wp-json\/wp\/v2\/tags?post=53444"}],"curies":[{"name":"wp","href":"https:\/\/api.w.org\/{rel}","templated":true}]}}