{"id":534440,"date":"2025-11-14T20:27:15","date_gmt":"2025-11-14T20:27:15","guid":{"rendered":"https:\/\/www.europesays.com\/fr\/534440\/"},"modified":"2025-11-14T20:27:15","modified_gmt":"2025-11-14T20:27:15","slug":"pourquoi-paul-magnier-le-francais-qui-gagne-presque-autant-que-pogacar-ne-participera-pas-au-tour-de-france-2026","status":"publish","type":"post","link":"https:\/\/www.europesays.com\/fr\/534440\/","title":{"rendered":"Pourquoi Paul Magnier, le Fran\u00e7ais qui gagne presque autant que Pogacar, ne participera pas au Tour de France 2026"},"content":{"rendered":"<p class=\"paragraph text_align_left lp-f-body-02\">Il a \u00e9t\u00e9 <a href=\"https:\/\/www.leparisien.fr\/sports\/cyclisme-qui-est-paul-magnier-ce-francais-qui-gagne-presque-autant-de-courses-que-tadej-pogacar-17-10-2025-C77Y7YZLNVGP5MMBZ56CKTACZI.php\" target=\"_self\" rel=\"nofollow noopener\">la r\u00e9v\u00e9lation de la fin d\u2019ann\u00e9e 2025<\/a> dans le cyclisme fran\u00e7ais. Absolument irr\u00e9sistible, <a href=\"https:\/\/www.leparisien.fr\/sports\/cyclisme\/cyclisme-pas-de-nouvel-exploit-pour-paul-magnier-depasse-par-paul-double-sur-le-tour-de-guangxi-18-10-2025-OUW3NCH7I5DHNEBL7FJ6SPDYFY.php\" target=\"_blank\" rel=\"nofollow noopener\">Paul Magnier a multipli\u00e9 les victoires cette saison<\/a> (19), \u00e9chouant \u00e0 une petite longueur de l\u2019ogre du peloton, <a href=\"https:\/\/www.leparisien.fr\/sports\/cyclisme\/tadej-pogacar\/\" target=\"_blank\" rel=\"nofollow noopener\">Tadej Pogacar<\/a>.<\/p>\n<p class=\"paragraph text_align_left lp-f-body-02\">Si le sprinteur de la Soudal Quick-Step a brill\u00e9 sur des terrains plus confidentiels que son confr\u00e8re Slov\u00e8ne &#8211; 4 victoires sur le Tour de Slovaquie, 4 sur le Tour de Croatie, <a href=\"https:\/\/www.leparisien.fr\/sports\/cyclisme\/tour-du-guangxi-la-video-de-la-cinquieme-victoire-en-six-etapes-du-francais-paul-magnier-19-10-2025-3G3GBJPSYJEEVDSX3KFRNYBPV4.php\" target=\"_self\" rel=\"nofollow noopener\">5 sur le Tour du Guangxi<\/a> -, ses performances restent tout de m\u00eame historiques \u00e0 l\u2019\u00e9chelle nationale, puisque aucun coureur tricolore n\u2019avait encore remport\u00e9 plus de 15 courses en une saison depuis le d\u00e9but de l\u2019\u00e8re World Tour en 2005.<\/p>\n<p class=\"paragraph text_align_left lp-f-body-02\">Mais les mordus de cyclisme devront patienter pour voir le crack de 21\u00a0ans exporter ses talents sur la plus prestigieuse des courses \u00e0 \u00e9tapes\u00a0: <a href=\"https:\/\/www.leparisien.fr\/sports\/cyclisme\/tour-de-france\/\" target=\"_blank\" rel=\"nofollow noopener\">le Tour de France<\/a>. Magnier l\u2019a annonc\u00e9 au micro de France T\u00e9l\u00e9visions, dans le cadre d\u2019un sujet diffus\u00e9 sur Tout le Sport cette semaine.<\/p>\n<blockquote class=\"twitter-tweet\">\n<p lang=\"fr\" dir=\"ltr\">\ud83d\udeb4 <a href=\"https:\/\/twitter.com\/hashtag\/TLS?src=hash&amp;ref_src=twsrc%5Etfw\" rel=\"nofollow noopener\" target=\"_blank\">#TLS<\/a> | Paul Magnier : naissance d\u2019un crack !<\/p>\n<p>\ud83c\uddeb\ud83c\uddf7 \u00c0 21 ans, Paul Magnier vient de boucler une saison record avec 19 succ\u00e8s, un de moins que Poga\u010dar, sur des courses moins prestigieuses, mais remport\u00e9es avec panache.<\/p>\n<p>\u25b6\ufe0f L&rsquo;\u00e9mission en replay : <a href=\"https:\/\/t.co\/GFyTuoAK9M\" rel=\"nofollow\">https:\/\/t.co\/GFyTuoAK9M<\/a> <a href=\"https:\/\/t.co\/s1AdFMEdr2\" rel=\"nofollow\">pic.twitter.com\/s1AdFMEdr2<\/a><\/p>\n<p>\u2014 francetvsport (@francetvsport) <a href=\"https:\/\/twitter.com\/francetvsport\/status\/1988692194203501007?ref_src=twsrc%5Etfw\" rel=\"nofollow noopener\" target=\"_blank\">November 12, 2025<\/a><\/p><\/blockquote>\n<p>\u00ab\u00a0La course la plus dure au monde\u00a0\u00bb<\/p>\n<p class=\"paragraph text_align_left lp-f-body-02\">\u00ab\u00a0Bien s\u00fbr que \u00e7a me parle (le Tour de France)\u00a0\u00bb, a-t-il affirm\u00e9. \u00ab\u00a0Mais pas l\u2019ann\u00e9e prochaine. C\u2019est une course vraiment difficile, avec beaucoup de pression m\u00e9diatique et sportive, c\u2019est la course la plus dure au monde\u00a0\u00bb, a confi\u00e9 le jeune Fran\u00e7ais, sans renoncer \u00e0 ses r\u00eaves de Grande Boucle pour autant. \u00ab\u00a0Porter le maillot jaune\u2026 ce sont des sensations impossibles \u00e0 expliquer et j\u2019aimerais bien un jour les ressentir.\u00a0\u00bb<\/p>\n<p class=\"paragraph text_align_left lp-f-body-02\">\u00c9galement interrog\u00e9 par France TV sur sa personnalit\u00e9 affirm\u00e9e sur la selle malgr\u00e9 son jeune \u00e2ge, l\u2019espoir du cyclisme fran\u00e7ais ne s\u2019est pas cach\u00e9. \u00ab\u00a0Beaucoup de coureurs en ont peur, mais moi j\u2019aime vraiment ce r\u00f4le de leader, \u00e7a me motive encore plus \u00e0 aller chercher la victoire. Dans le dernier kilom\u00e8tre, je ne me pose pas la question de savoir si j\u2019ai 21\u00a0ans, si je suis plus petit qu\u2019un autre\u2026\u00a0\u00bb<\/p>\n<p class=\"paragraph text_align_left lp-f-body-02\">S\u2019il a <a href=\"https:\/\/www.leparisien.fr\/sports\/cyclisme\/cyclisme-et-de-15-pour-paul-magnier-qui-poursuit-sa-superbe-serie-de-victoires-au-tour-du-guangxi-14-10-2025-PRCBDDDMKVCCVFM6FPBW2HT27Q.php\" target=\"_blank\" rel=\"nofollow noopener\">r\u00e9guli\u00e8rement brill\u00e9 sur les sprints massifs en cette fin de saison<\/a>, Magnier r\u00eave plus grand et veut cultiver sa polyvalence dans les prochaines ann\u00e9es. \u00ab\u00a0C\u2019est vrai que j\u2019adore les sprints mais j\u2019ai aussi envie de me sp\u00e9cialiser sur les courses d\u2019un jour et les grosses classiques flandriennes\u00a0\u00bb, a-t-il r\u00e9v\u00e9l\u00e9, plein d\u2019ambition.<\/p>\n<p><script async src=\"https:\/\/platform.twitter.com\/widgets.js\" charset=\"utf-8\"><\/script><\/p>\n","protected":false},"excerpt":{"rendered":"Il a \u00e9t\u00e9 la r\u00e9v\u00e9lation de la fin d\u2019ann\u00e9e 2025 dans le cyclisme fran\u00e7ais. Absolument irr\u00e9sistible, Paul Magnier&hellip;\n","protected":false},"author":2,"featured_media":534441,"comment_status":"","ping_status":"","sticky":false,"template":"","format":"standard","meta":{"footnotes":""},"categories":[1411],"tags":[1154,207,1011,27,60,210],"class_list":{"0":"post-534440","1":"post","2":"type-post","3":"status-publish","4":"format-standard","5":"has-post-thumbnail","7":"category-cyclisme","8":"tag-cycling","9":"tag-cyclisme","10":"tag-fr","11":"tag-france","12":"tag-sports","13":"tag-tour-de-france"},"share_on_mastodon":{"url":"https:\/\/pubeurope.com\/@fr\/115549939029168529","error":""},"_links":{"self":[{"href":"https:\/\/www.europesays.com\/fr\/wp-json\/wp\/v2\/posts\/534440","targetHints":{"allow":["GET"]}}],"collection":[{"href":"https:\/\/www.europesays.com\/fr\/wp-json\/wp\/v2\/posts"}],"about":[{"href":"https:\/\/www.europesays.com\/fr\/wp-json\/wp\/v2\/types\/post"}],"author":[{"embeddable":true,"href":"https:\/\/www.europesays.com\/fr\/wp-json\/wp\/v2\/users\/2"}],"replies":[{"embeddable":true,"href":"https:\/\/www.europesays.com\/fr\/wp-json\/wp\/v2\/comments?post=534440"}],"version-history":[{"count":0,"href":"https:\/\/www.europesays.com\/fr\/wp-json\/wp\/v2\/posts\/534440\/revisions"}],"wp:featuredmedia":[{"embeddable":true,"href":"https:\/\/www.europesays.com\/fr\/wp-json\/wp\/v2\/media\/534441"}],"wp:attachment":[{"href":"https:\/\/www.europesays.com\/fr\/wp-json\/wp\/v2\/media?parent=534440"}],"wp:term":[{"taxonomy":"category","embeddable":true,"href":"https:\/\/www.europesays.com\/fr\/wp-json\/wp\/v2\/categories?post=534440"},{"taxonomy":"post_tag","embeddable":true,"href":"https:\/\/www.europesays.com\/fr\/wp-json\/wp\/v2\/tags?post=534440"}],"curies":[{"name":"wp","href":"https:\/\/api.w.org\/{rel}","templated":true}]}}