{"id":534450,"date":"2025-11-14T20:33:13","date_gmt":"2025-11-14T20:33:13","guid":{"rendered":"https:\/\/www.europesays.com\/fr\/534450\/"},"modified":"2025-11-14T20:33:13","modified_gmt":"2025-11-14T20:33:13","slug":"alain-souchon-reagit-a-la-reprise-par-gims-de-lun-de-ses-titres-emblematiques-au-depart-on-avait-plutot-tendance-a-dire-non","status":"publish","type":"post","link":"https:\/\/www.europesays.com\/fr\/534450\/","title":{"rendered":"Alain Souchon r\u00e9agit \u00e0 la reprise par Gims de l&rsquo;un de ses titres embl\u00e9matiques: \u00ab\u00a0Au d\u00e9part, on avait plut\u00f4t tendance \u00e0 dire non\u00a0\u00bb"},"content":{"rendered":"<p><a href=\"https:\/\/www.dhnet.be\/lifestyle\/people\/2025\/10\/13\/il-ma-montre-du-doigt-des-fans-au-7e-ciel-grace-a-gims-et-la-dh-bienvenue-dans-les-coulisses-de-son-concert-au-carolol-IUPPUONR2RGNTA3LLRMKS7WPIY\/\" target=\"_self\" class=\"ap-StoryInterstitialLink ap-StoryElement ap-StoryElement--mb\" rel=\"nofollow noopener\">\u00ab\u00a0Il m&rsquo;a montr\u00e9 du doigt !\u00a0\u00bb: Des fans au 7e \u00ab\u00a0Ciel\u00a0\u00bb gr\u00e2ce \u00e0 Gims et la DH, bienvenue dans les coulisses de son concert au Carolol<\/a>Gims et la soci\u00e9t\u00e9 de consommation<\/p>\n<p class=\"ap-StoryElement ap-StoryElement--mb ap-StoryText\">\u00ab\u00a0\u00c7a n&rsquo;a pas \u00e9t\u00e9 si simple que \u00e7a\u00a0\u00bb, narre le fils a\u00een\u00e9 du chanteur, Pierre Souchon. \u00ab\u00a0Au d\u00e9part, on avait plut\u00f4t tendance \u00e0 dire non avec cette chanson [\u2026]\u00a0\u00bb, rel\u00e8ve-t-il en insistant sur le fait que la peur de voir le message principal du titre \u00eatre d\u00e9form\u00e9 \u00e9tait bien pr\u00e9sente.<\/p>\n<p class=\"ap-StoryElement ap-StoryElement--mb ap-StoryText\">Pour rappel, \u00ab\u00a0Foule sentimentale\u00a0\u00bb \u00e9voque \u00ab\u00a0la soci\u00e9t\u00e9 de consommation, l&rsquo;attrait pour les marques et l&rsquo;apparence\u00a0\u00bb. Gims a donc d\u00fb faire ses preuves pour se montrer digne de la reprise. L&rsquo;ancien membre de la Sexion d&rsquo;Assaut a tout d&rsquo;abord expliqu\u00e9 \u00eatre fan de la chanson depuis que son p\u00e8re lui a fait \u00e9couter. Mais il a \u00e9t\u00e9 plus loin en contactant directement la femme d&rsquo;<a href=\"https:\/\/www.dhnet.be\/medias\/musique\/2024\/05\/27\/alain-souchon-le-mome-eternel-D7PEXRQW4RCRLNFFRP2S57KYZ4\/\" target=\"_self\" rel=\"nofollow noopener\">Alain Souchon<\/a> pour lui faire part de son projet.<\/p>\n<p><a href=\"https:\/\/www.dhnet.be\/lifestyle\/people\/2025\/07\/24\/gims-dement-toute-collaboration-avec-la-belle-fille-de-donald-trump-cest-pas-pour-maintenant-SZPHIWWRUJH5JGCEPK2NACYSVM\/\" target=\"_self\" class=\"ap-StoryInterstitialLink ap-StoryElement ap-StoryElement--mb\" rel=\"nofollow noopener\">Gims d\u00e9ment toute collaboration avec la belle-fille de Donald Trump : \u00ab\u00a0C&rsquo;est pas pour maintenant\u00a0\u00bb<\/a><\/p>\n<p class=\"ap-StoryElement ap-StoryElement--mb ap-StoryText\">\u00ab\u00a0Un jour on me dit : &lsquo;votre m\u00e8re est avec Gims au t\u00e9l\u00e9phone, elle vous rappelle tout \u00e0 l&rsquo;heure&rsquo;. On \u00e9tait sci\u00e9\u00a0\u00bb, se souvient Pierre Souchon. Alain Souchon, sur le ton de la rigolade, r\u00e9agit alors \u00e0 son tour : \u00ab\u00a0Il est gonfl\u00e9 ce Gims parce que c&rsquo;est quand m\u00eame ma femme\u00a0\u00bb.<\/p>\n<p>Le propos originel conserv\u00e9<\/p>\n<p class=\"ap-StoryElement ap-StoryElement--mb ap-StoryText\">Finalement, le feu vert a \u00e9t\u00e9 donn\u00e9 \u00e0 l&rsquo;interpr\u00e8te de \u00ab\u00a0Parisienne\u00a0\u00bb. Mais \u00e0 certaines conditions. \u00ab\u00a0L&rsquo;id\u00e9e c&rsquo;\u00e9tait d&rsquo;en faire un sample \u00e9ditorial, donc de ne pas reprendre le texte et le fond. Du coup, \u00e7a n&rsquo;ab\u00eemait pas le propos originel\u00a0\u00bb, pr\u00e9cise Pierre Souchon.<\/p>\n<p class=\"ap-StoryElement ap-StoryElement--mb ap-StoryText\">\u00ab\u00a0C&rsquo;est s\u00fbr que \u00e7a n&rsquo;aurait pas pu \u00eatre interpr\u00e9t\u00e9 par Gims qui repr\u00e9sente l&rsquo;inverse de ce que dit la chanson. Mais, il se l&rsquo;est appropri\u00e9e, il ne reprend que la m\u00e9lodie et le mot &lsquo;sentimental&rsquo;mais il change le fond de la chanson\u00a0\u00bb, conclut-il. Alain Souchon aura le mot de la fin : \u00ab\u00a0Je me dis que c&rsquo;est parce qu&rsquo;il la trouve bien et qu&rsquo;il l&rsquo;aime donc \u00e7a me flatte, \u00e7a me fait plaisir\u00a0\u00bb.<\/p>\n","protected":false},"excerpt":{"rendered":"\u00ab\u00a0Il m&rsquo;a montr\u00e9 du doigt !\u00a0\u00bb: Des fans au 7e \u00ab\u00a0Ciel\u00a0\u00bb gr\u00e2ce \u00e0 Gims et la DH, bienvenue&hellip;\n","protected":false},"author":2,"featured_media":534451,"comment_status":"","ping_status":"","sticky":false,"template":"","format":"standard","meta":{"footnotes":""},"categories":[1355],"tags":[36362,972,58,59,1011,27,13444,1361,873],"class_list":{"0":"post-534450","1":"post","2":"type-post","3":"status-publish","4":"format-standard","5":"has-post-thumbnail","7":"category-musique","8":"tag-alain-souchon","9":"tag-celebrite","10":"tag-divertissement","11":"tag-entertainment","12":"tag-fr","13":"tag-france","14":"tag-gims","15":"tag-music","16":"tag-musique"},"share_on_mastodon":{"url":"https:\/\/pubeurope.com\/@fr\/115549962616671154","error":""},"_links":{"self":[{"href":"https:\/\/www.europesays.com\/fr\/wp-json\/wp\/v2\/posts\/534450","targetHints":{"allow":["GET"]}}],"collection":[{"href":"https:\/\/www.europesays.com\/fr\/wp-json\/wp\/v2\/posts"}],"about":[{"href":"https:\/\/www.europesays.com\/fr\/wp-json\/wp\/v2\/types\/post"}],"author":[{"embeddable":true,"href":"https:\/\/www.europesays.com\/fr\/wp-json\/wp\/v2\/users\/2"}],"replies":[{"embeddable":true,"href":"https:\/\/www.europesays.com\/fr\/wp-json\/wp\/v2\/comments?post=534450"}],"version-history":[{"count":0,"href":"https:\/\/www.europesays.com\/fr\/wp-json\/wp\/v2\/posts\/534450\/revisions"}],"wp:featuredmedia":[{"embeddable":true,"href":"https:\/\/www.europesays.com\/fr\/wp-json\/wp\/v2\/media\/534451"}],"wp:attachment":[{"href":"https:\/\/www.europesays.com\/fr\/wp-json\/wp\/v2\/media?parent=534450"}],"wp:term":[{"taxonomy":"category","embeddable":true,"href":"https:\/\/www.europesays.com\/fr\/wp-json\/wp\/v2\/categories?post=534450"},{"taxonomy":"post_tag","embeddable":true,"href":"https:\/\/www.europesays.com\/fr\/wp-json\/wp\/v2\/tags?post=534450"}],"curies":[{"name":"wp","href":"https:\/\/api.w.org\/{rel}","templated":true}]}}