{"id":534464,"date":"2025-11-14T20:43:19","date_gmt":"2025-11-14T20:43:19","guid":{"rendered":"https:\/\/www.europesays.com\/fr\/534464\/"},"modified":"2025-11-14T20:43:19","modified_gmt":"2025-11-14T20:43:19","slug":"affaire-epstein-trump-contre-attaque-et-vise-bill-clinton-14-11-2025-a-1811","status":"publish","type":"post","link":"https:\/\/www.europesays.com\/fr\/534464\/","title":{"rendered":"Affaire Epstein: Trump contre-attaque et vise Bill Clinton &#8211; 14\/11\/2025 \u00e0 18:11"},"content":{"rendered":"<p>        <img decoding=\"async\" src=\"https:\/\/www.europesays.com\/fr\/wp-content\/uploads\/2025\/11\/8e0a11791bef9868104406159b2e9465-760x506.jpg\" alt=\"Une statue repr\u00e9sentant le pr\u00e9sident am\u00e9ricain Donald Trump et le d\u00e9linquant sexuel Jeffrey Epstein pr\u00e8s du Capitole, \u00e0 Washington, le 2 octobre 2025 ( AFP \/ Brendan SMIALOWSKI )\" loading=\"eager\" fetchpriority=\"high\" width=\"760\" height=\"506\" style=\"max-width: 100%!important; height: auto;\"\/><\/p>\n<p class=\"c-image-news__legend\">Une statue repr\u00e9sentant le pr\u00e9sident am\u00e9ricain Donald Trump et le d\u00e9linquant sexuel Jeffrey Epstein pr\u00e8s du Capitole, \u00e0 Washington, le 2 octobre 2025 ( AFP \/ Brendan SMIALOWSKI )<\/p>\n<p>\n Donald Trump a contre-attaqu\u00e9 vendredi en r\u00e9clamant une enqu\u00eate sur la relation entre Jeffrey Epstein et certaines personnalit\u00e9s d\u00e9mocrates dont Bill Clinton, \u00e0 l&rsquo;heure o\u00f9 ses propres liens avec le d\u00e9linquant sexuel font l&rsquo;objet de nouvelles questions.\n<\/p>\n<p>\n Le pr\u00e9sident am\u00e9ricain a annonc\u00e9 sur son r\u00e9seau Truth Social qu&rsquo;il allait demander au minist\u00e8re de la Justice et \u00e0 la police f\u00e9d\u00e9rale (FBI) d&rsquo;enqu\u00eater sur plusieurs personnalit\u00e9s d\u00e9mocrates.\n<\/p>\n<p>\n Outre l&rsquo;ancien pr\u00e9sident, qui a occup\u00e9 la Maison Blanche de 1993 \u00e0 2001, il cite Larry Summers, qui a \u00e9t\u00e9 ministre des Finances de Bill Clinton, l&rsquo;investisseur et entrepreneur Reid Hoffman, la banque JPMorgan Chase ainsi que \u00ab\u00a0beaucoup d&rsquo;autres personnes et institutions\u00a0\u00bb.\n<\/p>\n<p>\n \u00ab\u00a0Les dossiers montrent que ces hommes, et de nombreux autres, ont pass\u00e9 beaucoup de temps avec Epstein\u00a0\u00bb, assure-t-il, sans fournir de preuves.\n<\/p>\n<p>\n Trump a de nouveau accus\u00e9 ses opposants d\u00e9mocrates de promouvoir la \u00ab\u00a0supercherie Epstein\u00a0\u00bb et critiqu\u00e9 les r\u00e9publicains qui r\u00e9clament plus de transparence, alors que les parlementaires doivent voter la semaine prochaine sur la publication de documents li\u00e9s \u00e0 cette affaire.\n<\/p>\n<p>\n Epstein, qui comme le pr\u00e9sident am\u00e9ricain a \u00e9t\u00e9 une figure de la vie mondaine new-yorkaise, \u00ab\u00a0\u00e9tait un d\u00e9mocrate, il est le probl\u00e8me des d\u00e9mocrates, pas le probl\u00e8me des r\u00e9publicains\u00a0\u00bb, a affirm\u00e9 le milliardaire de 79 ans, toujours sur Truth Social.\n<\/p>\n<p> &#8211; \u00ab\u00a0Ramollis et idiots\u00a0\u00bb &#8211;<\/p>\n<p>\n \u00ab\u00a0Quelques r\u00e9publicains faibles sont tomb\u00e9s dans les griffes (des d\u00e9mocrates) parce qu&rsquo;ils sont ramollis et idiots\u00a0\u00bb, a-t-il attaqu\u00e9.\n<\/p>\n<p>\n Trump fait r\u00e9f\u00e9rence aux personnalit\u00e9s de son parti qui insistent pour que le minist\u00e8re de la Justice publie les documents en sa possession \u00e0 propos de cette affaire politico-judiciaire tr\u00e8s sensible.\n<\/p>\n<p>\n Elle a \u00e9t\u00e9 relanc\u00e9e cette semaine par la publication de courriers \u00e9lectroniques du financier new-yorkais, au carnet d&rsquo;adresses particuli\u00e8rement bien rempli.\n<\/p>\n<p>\n Trump \u00ab\u00a0savait \u00e0 propos des filles\u00a0\u00bb dont abusait le d\u00e9linquant sexuel am\u00e9ricain et a m\u00eame \u00ab\u00a0pass\u00e9 plusieurs heures\u00a0\u00bb avec l&rsquo;une d&rsquo;elles, affirment des emails d&rsquo;Epstein, d\u00e9voil\u00e9s par des parlementaires d\u00e9mocrates.\n<\/p>\n<p>\n Parmi ces courriers \u00e9lectroniques figurent des \u00e9changes avec Larry Summers, qui a aussi \u00e9t\u00e9 conseiller \u00e9conomique de Barack Obama et pr\u00e9sident de la prestigieuse universit\u00e9 Harvard.\n<\/p>\n<p>\n \u00ab\u00a0Comment \u00e7a va la vie fortun\u00e9e et dissolue?\u00a0\u00bb, \u00e9crit Summers le 27 octobre 2017 \u00e0 Epstein, qui lui r\u00e9pond: \u00ab\u00a0Quand nous nous verrons, je m&rsquo;efforcerai de vous fasciner avec des histoires folles sur Washington!!!\u00a0\u00bb.\n<\/p>\n<p>\n Bill Clinton a pour sa part fr\u00e9quent\u00e9 le financier new-yorkais dans les ann\u00e9es 1990 et 2000.\n<\/p>\n<p>\n Accus\u00e9e d&rsquo;avoir facilit\u00e9 les agissements de Jeffrey Epstein en lui permettant de financer ses activit\u00e9s, la banque JPMorgan Chase a elle accept\u00e9 de verser 290 millions de dollars \u00e0 des victimes pr\u00e9sum\u00e9es, en vertu d&rsquo;un accord annonc\u00e9 en juin 2023 et qui lui a \u00e9vit\u00e9 un proc\u00e8s m\u00e9diatique.\n<\/p>\n<p> &#8211; Vote &#8211;<\/p>\n<p>\n Donald Trump avait promis de grandes r\u00e9v\u00e9lations pendant sa campagne sur ce scandale, qui agite consid\u00e9rablement sa base.\n<\/p>\n<p>\n Depuis son retour au pouvoir en janvier, il r\u00e9p\u00e8te que cette affaire, qu&rsquo;il a contribu\u00e9 \u00e0 alimenter, serait en r\u00e9alit\u00e9 mont\u00e9e de toutes pi\u00e8ces pour lui nuire.\n<\/p>\n<p>\n La Chambre des repr\u00e9sentants, qui avec le S\u00e9nat compose le Congr\u00e8s am\u00e9ricain, pourrait voter d\u00e8s la semaine prochaine sur une proposition de loi r\u00e9clamant la publication des \u00ab\u00a0dossiers Epstein\u00a0\u00bb du minist\u00e8re de la Justice.\n<\/p>\n<p>\n A l&rsquo;heure actuelle, la presse am\u00e9ricaine estime qu&rsquo;un grand nombre de r\u00e9publicains pourraient voter pour, malgr\u00e9 les r\u00e9ticences de la Maison Blanche.\n<\/p>\n<p>\n Avec sa complice Ghislaine Maxwell comme rabatteuse, Epstein faisait venir des mineures dans ses r\u00e9sidences notamment \u00e0 New-York et en Floride pour, sous le pr\u00e9texte de massages, les agresser sexuellement.\n<\/p>\n<p>\n Sa mort en prison en 2019 et les d\u00e9lais pour rendre publics des documents d&rsquo;enqu\u00eate le concernant ont nourri des sp\u00e9culations aux relents complotistes.\n<\/p>\n<p>\n Le financier s&rsquo;est suicid\u00e9 dans sa cellule avant son proc\u00e8s pr\u00e9vu, selon les autorit\u00e9s am\u00e9ricaines. Ghislaine Maxwell purge une peine de 20 ans de prison pour exploitation sexuelle.\n<\/p>\n<p>\n Une partie des Am\u00e9ricains et des figures de la droite radicale pensent qu&rsquo;Epstein aurait en fait \u00e9t\u00e9 assassin\u00e9 pour l&#8217;emp\u00eacher de mettre en cause des personnalit\u00e9s de premier plan qui auraient b\u00e9n\u00e9fici\u00e9 de son r\u00e9seau d&rsquo;exploitation sexuelle.<\/p>\n","protected":false},"excerpt":{"rendered":"Une statue repr\u00e9sentant le pr\u00e9sident am\u00e9ricain Donald Trump et le d\u00e9linquant sexuel Jeffrey Epstein pr\u00e8s du Capitole, \u00e0&hellip;\n","protected":false},"author":2,"featured_media":534465,"comment_status":"","ping_status":"","sticky":false,"template":"","format":"standard","meta":{"footnotes":""},"categories":[5],"tags":[400,11,398,408,405,1011,27,403,14,402,399,404,12,401,406,407,28],"class_list":{"0":"post-534464","1":"post","2":"type-post","3":"status-publish","4":"format-standard","5":"has-post-thumbnail","7":"category-international","8":"tag-action-cac-40","9":"tag-actualites","10":"tag-bourse-de-paris","11":"tag-boursorama","12":"tag-cotations","13":"tag-fr","14":"tag-france","15":"tag-indices-devises","16":"tag-international","17":"tag-investir","18":"tag-investissement","19":"tag-marche-boursier","20":"tag-news","21":"tag-sicav","22":"tag-trackers","23":"tag-warrants","24":"tag-world"},"share_on_mastodon":{"url":"https:\/\/pubeurope.com\/@fr\/115550002679446785","error":""},"_links":{"self":[{"href":"https:\/\/www.europesays.com\/fr\/wp-json\/wp\/v2\/posts\/534464","targetHints":{"allow":["GET"]}}],"collection":[{"href":"https:\/\/www.europesays.com\/fr\/wp-json\/wp\/v2\/posts"}],"about":[{"href":"https:\/\/www.europesays.com\/fr\/wp-json\/wp\/v2\/types\/post"}],"author":[{"embeddable":true,"href":"https:\/\/www.europesays.com\/fr\/wp-json\/wp\/v2\/users\/2"}],"replies":[{"embeddable":true,"href":"https:\/\/www.europesays.com\/fr\/wp-json\/wp\/v2\/comments?post=534464"}],"version-history":[{"count":0,"href":"https:\/\/www.europesays.com\/fr\/wp-json\/wp\/v2\/posts\/534464\/revisions"}],"wp:featuredmedia":[{"embeddable":true,"href":"https:\/\/www.europesays.com\/fr\/wp-json\/wp\/v2\/media\/534465"}],"wp:attachment":[{"href":"https:\/\/www.europesays.com\/fr\/wp-json\/wp\/v2\/media?parent=534464"}],"wp:term":[{"taxonomy":"category","embeddable":true,"href":"https:\/\/www.europesays.com\/fr\/wp-json\/wp\/v2\/categories?post=534464"},{"taxonomy":"post_tag","embeddable":true,"href":"https:\/\/www.europesays.com\/fr\/wp-json\/wp\/v2\/tags?post=534464"}],"curies":[{"name":"wp","href":"https:\/\/api.w.org\/{rel}","templated":true}]}}