{"id":534470,"date":"2025-11-14T20:47:06","date_gmt":"2025-11-14T20:47:06","guid":{"rendered":"https:\/\/www.europesays.com\/fr\/534470\/"},"modified":"2025-11-14T20:47:06","modified_gmt":"2025-11-14T20:47:06","slug":"loire-devenez-correspondant-de-presse-a-roche-la-moliere-ou-dans-le-reste-de-londaine","status":"publish","type":"post","link":"https:\/\/www.europesays.com\/fr\/534470\/","title":{"rendered":"Loire. Devenez correspondant de presse \u00e0 Roche-la-Moli\u00e8re ou dans le reste de l&rsquo;Ondaine"},"content":{"rendered":"<p>Nous recherchons un correspondant de presse \u00e0 Roche-la-Moli\u00e8re et\/ou dans le reste de l&rsquo;Ondaine.<\/p>\n<p>Il s\u2019agit d\u2019une activit\u00e9 de compl\u00e9ment r\u00e9mun\u00e9r\u00e9e. Elle peut convenir par exemple \u00e0 des parents au foyer, des \u00e9tudiants, des salari\u00e9s, des enseignants ou des retrait\u00e9s poss\u00e9dant un moyen de locomotion, un appareil photo num\u00e9rique (ou tout moyen de prise de vue comme un smartphone) et un ordinateur connect\u00e9 \u00e0 internet.<\/p>\n<p>Partager l&rsquo;actualit\u00e9 de votre commune aux lecteurs<\/p>\n<p>Vous avez un peu de temps, vous \u00eates curieux, vous aimez votre commune, vous avez envie de faire partager aux lecteurs la vie des habitants, rapporter l\u2019actualit\u00e9 \u00e9conomique, culturelle et sportive ou mettre en lumi\u00e8re les initiatives insolites ?<\/p>\n<p>Vos productions seront publi\u00e9es sur notre \u00e9dition papier Saint-Etienne-Ondaine, et <a href=\"https:\/\/www.leprogres.fr\/edition-loire-sud\/a-la-une\" target=\"_blank\" rel=\"noopener\">sur notre site<\/a>. Si l\u2019exp\u00e9rience vous tente, n\u2019h\u00e9sitez pas \u00e0 nous rejoindre en nous contactant par mail : lprstetienne@leprogres.fr.<\/p>\n","protected":false},"excerpt":{"rendered":"Nous recherchons un correspondant de presse \u00e0 Roche-la-Moli\u00e8re et\/ou dans le reste de l&rsquo;Ondaine. Il s\u2019agit d\u2019une activit\u00e9&hellip;\n","protected":false},"author":2,"featured_media":534471,"comment_status":"","ping_status":"","sticky":false,"template":"","format":"standard","meta":{"footnotes":""},"categories":[9653],"tags":[1111,11,2430,7539,341,1777,674,1011,27,12,25,12490,4001,2205],"class_list":{"0":"post-534470","1":"post","2":"type-post","3":"status-publish","4":"format-standard","5":"has-post-thumbnail","7":"category-saint-etienne","8":"tag-actu","9":"tag-actualites","10":"tag-auvergne-rhone-alpes","11":"tag-edition-loire-sud","12":"tag-emploi","13":"tag-eu","14":"tag-europe","15":"tag-fr","16":"tag-france","17":"tag-news","18":"tag-republique-francaise","19":"tag-roche-la-moliere","20":"tag-saint-etienne","21":"tag-television-medias"},"share_on_mastodon":{"url":"https:\/\/pubeurope.com\/@fr\/115550017641786613","error":""},"_links":{"self":[{"href":"https:\/\/www.europesays.com\/fr\/wp-json\/wp\/v2\/posts\/534470","targetHints":{"allow":["GET"]}}],"collection":[{"href":"https:\/\/www.europesays.com\/fr\/wp-json\/wp\/v2\/posts"}],"about":[{"href":"https:\/\/www.europesays.com\/fr\/wp-json\/wp\/v2\/types\/post"}],"author":[{"embeddable":true,"href":"https:\/\/www.europesays.com\/fr\/wp-json\/wp\/v2\/users\/2"}],"replies":[{"embeddable":true,"href":"https:\/\/www.europesays.com\/fr\/wp-json\/wp\/v2\/comments?post=534470"}],"version-history":[{"count":0,"href":"https:\/\/www.europesays.com\/fr\/wp-json\/wp\/v2\/posts\/534470\/revisions"}],"wp:featuredmedia":[{"embeddable":true,"href":"https:\/\/www.europesays.com\/fr\/wp-json\/wp\/v2\/media\/534471"}],"wp:attachment":[{"href":"https:\/\/www.europesays.com\/fr\/wp-json\/wp\/v2\/media?parent=534470"}],"wp:term":[{"taxonomy":"category","embeddable":true,"href":"https:\/\/www.europesays.com\/fr\/wp-json\/wp\/v2\/categories?post=534470"},{"taxonomy":"post_tag","embeddable":true,"href":"https:\/\/www.europesays.com\/fr\/wp-json\/wp\/v2\/tags?post=534470"}],"curies":[{"name":"wp","href":"https:\/\/api.w.org\/{rel}","templated":true}]}}