{"id":534474,"date":"2025-11-14T20:49:21","date_gmt":"2025-11-14T20:49:21","guid":{"rendered":"https:\/\/www.europesays.com\/fr\/534474\/"},"modified":"2025-11-14T20:49:21","modified_gmt":"2025-11-14T20:49:21","slug":"interpellations-en-region-parisienne-et-les-alpes-maritimes","status":"publish","type":"post","link":"https:\/\/www.europesays.com\/fr\/534474\/","title":{"rendered":"interpellations en r\u00e9gion parisienne et les Alpes-Maritimes"},"content":{"rendered":"<p>Cinq individus qui s\u2019\u00e9taient sp\u00e9cialis\u00e9s dans le vol de v\u00e9los haut de gamme ont \u00e9t\u00e9 interpell\u00e9s le 10\u00a0novembre en r\u00e9gion parisienne et dans le d\u00e9partement des Alpes-Maritimes, selon une information de nos confr\u00e8res d\u2019 <a href=\"https:\/\/www.francebleu.fr\/infos\/faits-divers-justice\/pres-d-un-million-d-euros-de-velos-haut-de-gamme-voles-avec-des-cannes-a-peche-cinq-individus-interpelles-4599452\" target=\"_blank\" rel=\"noopener\">Ici Bretagne<\/a> qui font \u00e9tat d\u2019un communiqu\u00e9 du procureur de la R\u00e9publique de Rennes.<\/p>\n<p>Il est reproch\u00e9 aux cinq suspects d\u2019avoir s\u00e9vi dans 12 d\u00e9partements, dont la Meurthe-et-Moselle, \u00e0 Vand\u0153uvre-l\u00e8s-Nancy, pour un pr\u00e9judice estim\u00e9 \u00e0 pr\u00e8s d\u2019un million d\u2019euros.<\/p>\n<p>L\u2019op\u00e9ration de gendarmerie a \u00e9t\u00e9 men\u00e9e sous le contr\u00f4le du parquet de la juridiction interr\u00e9gionale sp\u00e9cialis\u00e9e (JIRS) de Rennes, saisie devant l\u2019ampleur du ph\u00e9nom\u00e8ne. Le groupe des cinq signait ses casses selon un mode op\u00e9ratoire particulier\u00a0: en passant par les toits et en utilisant une \u00ab\u00a0canne \u00e0 p\u00eache artisanale pour extraire les v\u00e9los\u00a0\u00bb, selon le parquet de Rennes.<\/p>\n<p>  Au grappin par les Skyd\u00f4mes<\/p>\n<p>\u00c0 Vand\u0153uvre-l\u00e8s-Nancy, les faits \u00e9taient rest\u00e9s au stade de la tentative. Dans la nuit du 5\u00a0f\u00e9vrier 2025, le magasin <a href=\"https:\/\/www.estrepublicain.fr\/sport\/2025\/03\/14\/razzia-dans-les-magasins-de-velos-des-milliers-d-euros-de-prejudice\" target=\"_blank\" rel=\"noopener\">Culture v\u00e9lo, dans la ZAC du R\u00e9veilleux<\/a> , pr\u00e8s de chez Gifi, recevait la visite des monte-en-l\u2019air. Les individus escaladaient le toit et brisaient les quatre Skyd\u00f4mes.<\/p>\n<p>\u00c0 l\u2019aide d\u2019une corde \u00e9quip\u00e9e d\u2019un crochet, ils tentaient de s\u2019arrimer aux cycles situ\u00e9s sous leurs pieds, \u00e0 la verticale des puits de lumi\u00e8re. Une version de la pince \u00e0 grappin qu\u2019on retrouve sur une foire attractive mais sans mettre d\u2019argent dans la machine\u2026 L\u2019op\u00e9ration avait \u00e9chou\u00e9 et \u00e0 en croire le filin abandonn\u00e9 sur les lieux, les auteurs avaient sans doute \u00e9t\u00e9 d\u00e9rang\u00e9s.<\/p>\n<p>  Heillecourt, Frouard, Nomeny\u2026 des enqu\u00eates en cours<\/p>\n<p>D\u2019autres vols de v\u00e9los de valeur ont \u00e9t\u00e9 commis en Meurthe-et-Moselle et notamment chez l\u2019enseigne <a href=\"https:\/\/www.estrepublicain.fr\/faits-divers-justice\/2025\/08\/17\/tentative-de-vol-dans-un-magasin-de-velos-pres-de-nancy-le-toit-decoupe-pour-la-deuxieme-fois\" target=\"_blank\" rel=\"noopener\">Specialized, dans la zone d\u2019activit\u00e9s d\u2019Heillecourt<\/a> ou encore \u00e0 Nomeny, au pr\u00e9judice de LuxeBikes install\u00e9 route de Jeandelaincourt, dans la petite ZAC de Napr\u00e9, et Giant, implant\u00e9 dans la zone commerciale Grand Air (ex-Saule Gaillard) \u00e0 Frouard. Pour ces seuls magasins, le pr\u00e9judice flirte avec les 200\u00a0000\u00a0\u20ac.<\/p>\n<p>Pour l\u2019heure, ces casses ne sont pas \u00e0 rapprocher des cinq interpell\u00e9s et font l\u2019objet d\u2019une enqu\u00eate men\u00e9e par les gendarmes de la section de recherches de Nancy. Les militaires nanc\u00e9iens ne manqueront sans doute pas, si ce n\u2019est d\u00e9j\u00e0 fait, de se rapprocher de la JIRS de Rennes\u2026<\/p>\n","protected":false},"excerpt":{"rendered":"Cinq individus qui s\u2019\u00e9taient sp\u00e9cialis\u00e9s dans le vol de v\u00e9los haut de gamme ont \u00e9t\u00e9 interpell\u00e9s le 10\u00a0novembre&hellip;\n","protected":false},"author":2,"featured_media":534475,"comment_status":"","ping_status":"","sticky":false,"template":"","format":"standard","meta":{"footnotes":""},"categories":[9635],"tags":[1111,11,271,272,1704,1777,674,274,1011,27,775,6364,3457,1702,12,25],"class_list":{"0":"post-534474","1":"post","2":"type-post","3":"status-publish","4":"format-standard","5":"has-post-thumbnail","7":"category-nancy","8":"tag-actu","9":"tag-actualites","10":"tag-crime","11":"tag-delit-et-contravention","12":"tag-edition-nancy-et-agglomeration","13":"tag-eu","14":"tag-europe","15":"tag-faits-divers-justice","16":"tag-fr","17":"tag-france","18":"tag-grand-est","19":"tag-metropole-du-grand-nancy-54b1","20":"tag-meurthe-et-moselle","21":"tag-nancy","22":"tag-news","23":"tag-republique-francaise"},"share_on_mastodon":{"url":"https:\/\/pubeurope.com\/@fr\/115550025485080730","error":""},"_links":{"self":[{"href":"https:\/\/www.europesays.com\/fr\/wp-json\/wp\/v2\/posts\/534474","targetHints":{"allow":["GET"]}}],"collection":[{"href":"https:\/\/www.europesays.com\/fr\/wp-json\/wp\/v2\/posts"}],"about":[{"href":"https:\/\/www.europesays.com\/fr\/wp-json\/wp\/v2\/types\/post"}],"author":[{"embeddable":true,"href":"https:\/\/www.europesays.com\/fr\/wp-json\/wp\/v2\/users\/2"}],"replies":[{"embeddable":true,"href":"https:\/\/www.europesays.com\/fr\/wp-json\/wp\/v2\/comments?post=534474"}],"version-history":[{"count":0,"href":"https:\/\/www.europesays.com\/fr\/wp-json\/wp\/v2\/posts\/534474\/revisions"}],"wp:featuredmedia":[{"embeddable":true,"href":"https:\/\/www.europesays.com\/fr\/wp-json\/wp\/v2\/media\/534475"}],"wp:attachment":[{"href":"https:\/\/www.europesays.com\/fr\/wp-json\/wp\/v2\/media?parent=534474"}],"wp:term":[{"taxonomy":"category","embeddable":true,"href":"https:\/\/www.europesays.com\/fr\/wp-json\/wp\/v2\/categories?post=534474"},{"taxonomy":"post_tag","embeddable":true,"href":"https:\/\/www.europesays.com\/fr\/wp-json\/wp\/v2\/tags?post=534474"}],"curies":[{"name":"wp","href":"https:\/\/api.w.org\/{rel}","templated":true}]}}