{"id":534484,"date":"2025-11-14T20:56:15","date_gmt":"2025-11-14T20:56:15","guid":{"rendered":"https:\/\/www.europesays.com\/fr\/534484\/"},"modified":"2025-11-14T20:56:15","modified_gmt":"2025-11-14T20:56:15","slug":"fin-de-serie-pour-le-niort-rc-battu-a-rouen","status":"publish","type":"post","link":"https:\/\/www.europesays.com\/fr\/534484\/","title":{"rendered":"fin de s\u00e9rie pour le Niort RC, battu \u00e0 Rouen"},"content":{"rendered":"<p><strong>Rouen\u00a0&#8211; Niort\u00a0: 19-10<\/strong><\/p>\n<p><a target=\"_self\" href=\"https:\/\/www.lanouvellerepublique.fr\/niort\/nationale-2-a-tarbes-une-victoire-qui-comptera-pour-la-suite-dans-la-saison-du-niort-rc-1762017437\" rel=\"noopener\">Victorieux \u00e0 Tarbes<\/a> puis <a target=\"_blank\" href=\"https:\/\/www.lanouvellerepublique.fr\/niort\/une-grande-fierte-pour-mes-joueurs-le-niort-rc-renverse-l-ogre-chambery-pour-un-troisieme-succes-consecutif-1762625296\" rel=\"noopener\">\u00e0 domicile contre Chamb\u00e9ry<\/a>, un gros morceau de la poule, le Niort RC se rendait \u00e0 Rouen ce vendredi 14\u00a0novembre avec la ferme ambition de s\u2019ancrer un peu plus dans le haut du classement et d\u2019y signer un troisi\u00e8me succ\u00e8s de rang.<\/p>\n<p>Et les hommes de Damien Neveu ont pris le match par le bon bout, inscrivant un essai d\u00e8s les premi\u00e8res minutes par l\u2019interm\u00e9diaire de Tom March\u00e9, qui f\u00eatait l\u00e0 sa cinquanti\u00e8me avec le Niort RC. Bien lanc\u00e9s dans cette affiche, ils creusaient l\u2019\u00e9cart \u00e0 la demi-heure de jeu gr\u00e2ce \u00e0 une p\u00e9nalit\u00e9 de Sabbia (3-10, 29e).<\/p>\n<p>Mais les Normands, o\u00f9 le Niortais Nicolas Nieto d\u00e9marrait comme titulaire au centre, reprenaient ensuite le dessus, d\u2019abord gr\u00e2ce \u00e0 un essai de Bonnot puis par une p\u00e9nalit\u00e9 de Chayla, pour basculer de peu en t\u00eate \u00e0 la pause (13-10). Chayla, toujours lui, rajoutait trois points de plus \u00e0 l\u2019heure de jeu pour donner un peu d\u2019air \u00e0 Rouen (16-10). Et \u00e0 cinq minutes du terme, toujours sur une p\u00e9nalit\u00e9, l\u2019ouvreur local profitait de l&rsquo;indiscipline des visiteurs et confortait le succ\u00e8s des siens en m\u00eame temps qu\u2019il sortait les Deux-S\u00e9vriens du point de bonus d\u00e9fensif.<\/p>\n<p>Battus 19-10, les Niortais tenteront de r\u00e9agir d\u00e8s le samedi 22\u00a0novembre, avec la r\u00e9ception de Suresnes.<\/p>\n","protected":false},"excerpt":{"rendered":"Rouen\u00a0&#8211; Niort\u00a0: 19-10 Victorieux \u00e0 Tarbes puis \u00e0 domicile contre Chamb\u00e9ry, un gros morceau de la poule, le&hellip;\n","protected":false},"author":2,"featured_media":534485,"comment_status":"","ping_status":"","sticky":false,"template":"","format":"standard","meta":{"footnotes":""},"categories":[9587],"tags":[1392,1111,11,2545,1777,674,1011,27,12,6752,5161,25,9590,479,60],"class_list":{"0":"post-534484","1":"post","2":"type-post","3":"status-publish","4":"format-standard","5":"has-post-thumbnail","7":"category-rouen","8":"tag-a-la-une-local","9":"tag-actu","10":"tag-actualites","11":"tag-deux-sevres","12":"tag-eu","13":"tag-europe","14":"tag-fr","15":"tag-france","16":"tag-news","17":"tag-niort","18":"tag-normandie","19":"tag-republique-francaise","20":"tag-rouen","21":"tag-rugby","22":"tag-sports"},"share_on_mastodon":{"url":"https:\/\/pubeurope.com\/@fr\/115550053030609737","error":""},"_links":{"self":[{"href":"https:\/\/www.europesays.com\/fr\/wp-json\/wp\/v2\/posts\/534484","targetHints":{"allow":["GET"]}}],"collection":[{"href":"https:\/\/www.europesays.com\/fr\/wp-json\/wp\/v2\/posts"}],"about":[{"href":"https:\/\/www.europesays.com\/fr\/wp-json\/wp\/v2\/types\/post"}],"author":[{"embeddable":true,"href":"https:\/\/www.europesays.com\/fr\/wp-json\/wp\/v2\/users\/2"}],"replies":[{"embeddable":true,"href":"https:\/\/www.europesays.com\/fr\/wp-json\/wp\/v2\/comments?post=534484"}],"version-history":[{"count":0,"href":"https:\/\/www.europesays.com\/fr\/wp-json\/wp\/v2\/posts\/534484\/revisions"}],"wp:featuredmedia":[{"embeddable":true,"href":"https:\/\/www.europesays.com\/fr\/wp-json\/wp\/v2\/media\/534485"}],"wp:attachment":[{"href":"https:\/\/www.europesays.com\/fr\/wp-json\/wp\/v2\/media?parent=534484"}],"wp:term":[{"taxonomy":"category","embeddable":true,"href":"https:\/\/www.europesays.com\/fr\/wp-json\/wp\/v2\/categories?post=534484"},{"taxonomy":"post_tag","embeddable":true,"href":"https:\/\/www.europesays.com\/fr\/wp-json\/wp\/v2\/tags?post=534484"}],"curies":[{"name":"wp","href":"https:\/\/api.w.org\/{rel}","templated":true}]}}