{"id":534492,"date":"2025-11-14T21:00:26","date_gmt":"2025-11-14T21:00:26","guid":{"rendered":"https:\/\/www.europesays.com\/fr\/534492\/"},"modified":"2025-11-14T21:00:26","modified_gmt":"2025-11-14T21:00:26","slug":"fermeture-temporaire-du-commissariat-de-villejean-a-rennes-un-signal-negatif-a-la","status":"publish","type":"post","link":"https:\/\/www.europesays.com\/fr\/534492\/","title":{"rendered":"Fermeture temporaire du commissariat de Villejean \u00e0 Rennes\u00a0: \u00ab\u00a0un signal n\u00e9gatif \u00e0 la"},"content":{"rendered":"<p>Ferm\u00e9 depuis le\u00a020\u00a0octobre 2025 en raison d\u2019un manque d\u2019effectifs policiers, le commissariat de Villejean, \u00e0 Rennes, <a href=\"https:\/\/rennes.maville.com\/info\/info-locale\/bientot-une-date-de-reouverture-pour-le-commissariat-de-villejean-a-rennes-15b831bc-c0a5-11f0-a083-858f2b6e92c2#:~:text=Depuis%20le%2020%20octobre%202025,par%20le%20trafic%20de%20stup%C3%A9fiants.\" target=\"_blank\" rel=\"noopener\">a rouvert ce vendredi 14\u00a0novembre au matin<\/a>. Trop tard pour \u00e9viter la pol\u00e9mique.<\/p>\n<p>\u00ab\u00a0Un sentiment d\u2019abandon\u00a0\u00bb<\/p>\n<p>Claudia Rouaux, d\u00e9put\u00e9e de la 3e\u00a0circonscription d\u2019Ille-et-Vilaine, annonce avoir\u00a0saisi par courrier Laurent Nu\u00f1es, le ministre de l\u2019Int\u00e9rieur.<strong> &#8230;<\/strong><\/p>\n<p>\u00a0<\/p>\n","protected":false},"excerpt":{"rendered":"Ferm\u00e9 depuis le\u00a020\u00a0octobre 2025 en raison d\u2019un manque d\u2019effectifs policiers, le commissariat de Villejean, \u00e0 Rennes, a rouvert&hellip;\n","protected":false},"author":2,"featured_media":534493,"comment_status":"","ping_status":"","sticky":false,"template":"","format":"standard","meta":{"footnotes":""},"categories":[2821],"tags":[1111,11,829,14367,1777,674,13407,1011,27,65402,12,940,584,25,931,65401,5375],"class_list":{"0":"post-534492","1":"post","2":"type-post","3":"status-publish","4":"format-standard","5":"has-post-thumbnail","7":"category-rennes","8":"tag-actu","9":"tag-actualites","10":"tag-bretagne","11":"tag-commissariat","12":"tag-eu","13":"tag-europe","14":"tag-fermeture","15":"tag-fr","16":"tag-france","17":"tag-negatif","18":"tag-news","19":"tag-population","20":"tag-rennes","21":"tag-republique-francaise","22":"tag-signal","23":"tag-temporaire","24":"tag-villejean"},"share_on_mastodon":{"url":"https:\/\/pubeurope.com\/@fr\/115550068663195288","error":""},"_links":{"self":[{"href":"https:\/\/www.europesays.com\/fr\/wp-json\/wp\/v2\/posts\/534492","targetHints":{"allow":["GET"]}}],"collection":[{"href":"https:\/\/www.europesays.com\/fr\/wp-json\/wp\/v2\/posts"}],"about":[{"href":"https:\/\/www.europesays.com\/fr\/wp-json\/wp\/v2\/types\/post"}],"author":[{"embeddable":true,"href":"https:\/\/www.europesays.com\/fr\/wp-json\/wp\/v2\/users\/2"}],"replies":[{"embeddable":true,"href":"https:\/\/www.europesays.com\/fr\/wp-json\/wp\/v2\/comments?post=534492"}],"version-history":[{"count":0,"href":"https:\/\/www.europesays.com\/fr\/wp-json\/wp\/v2\/posts\/534492\/revisions"}],"wp:featuredmedia":[{"embeddable":true,"href":"https:\/\/www.europesays.com\/fr\/wp-json\/wp\/v2\/media\/534493"}],"wp:attachment":[{"href":"https:\/\/www.europesays.com\/fr\/wp-json\/wp\/v2\/media?parent=534492"}],"wp:term":[{"taxonomy":"category","embeddable":true,"href":"https:\/\/www.europesays.com\/fr\/wp-json\/wp\/v2\/categories?post=534492"},{"taxonomy":"post_tag","embeddable":true,"href":"https:\/\/www.europesays.com\/fr\/wp-json\/wp\/v2\/tags?post=534492"}],"curies":[{"name":"wp","href":"https:\/\/api.w.org\/{rel}","templated":true}]}}