{"id":534494,"date":"2025-11-14T21:01:25","date_gmt":"2025-11-14T21:01:25","guid":{"rendered":"https:\/\/www.europesays.com\/fr\/534494\/"},"modified":"2025-11-14T21:01:25","modified_gmt":"2025-11-14T21:01:25","slug":"schiltigheim-la-pietonne-de-85-ans-renversee-mercredi-est-decedee","status":"publish","type":"post","link":"https:\/\/www.europesays.com\/fr\/534494\/","title":{"rendered":"Schiltigheim. La pi\u00e9tonne de 85 ans renvers\u00e9e mercredi est d\u00e9c\u00e9d\u00e9e"},"content":{"rendered":"<p>L\u2019octog\u00e9naire percut\u00e9e par une voiture, <a href=\"https:\/\/www.dna.fr\/faits-divers-justice\/2025\/11\/12\/percutee-par-une-voiture-une-octogenaire-dans-un-etat-preoccupant\" target=\"_blank\" rel=\"noopener\">mercredi 12 novembre vers 18 h 30, rue d\u2019Erstein \u00e0 Schiltigheim<\/a> est d\u00e9c\u00e9d\u00e9e des suites de ses blessures \u00e0 l\u2019h\u00f4pital. Elle avait 85 ans.<\/p>\n<p>L\u2019automobiliste impliqu\u00e9 a \u00e9t\u00e9 entendu sous le r\u00e9gime de la garde \u00e0 vue, avant d\u2019\u00eatre remis en libert\u00e9. Des analyses toxicologiques sont en cours pour d\u00e9terminer la pr\u00e9sence \u00e9ventuelle d\u2019alcool ou de stup\u00e9fiant dans son sang.<\/p>\n<p>L\u2019enqu\u00eate a \u00e9t\u00e9 confi\u00e9e au service du GAJ hebdo routier (anciennement brigade des accidents et des d\u00e9lits routiers).<\/p>\n","protected":false},"excerpt":{"rendered":"L\u2019octog\u00e9naire percut\u00e9e par une voiture, mercredi 12 novembre vers 18 h 30, rue d\u2019Erstein \u00e0 Schiltigheim est d\u00e9c\u00e9d\u00e9e&hellip;\n","protected":false},"author":2,"featured_media":534495,"comment_status":"","ping_status":"","sticky":false,"template":"","format":"standard","meta":{"footnotes":""},"categories":[2820],"tags":[119,1111,11,2389,2649,2880,1777,674,274,107,1011,27,775,12,25,5512,640,3265],"class_list":{"0":"post-534494","1":"post","2":"type-post","3":"status-publish","4":"format-standard","5":"has-post-thumbnail","7":"category-strasbourg","8":"tag-accident","9":"tag-actu","10":"tag-actualites","11":"tag-alsace","12":"tag-bas-rhin","13":"tag-edition-strasbourg","14":"tag-eu","15":"tag-europe","16":"tag-faits-divers-justice","17":"tag-fil-info","18":"tag-fr","19":"tag-france","20":"tag-grand-est","21":"tag-news","22":"tag-republique-francaise","23":"tag-schiltigheim","24":"tag-strasbourg","25":"tag-strasbourg-nord"},"share_on_mastodon":{"url":"https:\/\/pubeurope.com\/@fr\/115550072673483310","error":""},"_links":{"self":[{"href":"https:\/\/www.europesays.com\/fr\/wp-json\/wp\/v2\/posts\/534494","targetHints":{"allow":["GET"]}}],"collection":[{"href":"https:\/\/www.europesays.com\/fr\/wp-json\/wp\/v2\/posts"}],"about":[{"href":"https:\/\/www.europesays.com\/fr\/wp-json\/wp\/v2\/types\/post"}],"author":[{"embeddable":true,"href":"https:\/\/www.europesays.com\/fr\/wp-json\/wp\/v2\/users\/2"}],"replies":[{"embeddable":true,"href":"https:\/\/www.europesays.com\/fr\/wp-json\/wp\/v2\/comments?post=534494"}],"version-history":[{"count":0,"href":"https:\/\/www.europesays.com\/fr\/wp-json\/wp\/v2\/posts\/534494\/revisions"}],"wp:featuredmedia":[{"embeddable":true,"href":"https:\/\/www.europesays.com\/fr\/wp-json\/wp\/v2\/media\/534495"}],"wp:attachment":[{"href":"https:\/\/www.europesays.com\/fr\/wp-json\/wp\/v2\/media?parent=534494"}],"wp:term":[{"taxonomy":"category","embeddable":true,"href":"https:\/\/www.europesays.com\/fr\/wp-json\/wp\/v2\/categories?post=534494"},{"taxonomy":"post_tag","embeddable":true,"href":"https:\/\/www.europesays.com\/fr\/wp-json\/wp\/v2\/tags?post=534494"}],"curies":[{"name":"wp","href":"https:\/\/api.w.org\/{rel}","templated":true}]}}