{"id":534511,"date":"2025-11-14T21:11:20","date_gmt":"2025-11-14T21:11:20","guid":{"rendered":"https:\/\/www.europesays.com\/fr\/534511\/"},"modified":"2025-11-14T21:11:20","modified_gmt":"2025-11-14T21:11:20","slug":"la-region-aux-cotes-des-apprentis","status":"publish","type":"post","link":"https:\/\/www.europesays.com\/fr\/534511\/","title":{"rendered":"La R\u00e9gion aux c\u00f4t\u00e9s des apprentis"},"content":{"rendered":"<p>La R\u00e9gion a inaugur\u00e9 les nouveaux locaux du Centre de formation des apprentis en BTP de Roubaix (59), ce jeudi 13 novembre 2025. Elle a ainsi particip\u00e9 \u00e0 leur financement. Une action forte, engag\u00e9e, pour poursuivre une insertion dans l\u2019emploi des apprentis qui est particuli\u00e8rement \u00e9lev\u00e9e en Hauts-de-France depuis plusieurs ann\u00e9es.\n<\/p>\n<p><a href=\"https:\/\/www.btpcfa.com\/\" target=\"_blank\" rel=\"noopener nofollow\">Le BTP CFA Hauts de France<\/a> versant Nord dispose historiquement de 3 sites de formation situ\u00e9s \u00e0 Marly (59), Hesdigneul-l\u00e8s-Boulogne (62) et Roubaix (59). Parce que depuis quelques ann\u00e9es, ce dernier site conna\u00eet une augmentation r\u00e9guli\u00e8re de ses effectifs, 745 apprentis au 1\u1d49\u02b3 janvier 2023 et 662 en 202, la R\u00e9gion a souhait\u00e9 \u00eatre au rendez-vous en accompagnant le d\u00e9veloppement de ce site, pour une insertion accrue des apprentis vers l\u2019emploi. Et pour pallier court terme le manque de places, BTP CFA a r\u00e9cemment lou\u00e9 et am\u00e9nag\u00e9 un site, une annexe de 576 m\u00b2 \u00e0 Villeneuve d\u2019Ascq (59).<\/p>\n<p><a href=\"https:\/\/www.hautsdefrance.fr\/app\/uploads\/2025\/11\/IMG_E0215-copie.jpg\" rel=\"nofollow noopener\" target=\"_blank\"><img loading=\"lazy\" decoding=\"async\" class=\"aligncenter size-large wp-image-192208\" src=\"https:\/\/www.europesays.com\/fr\/wp-content\/uploads\/2025\/11\/IMG_E0215-copie-1024x768.jpg\" alt=\"\" width=\"1024\" height=\"768\"  \/><\/a><\/p>\n<p><strong>Concr\u00e8tement\u00a0? <\/strong><\/p>\n<p>Pour faire face \u00e0 la demande croissante des entreprises de l\u2019agglom\u00e9ration lilloise et accueillir davantage d\u2019apprentis en installation sanitaire (IS), installation thermique (IT), sanitaire, \u00e9nergie, BTP CFA Hauts-de-France a souhait\u00e9 am\u00e9nager un plateau technique IS\/IT\/Sanitaire plus grand afin de doubler la capacit\u00e9 d\u2019accueil des apprentis et cr\u00e9er une cellule \u00ab\u00a0Energie\u00a0\u00bb pour les pompes \u00e0 chaleur, le photovolta\u00efque et les bornes de recharge. Un local bien plus grand dans le but de tripler la capacit\u00e9 d\u2019accueil. Ces travaux ont permis \u00e9galement d\u2019int\u00e9grer le plateau technique \u00ab\u00a0\u00e9lectricit\u00e9\u00a0\u00bb. Gr\u00e2ce \u00e0 ces travaux, la cellule IS\/IT passe de 412 m\u00b2 \u00e0 650 m\u00b2, la cellule \u00e9nergie de 86 m\u00b2 \u00e0 250 m\u00b2 et la cellule \u00e9lectrique de 60 m\u00b2 \u00e0 235 m\u00b2. Des conditions de travail optimales pour les apprentis des Hauts-de-France.<\/p>\n<p><a href=\"https:\/\/www.hautsdefrance.fr\/app\/uploads\/2025\/11\/IMG_E0207-copie.jpg\" rel=\"nofollow noopener\" target=\"_blank\"><img loading=\"lazy\" decoding=\"async\" class=\"aligncenter size-large wp-image-192206\" src=\"https:\/\/www.europesays.com\/fr\/wp-content\/uploads\/2025\/11\/IMG_E0207-copie-1024x768.jpg\" alt=\"\" width=\"1024\" height=\"768\"  \/><\/a><\/p>\n<p><strong>Des d\u00e9fis \u00e0 relever<\/strong><\/p>\n<p>Le nombre d\u2019inscrits en apprentissage en formation BTP au 1er d\u00e9cembre 2021 a connu une hausse de 12,6% par rapport au 1er d\u00e9cembre 2020. La progression est plus importante en R\u00e9gion Hauts de France o\u00f9 la hausse constat\u00e9e est chiffr\u00e9e \u00e0 16,8% (source CCCA BTP). Le BTP est un secteur sous tension et de nombreuses entreprises ne parviennent pas \u00e0 recruter les ouvriers qualifi\u00e9s dont elles ont besoin. C\u2019est une fili\u00e8re recrutant le plus de jeunes en apprentissage et o\u00f9 l\u2019acc\u00e8s \u00e0 l\u2019emploi en CDI est important.<\/p>\n<p>Face aux enjeux climatiques, le secteur du BTP va devoir relever le d\u00e9fi de la r\u00e9novation \u00e9nerg\u00e9tique, diversifier son offre de formation dans le domaine des \u00e9nergies renouvelables afin d\u2019\u00eatre en accord avec la volont\u00e9 des acteurs institutionnels et les acteurs \u00e9conomiques. Le CFA a nou\u00e9 un partenariat avec CEDEO (groupe Saint-Gobain) pour former des techniciens installateurs Pompe \u00e0 Chaleur et des d\u00e9panneurs en chaudi\u00e8re.<\/p>\n<p><a href=\"https:\/\/www.hautsdefrance.fr\/app\/uploads\/2025\/11\/IMG_E0205-copie.jpg\" rel=\"nofollow noopener\" target=\"_blank\"><img loading=\"lazy\" decoding=\"async\" class=\"aligncenter size-large wp-image-192212\" src=\"https:\/\/www.europesays.com\/fr\/wp-content\/uploads\/2025\/11\/IMG_E0205-copie-1024x768.jpg\" alt=\"\" width=\"1024\" height=\"768\"  \/><\/a><\/p>\n<p><strong>Un projet qui s\u2019inscrit pleinement dans la dynamique rev3<\/strong><\/p>\n<p>Ce projet contribue <a href=\"https:\/\/rev3.hautsdefrance.fr\/\" target=\"_blank\" rel=\"noopener nofollow\">au projet rev3<\/a>, qui vise \u00e0 concilier \u00e9conomie et \u00e9cologie, au travers des formations que BTP CFA Hauts-de-France pr\u00e9voit de d\u00e9ployer \u00e0 Roubaix avec un impact sur le territoire r\u00e9gional : formations sur des \u00e9quipements telles que les pompes \u00e0 chaleur, panneaux photovolta\u00efques, bornes de recharge&#8230;<\/p>\n<p>Pour le bien-\u00eatre des apprentis et votre plus grand bien \u00e0 tous et pour la plan\u00e8te. Les Hauts-de-France se transforment !<\/p>\n<p><a href=\"https:\/\/www.hautsdefrance.fr\/app\/uploads\/2025\/11\/IMG_E0204-copie.jpg\" rel=\"nofollow noopener\" target=\"_blank\"><img loading=\"lazy\" decoding=\"async\" class=\"aligncenter size-large wp-image-192210\" src=\"https:\/\/www.europesays.com\/fr\/wp-content\/uploads\/2025\/11\/IMG_E0204-copie-1024x768.jpg\" alt=\"\" width=\"1024\" height=\"768\"  \/><\/a><\/p>\n<p>\u00a0<\/p>\n","protected":false},"excerpt":{"rendered":"La R\u00e9gion a inaugur\u00e9 les nouveaux locaux du Centre de formation des apprentis en BTP de Roubaix (59),&hellip;\n","protected":false},"author":2,"featured_media":534512,"comment_status":"","ping_status":"","sticky":false,"template":"","format":"standard","meta":{"footnotes":""},"categories":[2815],"tags":[1111,11,9581,436,1777,674,1011,27,811,1307,12,25],"class_list":{"0":"post-534511","1":"post","2":"type-post","3":"status-publish","4":"format-standard","5":"has-post-thumbnail","7":"category-lille","8":"tag-actu","9":"tag-actualites","10":"tag-apprentissage","11":"tag-environnement","12":"tag-eu","13":"tag-europe","14":"tag-fr","15":"tag-france","16":"tag-hauts-de-france","17":"tag-lille","18":"tag-news","19":"tag-republique-francaise"},"share_on_mastodon":{"url":"https:\/\/pubeurope.com\/@fr\/115550113055349618","error":""},"_links":{"self":[{"href":"https:\/\/www.europesays.com\/fr\/wp-json\/wp\/v2\/posts\/534511","targetHints":{"allow":["GET"]}}],"collection":[{"href":"https:\/\/www.europesays.com\/fr\/wp-json\/wp\/v2\/posts"}],"about":[{"href":"https:\/\/www.europesays.com\/fr\/wp-json\/wp\/v2\/types\/post"}],"author":[{"embeddable":true,"href":"https:\/\/www.europesays.com\/fr\/wp-json\/wp\/v2\/users\/2"}],"replies":[{"embeddable":true,"href":"https:\/\/www.europesays.com\/fr\/wp-json\/wp\/v2\/comments?post=534511"}],"version-history":[{"count":0,"href":"https:\/\/www.europesays.com\/fr\/wp-json\/wp\/v2\/posts\/534511\/revisions"}],"wp:featuredmedia":[{"embeddable":true,"href":"https:\/\/www.europesays.com\/fr\/wp-json\/wp\/v2\/media\/534512"}],"wp:attachment":[{"href":"https:\/\/www.europesays.com\/fr\/wp-json\/wp\/v2\/media?parent=534511"}],"wp:term":[{"taxonomy":"category","embeddable":true,"href":"https:\/\/www.europesays.com\/fr\/wp-json\/wp\/v2\/categories?post=534511"},{"taxonomy":"post_tag","embeddable":true,"href":"https:\/\/www.europesays.com\/fr\/wp-json\/wp\/v2\/tags?post=534511"}],"curies":[{"name":"wp","href":"https:\/\/api.w.org\/{rel}","templated":true}]}}