{"id":534515,"date":"2025-11-14T21:13:13","date_gmt":"2025-11-14T21:13:13","guid":{"rendered":"https:\/\/www.europesays.com\/fr\/534515\/"},"modified":"2025-11-14T21:13:13","modified_gmt":"2025-11-14T21:13:13","slug":"au-salon-de-lauto-de-marseille-pourquoi-les-voitures-coutent-si-cher","status":"publish","type":"post","link":"https:\/\/www.europesays.com\/fr\/534515\/","title":{"rendered":"au Salon de l\u2019auto de Marseille, pourquoi les voitures co\u00fbtent si cher\u00a0?"},"content":{"rendered":"<p>Dans les all\u00e9es du palais de la M\u00e9diterran\u00e9e, au parc Chanot, Malik marche avec la brochure d\u2019un constructeur automobile entre les mains, vendredi 14\u00a0novembre. \u00ab\u00a0Je suis venu au Salon de l\u2019auto pour voir s\u2019il y avait des offres, lance le chef d\u2019entreprise marseillais, int\u00e9ress\u00e9 par la derni\u00e8re Golf de Volkswagen. Les prix des voitures sont devenus d\u00e9lirants.\u00a0\u00bb<\/p>\n<p>Le constat est partag\u00e9 par de nombreux visiteurs du <a href=\"https:\/\/www.laprovence.com\/article\/sortie-loisirs\/10037883518752\/salon-de-l-auto-de-marseille-f1-de-sch-suv-alpine-nouvelle-twingo-l-evenement-revient-au-parc-chanot\" target=\"_blank\" rel=\"noopener\">Salon de l\u2019auto, qui se tient du 14 au 16\u00a0novembre<\/a> au palais des congr\u00e8s marseillais\u00a0: le prix des <a href=\"https:\/\/www.laprovence.com\/article\/societe\/1770558440309815\/peugeot-208-renault-clio-voici-les-10-voitures-les-plus-vendues-en-2024-en-provence\" target=\"_blank\" rel=\"noopener\">voitures<\/a> a fortement augment\u00e9 ces derni\u00e8res ann\u00e9es. Selon une \u00e9tude publi\u00e9e en mai par l\u2019Institut mobilit\u00e9s en transition, une hausse de 24% du prix moyen &#8211; soit 6\u00a0800\u00a0euros en esp\u00e8ces sonnantes et tr\u00e9buchantes &#8211; s\u2019est produite entre\u00a02020 et\u00a02024. Et d\u2019apr\u00e8s les derni\u00e8res donn\u00e9es du cabinet AAA Data, <a href=\"https:\/\/www.laprovence.com\/article\/economie\/83765891789096\/les-prix-ont-flambe-les-ventes-de-voitures-neuves-continuent-de-chuter-en-provence-l-electrique-ne-seduit-pas\" target=\"_blank\" rel=\"noopener\">le prix moyen des voitures neuves<\/a> s\u2019est \u00e9tabli \u00e0 35\u00a0635\u00a0euros de janvier \u00e0 octobre, en l\u00e9g\u00e8re baisse de 1,4% par rapport \u00e0\u00a02024.<\/p>\n<p>\u00ab\u00a0Le prix a augment\u00e9 avec l\u2019arriv\u00e9e de l\u2019\u00e9lectrique\u00a0\u00bb<\/p>\n<p>\u00ab\u00a0Le prix de l\u2019automobile a pas mal augment\u00e9 ces derni\u00e8res ann\u00e9es avec l\u2019arriv\u00e9e de l\u2019\u00e9lectrique, constate bien Corentin, venu de Pertuis. Avant le Covid, certains v\u00e9hicules restaient abordables.\u00a0\u00bb<\/p>\n","protected":false},"excerpt":{"rendered":"Dans les all\u00e9es du palais de la M\u00e9diterran\u00e9e, au parc Chanot, Malik marche avec la brochure d\u2019un constructeur&hellip;\n","protected":false},"author":2,"featured_media":534516,"comment_status":"","ping_status":"","sticky":false,"template":"","format":"standard","meta":{"footnotes":""},"categories":[2814],"tags":[17,1111,11,65406,1777,674,1011,27,65407,151,884,12,2141,882,25,6290,104,3333,133],"class_list":{"0":"post-534515","1":"post","2":"type-post","3":"status-publish","4":"format-standard","5":"has-post-thumbnail","7":"category-marseille","8":"tag-17","9":"tag-actu","10":"tag-actualites","11":"tag-delirants","12":"tag-eu","13":"tag-europe","14":"tag-fr","15":"tag-france","16":"tag-lauto","17":"tag-les","18":"tag-marseille","19":"tag-news","20":"tag-prix","21":"tag-provence-alpes-cote-dazur","22":"tag-republique-francaise","23":"tag-salon","24":"tag-societe","25":"tag-sont","26":"tag-video"},"share_on_mastodon":{"url":"https:\/\/pubeurope.com\/@fr\/115550119900601994","error":""},"_links":{"self":[{"href":"https:\/\/www.europesays.com\/fr\/wp-json\/wp\/v2\/posts\/534515","targetHints":{"allow":["GET"]}}],"collection":[{"href":"https:\/\/www.europesays.com\/fr\/wp-json\/wp\/v2\/posts"}],"about":[{"href":"https:\/\/www.europesays.com\/fr\/wp-json\/wp\/v2\/types\/post"}],"author":[{"embeddable":true,"href":"https:\/\/www.europesays.com\/fr\/wp-json\/wp\/v2\/users\/2"}],"replies":[{"embeddable":true,"href":"https:\/\/www.europesays.com\/fr\/wp-json\/wp\/v2\/comments?post=534515"}],"version-history":[{"count":0,"href":"https:\/\/www.europesays.com\/fr\/wp-json\/wp\/v2\/posts\/534515\/revisions"}],"wp:featuredmedia":[{"embeddable":true,"href":"https:\/\/www.europesays.com\/fr\/wp-json\/wp\/v2\/media\/534516"}],"wp:attachment":[{"href":"https:\/\/www.europesays.com\/fr\/wp-json\/wp\/v2\/media?parent=534515"}],"wp:term":[{"taxonomy":"category","embeddable":true,"href":"https:\/\/www.europesays.com\/fr\/wp-json\/wp\/v2\/categories?post=534515"},{"taxonomy":"post_tag","embeddable":true,"href":"https:\/\/www.europesays.com\/fr\/wp-json\/wp\/v2\/tags?post=534515"}],"curies":[{"name":"wp","href":"https:\/\/api.w.org\/{rel}","templated":true}]}}