{"id":534525,"date":"2025-11-14T21:19:15","date_gmt":"2025-11-14T21:19:15","guid":{"rendered":"https:\/\/www.europesays.com\/fr\/534525\/"},"modified":"2025-11-14T21:19:15","modified_gmt":"2025-11-14T21:19:15","slug":"la-police-tire-sur-un-homme-arme-il-menacait-son-ex-femme","status":"publish","type":"post","link":"https:\/\/www.europesays.com\/fr\/534525\/","title":{"rendered":"la police tire sur un homme arm\u00e9, il mena\u00e7ait son ex-femme"},"content":{"rendered":"<p>                    <a title=\"\u00a0\u00a9\u00a0Linternaute.com\" href=\"https:\/\/www.europesays.com\/fr\/wp-content\/uploads\/2025\/11\/82699467.jpg\" class=\"fancy\"><\/p>\n<p>                            <img loading=\"lazy\" decoding=\"async\" src=\"https:\/\/www.europesays.com\/fr\/wp-content\/uploads\/2025\/11\/82699467.jpg\" alt=\"Gare Montparnasse\u00a0: la police tire sur un homme arm\u00e9, il mena\u00e7ait son ex-femme\" width=\"1500\" height=\"1000\"\/><\/p>\n<p>                    <\/a><\/p>\n<p>                Un homme arm\u00e9 d&rsquo;un couteau a \u00e9t\u00e9 ma\u00eetris\u00e9 par la police sur un quai de la gare Montparnasse, \u00e0 Paris, ce vendredi apr\u00e8s-midi. Les forces de l&rsquo;ordre \u00e9taient sur place pour l&rsquo;interpeller \u00e0 la sortie de son train alors qu&rsquo;il avait menac\u00e9 son ex-femme et ses enfants de les tuer.<\/p>\n<p>Cohue g\u00e9n\u00e9rale \u00e0 la gare Montparnasse. Un important mouvement de foule s&rsquo;est produit \u00e0 l&rsquo;int\u00e9rieur de la gare Montparnasse, \u00e0 Paris, ce vendredi apr\u00e8s-midi.\u00a0Des coups de feu ont \u00e9t\u00e9 entendus, avant que la gare ne soit peu \u00e0 peu \u00e9vacu\u00e9e. On sait d\u00e9sormais que c&rsquo;est l&rsquo;interpellation d&rsquo;un homme \u00e2g\u00e9 de 44 ans qui a d\u00e9g\u00e9n\u00e9r\u00e9.\u00a0Celui-ci venait d&rsquo;arriver en gare via un train Ouigo parti\u00a0de Rennes.\u00a0<\/p>\n<p>Vis\u00e9 par une enqu\u00eate pour violences conjugales diligent\u00e9e par le commissariat du Kremlin-Bic\u00eatre (Val-de-Marne), l&rsquo;individu qui sortait du train a rapidement d\u00e9couvert un barrage de policiers venus l&rsquo;accueillir. C&rsquo;est alors qu&rsquo;il a tent\u00e9 de fuir en courant. For\u00e7ant un premier barrage de policiers, comme en t\u00e9moigne un passager aupr\u00e8s du\u00a0<a href=\"https:\/\/www.leparisien.fr\/faits-divers\/coups-de-feu-a-la-gare-montparnasse-un-homme-qui-menacait-de-tuer-sa-femme-maitrise-apres-avoir-sorti-un-couteau-14-11-2025-ZPQ5XESWMFAG7ODW7JKZHKARIY.php\" target=\"_blank\" rel=\"noopener\">Parisien<\/a>, l&rsquo;individu s&rsquo;est ensuite retrouv\u00e9 face \u00e0 un second. Et alors qu&rsquo;on lui demandait de stopper sa course, l&rsquo;homme ne s&rsquo;est pas arr\u00eat\u00e9. \u00ab\u00a0Ils ont fini par le gazer. L\u00e0, il a mis un masque chirurgical sur son visage pour \u00e9viter d\u2019\u00eatre g\u00ean\u00e9 par la lacrymog\u00e8ne\u00a0\u00bb, explique une jeune femme qui a assist\u00e9 \u00e0 la sc\u00e8ne au quotidien de la capitale.<\/p>\n<p>Mis en joue, l&rsquo;homme a continu\u00e9\u00a0d&rsquo;avancer malgr\u00e9 les demandes qui lui \u00e9taient faites de s&rsquo;arr\u00eater. C&rsquo;est alors qu&rsquo;il a gliss\u00e9\u00a0une main \u00e0 l&rsquo;int\u00e9rieur de son manteau. Un geste qui a suscit\u00e9\u00a0la panique dans les rangs des policiers, alors que la France comm\u00e9morait hier les 10 ans des attentats du 13-Novembre. La police a fait feu \u00e0 deux reprises. Selon le parquet de Paris, l&rsquo;individu a \u00e9t\u00e9 \u00ab\u00a0touch\u00e9 \u00e0 la jambe par le tir d\u2019un policier de la brigade des r\u00e9seaux ferr\u00e9s, et s\u2019est ensuite ass\u00e9n\u00e9 des coups de couteau \u00e0 la gorge\u00a0\u00bb. Pris en charge par les secours dans la foul\u00e9e, il a \u00e9t\u00e9 hospitalis\u00e9. Son pronostic vital n&rsquo;est pas engag\u00e9.\u00a0<\/p>\n<p>Condamn\u00e9 \u00e0 18 mois de prison en septembre dernier<\/p>\n<p>L&rsquo;homme serait originaire de\u00a0Wallis-et-Futuna\u00a0et recherch\u00e9 \u00e0 la demande du parquet de\u00a0Cr\u00e9teil\u00a0et du commissariat de Cachan, selon une source polici\u00e8re aupr\u00e8s du journal <a href=\"https:\/\/www.lefigaro.fr\/faits-divers\/paris-un-homme-arme-d-un-couteau-neutralise-par-les-forces-de-l-ordre-a-la-gare-montparnasse-20251114\" target=\"_blank\" rel=\"noopener\">Le Figaro<\/a>. L&rsquo;individu \u00e9tait donc connu des services de police et de justice pour violences conjugales. Fin septembre, il avait \u00e9t\u00e9 condamn\u00e9 \u00e0 18 mois de prison pour des faits de violences sur conjoint,\u00a0en pr\u00e9sence d&rsquo;un\u00a0mineur, avec ITT sup\u00e9rieure\u00a0\u00e0 huit\u00a0jours. Mais \u00e9galement pour menace de mort par conjoint et violences par ascendant sur un mineur, rapporte Le Parisien. Les faits reproch\u00e9s ont \u00e9t\u00e9 commis entre le 1er janvier 2024 et le 17 septembre 2025, indique le parquet dans un communiqu\u00e9 relay\u00e9 par <a href=\"https:\/\/www.ouest-france.fr\/societe\/faits-divers\/direct-la-police-tire-sur-un-homme-menacant-arme-dun-couteau-a-montparnasse-la-gare-evacuee-850e86f0-ba76-4835-8e59-be4b353fe25a\" target=\"_blank\" rel=\"noopener\">Ouest-France<\/a>, qui pr\u00e9cise que sa peine comprenait une obligation de se faire soigner ainsi qu&rsquo;une interdiction de se rendre au travail et au domicile de son ex-femme.<\/p>\n<p>Deux enqu\u00eates bien distinctes ont \u00e9t\u00e9 ouvertes, selon les informations de <a href=\"https:\/\/www.franceinfo.fr\/faits-divers\/un-homme-menacant-blesse-par-balles-par-la-police-a-la-gare-montparnasse-a-paris_7616138.html\" target=\"_blank\" rel=\"noopener\">Radio France<\/a>.\u00a0Une enqu\u00eate a \u00e9t\u00e9 confi\u00e9e au 3e district de police judiciaire et porte sur la \u00ab\u00a0tentative d\u2019homicide sur personne d\u00e9positaire de l\u2019autorit\u00e9 publique\u00a0\u00bb, par le porteur du couteau. L\u2019autre, confi\u00e9e \u00e0 l\u2019IGPN, porte sur le \u00ab\u00a0cadre dans lequel il a \u00e9t\u00e9 fait usage de l\u2019arme \u00e0 feu par le policier\u00a0\u00bb.<\/p>\n<p>\u00c0 noter qu&rsquo;il y a eu une victime collat\u00e9rale dans cette affaire. Un passant n\u00e9 en 1972 a en effet \u00e9t\u00e9 bless\u00e9 au pied par un coup de feu, a fait savoir le parquet. Il a \u00e9galement \u00e9t\u00e9 pris en charge par les secours.\u00a0<\/p>\n<p>Une gare bond\u00e9e au moment des faits et de nombreux retards<\/p>\n<p>\u00ab\u00a0On est arriv\u00e9 \u00e0 la gare entre 14h30 et 14h45 et attendait notre train dans le Hall 1-2 des TGV. La gare \u00e9tait bond\u00e9e, avec beaucoup d\u2019attente aux ascenseurs pour rejoindre les halls des d\u00e9parts. On a entendu crier au loin. Tout de suite apr\u00e8s, il y a eu plusieurs coups de feu, au moins 2 ou 3. La gare \u00e9tait pleine, il y a eu des cris\u00a0; tout le monde s\u2019est mis \u00e0 courir, avec un mouvement de foule, notamment dans les escalateurs pour redescendre sur le parvis. Des personnes ont chut\u00e9 en arrivant sur le parvis\u00a0\u00bb, nous indique un couple en partance pour Bordeaux, pr\u00e9sent au moment des faits. \u00ab\u00a0Le temps de sortir sur le parvis, on a vu des fourgons de police arriver, des policiers arm\u00e9s et des gros camions de pompiers. La gare a ensuite \u00e9t\u00e9 rapidement \u00e9vacu\u00e9e\u00a0\u00bb, poursuivent-ils.<\/p>\n<p>Les faits se sont d\u00e9roul\u00e9s au niveau des \u00ab\u00a0Grandes lignes\u00a0\u00bb de la gare situ\u00e9e dans le XVe arrondissement de la capitale. Sur place, un important dispositif de forces de l&rsquo;ordre est pr\u00e9sent. \u00c0 19 heures, ce vendredi soir, les voies 3 \u00e0 6 \u00e9taient toujours inaccessibles au public et les magasins en face de ces voies ferm\u00e9s. Les panneaux d&rsquo;affichage de la gare Montparnasse affichaient,\u00a0quant \u00e0 eux, des retards de 10 \u00e0 15 minutes\u00a0en direction de Brest, Bordeaux, Toulouse, La Rochelle et Tours.<\/p>\n<p><a name=\"post1763148624\"\/>20:30 &#8211; \u00ab\u00a0On ne peut s\u2019emp\u00eacher de penser au Bataclan\u00a0\u00bb<\/p>\n<p>Dans les colonnes du\u00a0Parisien, plusieurs t\u00e9moins confient avoir pens\u00e9 \u00e0 une possible attaque terroriste alors que la veille se sont tenues\u00a0les comm\u00e9morations pour les dix ans des attentats du 13-Novembre. \u00ab\u00a0Il y a des gens qui sont partis en courant, ils ont eu peur\u00a0\u00bb, confie un t\u00e9moin. Et une autre de rench\u00e9rir : \u00ab\u00a0Tout le monde s\u2019est mis \u00e0 courir, j\u2019ai suivi la foule.\u00a0En m\u00eame temps avec les comm\u00e9morations d\u2019hier, on ne peut s\u2019emp\u00eacher de penser au Bataclan. Il y a toujours cette psychose.\u00a0\u00bb Deux retrait\u00e9s acquiescent : \u00ab\u00a0Forc\u00e9ment, on pense tout de suite \u00e0 un attentat.\u00a0\u00bb<\/p>\n<p><a name=\"post1763146108\"\/>19:48 &#8211; Beaucoup de policiers pr\u00e9sents au moment des faits<\/p>\n<p>Comme l&rsquo;a remarqu\u00e9 un t\u00e9moin sur X, il y avait \u00ab\u00a0beaucoup beaucoup de policiers, de militaires\u00a0\u00bb au moment des faits survenus <a href=\"https:\/\/www.linternaute.fr\/sortir\/guide-des-loisirs\/1395678-gare-montparnasse-ou-trouver-les-infos-de-trafic\/\" title=\"Gare Montparnasse\" target=\"_blank\" rel=\"noopener\">gare de Montparnasse<\/a>. \u00ab\u00a0Ils devaient \u00eatre au courant de quelque chose\u00a0\u00bb. Un \u00ab\u00a0p\u00e9rim\u00e8tre de s\u00e9curit\u00e9\u00a0\u00bb avait d&rsquo;ailleurs \u00e9t\u00e9 mis en place dans une partie de la gare, a fait savoir la SNCF.<\/p>\n<blockquote class=\"twitter-tweet\"><p>&#13;<\/p>\n<p dir=\"ltr\" lang=\"fr\">Je sais pas pr\u00e9cis\u00e9ment en gros je descends du train jvois y\u2019a bcp bcp de policiers, de militaires donc ils devaient \u00eatre au courant de qq chose et d\u2019un coup j\u2019entends la blinde de cris, tout le monde qui court et les flics qui demandent \u00e0 un gars de l\u00e2cher ce qu\u2019il avait<\/p>\n<p>&#13;<br \/>\n\u2014 Th\u00e9o (@theols_23) <a href=\"https:\/\/twitter.com\/theols_23\/status\/1989326552207679875?ref_src=twsrc%5Etfw\" target=\"_blank\" rel=\"noopener\">November 14, 2025<\/a><\/p><\/blockquote>\n<p>&#13;<\/p>\n<p><a name=\"post1763144088\"\/>19:14 &#8211; Certaines voies toujours inaccessibles \u00e0 Montparnasse<\/p>\n<p>Selon une journaliste de Ouest-France, \u00e0 19 heures, les voies 3 \u00e0 6 \u00e9taient toujours inaccessibles \u00e0 la gare Montparnasse. De m\u00eame, les boutiques situ\u00e9es en face des voies \u00e9taient toujours ferm\u00e9es. Par ailleurs, les panneaux d&rsquo;affichage indiquaient des retards compris entre 10 et 15 minutes en direction de Brest, Bordeaux, Toulouse, La Rochelle et Tours.<\/p>\n<p><a name=\"post1763142248\"\/>18:44 &#8211; L&rsquo;homme mena\u00e7ait de tuer son ex-femme et ses enfants \u00e0 leur domicile<\/p>\n<p>Selon les informations du\u00a0Parisien, l&rsquo;individu de la gare Montparnasse \u00e9tait vis\u00e9 par une enqu\u00eate pour violences conjugales diligent\u00e9e par le commissariat du Kremlin-Bic\u00eatre. L&rsquo;homme mena\u00e7ait de tuer ses enfants et son ex-femme \u00e0 leur domicile. Selon un communiqu\u00e9 du parquet de Paris transmis \u00e0\u00a0Ouest-France, le porteur de couteau avait \u00e9t\u00e9 condamn\u00e9 par le tribunal correctionnel de Cr\u00e9teil le 22 septembre dernier pour violences conjugales pour des faits commis entre le 1er janvier 2024 et le 17 septembre 2025. Selon le parquet, l&rsquo;individu a pr\u00e9cis\u00e9ment \u00e9t\u00e9 condamn\u00e9 \u00ab\u00a0pour menace de mort par conjoint, faits commis entre le 7 et le 14\u00a0septembre 2025, violence n\u2019ayant pas entra\u00een\u00e9 d\u2019incapacit\u00e9 de travail, par ascendant sur un mineur, faits commis le 7\u00a0septembre 2025\u00a0\u00bb.<\/p>\n<p><a name=\"post1763141103\"\/>18:25 &#8211; Le pronostic vital de l&rsquo;homme n&rsquo;est pas engag\u00e9<\/p>\n<p>Contrairement \u00e0 ce qui \u00e9tait rapport\u00e9 plus t\u00f4t, le pronostic vital de l&rsquo;homme qui s&rsquo;est fait ma\u00eetriser\u00a0\u00e0 la gare Montparnasse n&rsquo;est pas engag\u00e9. Alors qu&rsquo;il s&rsquo;est tout de m\u00eame fait tirer\u00a0dessus par les forces de l&rsquo;ordre, l&rsquo;individu a \u00e9t\u00e9 pris en charge par les secours et a \u00e9t\u00e9 transport\u00e9 \u00e0 l&rsquo;h\u00f4pital.<\/p>\n<p><a name=\"post1763138384\"\/>17:39 &#8211; Le trafic a quasiment repris normalement<\/p>\n<p>\u00ab\u00a0Le trafic ferroviaire a quasiment repris normalement \u00e0 la gare Montparnasse\u00a0\u00bb, indique TF1\/LCI. Comme nous vous l&rsquo;annoncions un peu plus t\u00f4t, une seule exception concerne un train \u00e0 destination de Bordeaux, retard\u00e9 d&rsquo;1h40 environ, n&rsquo;est toujours pas parti. Enfin,\u00a0un train en destination du Mans a notamment \u00e9t\u00e9 supprim\u00e9.<\/p>\n<p><a name=\"post1763136643\"\/>17:10 &#8211; \u00ab\u00a0La situation aurait pu \u00eatre bien plus dramatique\u00a0\u00bb<\/p>\n<p>\u00ab\u00a0Si mes coll\u00e8gues n\u2019avaient pas \u00e9t\u00e9 alert\u00e9s, ou qu\u2019ils avaient \u00e9t\u00e9 pr\u00e9venus trop tard, la situation aurait pu \u00eatre bien plus dramatique\u00a0\u00bb confie\u00a0Yannick Landreau, repr\u00e9sentant du syndicat de police Alliance, saluant l\u2019action des intervenants dans les colonnes du quotidien <a href=\"https:\/\/www.lefigaro.fr\/faits-divers\/paris-un-homme-arme-d-un-couteau-neutralise-par-les-forces-de-l-ordre-a-la-gare-montparnasse-20251114\" target=\"_blank\" rel=\"noopener\">Le Figaro<\/a>. Actuellement, l&rsquo;acc\u00e8s \u00e0 la gare a \u00e9t\u00e9 de nouveau permis, mais plusieurs voies sont toujours inaccessibles aux voyageurs et le trafic reste perturb\u00e9.<\/p>\n<p><a name=\"post1763135789\"\/>16:56 &#8211; Retour \u00e0 un trafic compl\u00e8tement normal avant 19 heures<\/p>\n<p>Le p\u00e9rim\u00e8tre\u00a0de s\u00e9curit\u00e9 de la police concerne d\u00e9sormais \u00ab\u00a0deux voies\u00a0\u00bb nous confirme la SNCF.\u00a0\u00ab\u00a0Nous avons eu 3 \u00e0 4 suppressions de train. Les retards se sont \u00e9chelonn\u00e9s entre 10 minutes et 1h30 avec une exception sur un train \u00e0 1h40\u00a0\u00bb, apprend-on. Une bonne nouvelle est enfin annonc\u00e9e avec le \u00ab\u00a0retour \u00e0 un trafic compl\u00e8tement normal avant 19 heures, donc avant la pointe pour le week-end\u00a0\u00bb.<\/p>\n<p><a name=\"post1763134482\"\/>16:34 &#8211; Deux enqu\u00eates distinctes ouvertes<\/p>\n<p>Une enqu\u00eate a \u00e9t\u00e9 confi\u00e9e au 3\u00e8me district de police judiciaire et porte sur la \u00ab\u00a0tentative d\u2019homicide sur personne d\u00e9positaire de l\u2019autorit\u00e9 publique\u00a0\u00bb, par le porteur du couteau. L\u2019autre, confi\u00e9e \u00e0 l\u2019IGPN, porte sur le \u00ab\u00a0cadre dans lequel il a \u00e9t\u00e9 fait usage de l\u2019arme \u00e0 feu par le policier\u00a0\u00bb, indique France Info.<\/p>\n<p><a name=\"post1763133260\"\/>16:14 &#8211; Le pronostic vital de l&rsquo;homme porteur du couteau est engag\u00e9<\/p>\n<p>Selon les informations de <a href=\"https:\/\/www.bfmtv.com\/police-justice\/un-homme-exhibe-un-couteau-a-la-gare-montparnasse-a-paris-un-policier-ouvre-le-feu_AN-202511140650.html\" target=\"_blank\" rel=\"noopener\">BFMTV<\/a>,\u00a0l\u2019homme porteur du couteau\u00a0\u00ab\u00a0est en urgence absolue, son pronostic vital est engag\u00e9\u00a0\u00bb. La deuxi\u00e8me victime, bless\u00e9e, est en urgence relative. Les deux ont \u00e9t\u00e9 pris en charge par les secours, pr\u00e9cise la cha\u00eene info.<\/p>\n<p><a name=\"post1763132122\"\/>15:55 &#8211; Le forcen\u00e9 \u00e9tait recherch\u00e9 \u00e0 la demande du parquet de\u00a0Cr\u00e9teil<\/p>\n<p>Le forcen\u00e9 \u00e9tait, selon une source polici\u00e8re au\u00a0Figaro, originaire de\u00a0Wallis-et-Futuna, et recherch\u00e9 \u00e0 la demande du parquet de\u00a0Cr\u00e9teil\u00a0et du commissariat de Cachan pour avoir menac\u00e9 de tuer sa femme et ses enfants. Il arrivait en provenance de Rennes \u00e0 bord d&rsquo;un train OUIGO.<\/p>\n<p><a name=\"post1763131128\"\/>15:38 &#8211; \u00ab\u00a0Le trafic est toujours perturb\u00e9\u00a0\u00bb, confie la SNCF<\/p>\n<p>Contact\u00e9 par Linternaute.com, la SNCF\u00a0confirme\u00a0un incident gare Montparnasse, ce vendredi mais ne donne pas davantage d&rsquo;informations sur la nature des faits. \u00ab\u00a0Le trafic est toujours perturb\u00e9 avec un p\u00e9rim\u00e8tre de s\u00e9curit\u00e9 \u00e9tabli \u00e0 la demande de la police (&#8230;) Ce p\u00e9rim\u00e8tre concerne les Hall 1-2\u00a0TGV. Sur le reste de la gare, le trafic est normal\u00a0\u00bb, indique le service presse de la SNCF.<\/p>\n<p><a name=\"post1763131010\"\/>15:36 &#8211; \u00ab\u00a0Il y a eu des cris, tout le monde s\u2019est mis \u00e0 courir\u00a0\u00bb<\/p>\n<p>\u00ab\u00a0On est arriv\u00e9 \u00e0 la gare entre 14h30 et 14h45 et attendait notre train dans le Hall 1-2 des TGV. La gare \u00e9tait bond\u00e9e, avec beaucoup d\u2019attente aux ascenseurs pour rejoindre les halls des d\u00e9parts. On a entendu crier au loin. Tout de suite apr\u00e8s, il y a eu plusieurs coups de feu, au moins 2 ou 3. La gare \u00e9tait pleine, il y a eu des cris\u00a0; tout le monde s\u2019est mis \u00e0 courir, avec un mouvement de foule, notamment dans les escalators pour redescendre sur le parvis. Des personnes ont chut\u00e9 en arrivant sur le parvis\u00a0\u00bb, nous indique un couple pr\u00e9sent au moment des faits, en partance pour Bordeaux. \u00ab\u00a0Le temps de sortir sur le parvis, on a vu des fourgons de police arriver, des policiers arm\u00e9s et des gros camions de pompiers. La gare a ensuite \u00e9t\u00e9 rapidement \u00e9vacu\u00e9e\u00a0\u00bb, poursuivent-ils.<\/p>\n<p><a name=\"post1763130566\"\/>15:29 &#8211; Une victime collat\u00e9rale, la piste terroriste pas privil\u00e9gi\u00e9e<\/p>\n<p>L&rsquo;homme qui mena\u00e7ait de tuer sa femme et qui a \u00e9t\u00e9 neutralis\u00e9 par les forces de l&rsquo;ordre\u00a0est \u00e2g\u00e9\u00a0de 44 ans, indique\u00a0<a href=\"https:\/\/www.leparisien.fr\/faits-divers\/coups-de-feu-a-la-gare-montparnasse-un-homme-qui-menacait-de-tuer-sa-femme-maitrise-apres-avoir-sorti-un-couteau-14-11-2025-ZPQ5XESWMFAG7ODW7JKZHKARIY.php\" target=\"_blank\" rel=\"noopener\">Le Parisien<\/a>.\u00a0\u00c0 ce stade, la piste terroriste n\u2019est pas privil\u00e9gi\u00e9e, indique une source polici\u00e8re aupr\u00e8s du quotidien francilien. De plus, \u00ab\u00a0une victime collat\u00e9rale aurait \u00e9t\u00e9 touch\u00e9e par balle au pied lors des tirs\u00a0\u00bb, apprend-on.<\/p>\n<p><a name=\"post1763130215\"\/>15:23 &#8211; \u00ab\u00a0Un homme connu pour violences conjugales\u00a0\u00bb<\/p>\n<p>\u00ab\u00a0Il ressort des tous premiers \u00e9l\u00e9ments port\u00e9s \u00e0 notre connaissance qu\u2019un homme connu pour violences conjugales avait exhib\u00e9 un couteau, et qu\u2019un policier a fait usage de son arme pour l\u2019interrompre\u00a0\u00bb, a pr\u00e9cis\u00e9 le parquet de Paris aupr\u00e8s de BFMTV.\u00a0\u00ab\u00a0L\u2019homme se serait ensuite port\u00e9\u00a0(des) coups de couteau\u00a0\u00bb, apprend-on.<\/p>\n<p><script async src=\"https:\/\/platform.twitter.com\/widgets.js\" charset=\"utf-8\"><\/script><\/p>\n","protected":false},"excerpt":{"rendered":"Un homme arm\u00e9 d&rsquo;un couteau a \u00e9t\u00e9 ma\u00eetris\u00e9 par la police sur un quai de la gare Montparnasse,&hellip;\n","protected":false},"author":2,"featured_media":534526,"comment_status":"","ping_status":"","sticky":false,"template":"","format":"standard","meta":{"footnotes":""},"categories":[1888],"tags":[1111,1928,11,1927,65408,51761,1777,674,118,51763,1011,27,12,1926,51767,626,1925,25],"class_list":{"0":"post-534525","1":"post","2":"type-post","3":"status-publish","4":"format-standard","5":"has-post-thumbnail","7":"category-paris","8":"tag-actu","9":"tag-actu-paris","10":"tag-actualites","11":"tag-actualites-paris","12":"tag-cms-linternaute-9228445","13":"tag-controller-content","14":"tag-eu","15":"tag-europe","16":"tag-faits-divers","17":"tag-format-papier","18":"tag-fr","19":"tag-france","20":"tag-news","21":"tag-news-paris","22":"tag-parallaxeinfeed","23":"tag-paris","24":"tag-paris-news","25":"tag-republique-francaise"},"share_on_mastodon":{"url":"https:\/\/pubeurope.com\/@fr\/115550144262795106","error":""},"_links":{"self":[{"href":"https:\/\/www.europesays.com\/fr\/wp-json\/wp\/v2\/posts\/534525","targetHints":{"allow":["GET"]}}],"collection":[{"href":"https:\/\/www.europesays.com\/fr\/wp-json\/wp\/v2\/posts"}],"about":[{"href":"https:\/\/www.europesays.com\/fr\/wp-json\/wp\/v2\/types\/post"}],"author":[{"embeddable":true,"href":"https:\/\/www.europesays.com\/fr\/wp-json\/wp\/v2\/users\/2"}],"replies":[{"embeddable":true,"href":"https:\/\/www.europesays.com\/fr\/wp-json\/wp\/v2\/comments?post=534525"}],"version-history":[{"count":0,"href":"https:\/\/www.europesays.com\/fr\/wp-json\/wp\/v2\/posts\/534525\/revisions"}],"wp:featuredmedia":[{"embeddable":true,"href":"https:\/\/www.europesays.com\/fr\/wp-json\/wp\/v2\/media\/534526"}],"wp:attachment":[{"href":"https:\/\/www.europesays.com\/fr\/wp-json\/wp\/v2\/media?parent=534525"}],"wp:term":[{"taxonomy":"category","embeddable":true,"href":"https:\/\/www.europesays.com\/fr\/wp-json\/wp\/v2\/categories?post=534525"},{"taxonomy":"post_tag","embeddable":true,"href":"https:\/\/www.europesays.com\/fr\/wp-json\/wp\/v2\/tags?post=534525"}],"curies":[{"name":"wp","href":"https:\/\/api.w.org\/{rel}","templated":true}]}}