{"id":534527,"date":"2025-11-14T21:20:21","date_gmt":"2025-11-14T21:20:21","guid":{"rendered":"https:\/\/www.europesays.com\/fr\/534527\/"},"modified":"2025-11-14T21:20:21","modified_gmt":"2025-11-14T21:20:21","slug":"paris-un-policier-ouvre-le-feu-sur-un-homme-arme-dun-couteau-a-la-gare-montparnasse","status":"publish","type":"post","link":"https:\/\/www.europesays.com\/fr\/534527\/","title":{"rendered":"Paris : un policier ouvre le feu sur un homme arm\u00e9 d\u2019un couteau \u00e0 la Gare Montparnasse"},"content":{"rendered":"<p class=\"mb-4 text-lg md:leading-8 break-words\">Un policier a tir\u00e9 ce vendredi en d\u00e9but d\u2019apr\u00e8s-midi sur un homme connu pour violences conjugales et exhibant un couteau \u00e0 <a href=\"https:\/\/www.parismatch.com\/Actu\/Societe\/A-Montparnasse-un-exercice-antiterrosite-de-grande-ampleur-949744\" rel=\"nofollow noopener\" target=\"_blank\" data-ylk=\"slk:la gare Montparnasse \u00e0 Paris;elm:context_link;itc:0;sec:content-canvas\" class=\"link \">la gare Montparnasse \u00e0 Paris<\/a>, a indiqu\u00e9 le parquet sollicit\u00e9 par l\u2019AFP.<\/p>\n<p class=\"mb-4 text-lg md:leading-8 break-words\">Le parquet de Paris a \u00e9t\u00e9 \u00ab\u00a0avis\u00e9 d\u2019au moins un coup de feu tir\u00e9 \u00e0 la gare Montparnasse\u00a0\u00bb. Il ressort des premiers \u00e9l\u00e9ments qu\u2019un \u00ab\u00a0homme connu pour violences conjugales avait exhib\u00e9 un couteau, et qu\u2019un policier a fait usage de son arme pour l\u2019interrompre\u00a0\u00bb, a-t-on ajout\u00e9 de m\u00eame source.<\/p>\n<p class=\"mb-4 text-lg md:leading-8 break-words\">Les pompiers de Paris sont intervenus \u00ab\u00a0en appui\u00a0\u00bb des forces de l\u2019ordre pour \u00ab\u00a0deux personnes bless\u00e9es\u00a0\u00bb, sans que leur pronostic vital ne soit engag\u00e9, ont-ils indiqu\u00e9 \u00e0 l\u2019AFP, sans pr\u00e9ciser si l\u2019homme ma\u00eetris\u00e9 par la police figurait parmi ces deux bless\u00e9s.<\/p>\n<p>Evacuation de la gare<\/p>\n<p class=\"mb-4 text-lg md:leading-8 break-words\">Une partie de la gare Montparnasse a \u00e9t\u00e9 \u00e9vacu\u00e9e \u00ab\u00a0de mani\u00e8re pr\u00e9ventive\u00a0\u00bb, selon cette m\u00eame source. \u00ab\u00a0Un p\u00e9rim\u00e8tre de s\u00e9curit\u00e9 a \u00e9t\u00e9 mis en place\u00a0\u00bb, a pr\u00e9cis\u00e9 une porte-parole de la SNCF \u00e0 l\u2019AFP, pr\u00e9cisant que \u00ab\u00a0le trafic ferroviaire est l\u00e9g\u00e8rement perturb\u00e9 en cons\u00e9quence\u00a0\u00bb.<\/p>\n<p class=\"mb-4 text-lg md:leading-8 break-words\">Selon un photographe de l\u2019AFP pr\u00e9sent sur place, les faits se sont d\u00e9roul\u00e9s au niveau des quais de la gare, que des passagers quittaient en se disant \u00ab\u00a0choqu\u00e9s\u00a0\u00bb. Les voyageurs ont \u00e9t\u00e9 \u00e9vacu\u00e9s sur le parvis, o\u00f9 plusieurs camions de pompiers, Samu et ambulances ont \u00e9t\u00e9 mobilis\u00e9s.<\/p>\n<p class=\"mb-4 text-lg md:leading-8 break-words\"><a href=\"https:\/\/www.parismatch.com\/actu\/faits-divers\/paris-un-policier-ouvre-le-feu-sur-un-homme-arme-dun-couteau-a-la-gare-montparnasse-260161?at_medium=affiliate&amp;at_campaign=Yahoo\" rel=\"nofollow noopener\" target=\"_blank\" data-ylk=\"slk:Retrouvez cet article sur ParisMatch;elm:context_link;itc:0;sec:content-canvas\" class=\"link \">Retrouvez cet article sur ParisMatch<\/a><\/p>\n","protected":false},"excerpt":{"rendered":"Un policier a tir\u00e9 ce vendredi en d\u00e9but d\u2019apr\u00e8s-midi sur un homme connu pour violences conjugales et exhibant&hellip;\n","protected":false},"author":2,"featured_media":534528,"comment_status":"","ping_status":"","sticky":false,"template":"","format":"standard","meta":{"footnotes":""},"categories":[1888],"tags":[1111,1928,11,1927,5264,1777,674,1011,27,8037,4933,37878,12,1926,626,1925,15002,25,798],"class_list":{"0":"post-534527","1":"post","2":"type-post","3":"status-publish","4":"format-standard","5":"has-post-thumbnail","7":"category-paris","8":"tag-actu","9":"tag-actu-paris","10":"tag-actualites","11":"tag-actualites-paris","12":"tag-couteau","13":"tag-eu","14":"tag-europe","15":"tag-fr","16":"tag-france","17":"tag-gare-montparnasse","18":"tag-homme","19":"tag-la-gare","20":"tag-news","21":"tag-news-paris","22":"tag-paris","23":"tag-paris-news","24":"tag-perimetre-de-securite","25":"tag-republique-francaise","26":"tag-violences-conjugales"},"share_on_mastodon":{"url":"https:\/\/pubeurope.com\/@fr\/115550147673384138","error":""},"_links":{"self":[{"href":"https:\/\/www.europesays.com\/fr\/wp-json\/wp\/v2\/posts\/534527","targetHints":{"allow":["GET"]}}],"collection":[{"href":"https:\/\/www.europesays.com\/fr\/wp-json\/wp\/v2\/posts"}],"about":[{"href":"https:\/\/www.europesays.com\/fr\/wp-json\/wp\/v2\/types\/post"}],"author":[{"embeddable":true,"href":"https:\/\/www.europesays.com\/fr\/wp-json\/wp\/v2\/users\/2"}],"replies":[{"embeddable":true,"href":"https:\/\/www.europesays.com\/fr\/wp-json\/wp\/v2\/comments?post=534527"}],"version-history":[{"count":0,"href":"https:\/\/www.europesays.com\/fr\/wp-json\/wp\/v2\/posts\/534527\/revisions"}],"wp:featuredmedia":[{"embeddable":true,"href":"https:\/\/www.europesays.com\/fr\/wp-json\/wp\/v2\/media\/534528"}],"wp:attachment":[{"href":"https:\/\/www.europesays.com\/fr\/wp-json\/wp\/v2\/media?parent=534527"}],"wp:term":[{"taxonomy":"category","embeddable":true,"href":"https:\/\/www.europesays.com\/fr\/wp-json\/wp\/v2\/categories?post=534527"},{"taxonomy":"post_tag","embeddable":true,"href":"https:\/\/www.europesays.com\/fr\/wp-json\/wp\/v2\/tags?post=534527"}],"curies":[{"name":"wp","href":"https:\/\/api.w.org\/{rel}","templated":true}]}}