{"id":534538,"date":"2025-11-14T21:26:13","date_gmt":"2025-11-14T21:26:13","guid":{"rendered":"https:\/\/www.europesays.com\/fr\/534538\/"},"modified":"2025-11-14T21:26:13","modified_gmt":"2025-11-14T21:26:13","slug":"il-respecte-ses-engagements-le-roi-charles-iii-fete-ses-77-ans-determine-a-assumer-ses-fonctions-malgre-son-cancer","status":"publish","type":"post","link":"https:\/\/www.europesays.com\/fr\/534538\/","title":{"rendered":"\u00ab\u00a0Il respecte ses engagements\u00a0\u00bb\u00a0: le roi Charles\u00a0III f\u00eate ses 77\u00a0ans, d\u00e9termin\u00e9 \u00e0 assumer ses fonctions malgr\u00e9 son cancer"},"content":{"rendered":"<p class=\"paragraph text_align_left lp-f-body-02\">Toujours d\u00e9termin\u00e9 \u00e0 assumer pleinement ses fonctions malgr\u00e9 son cancer, <a href=\"https:\/\/www.leparisien.fr\/international\/roi-charles-iii\/\" target=\"_blank\" rel=\"noreferrer nofollow noopener\">le roi Charles III<\/a> a f\u00eat\u00e9 ce vendredi ses 77 ans avec un d\u00e9placement au pays de Galles.<\/p>\n<p class=\"paragraph text_align_left lp-f-body-02\">Alors qu\u2019\u00e0 Londres son anniversaire \u00e9tait salu\u00e9 par le canon, le roi \u00e9tait sous la pluie au pays de Galles pour assister avec la reine Camilla \u00e0 une r\u00e9ception pour le 200e anniversaire du ch\u00e2teau de Cyfarthfa, joyau de l\u2019histoire galloise, puis inaugurer un d\u00e9p\u00f4t ferroviaire. Une journ\u00e9e charg\u00e9e, \u00e0 l\u2019image de son calendrier ces derniers mois.<\/p>\n<p class=\"paragraph text_align_left lp-f-body-02\">Le monarque, qui a annonc\u00e9 \u00eatre atteint d\u2019un cancer en f\u00e9vrier 2024, a cette ann\u00e9e honor\u00e9 un nombre record d\u2019engagements depuis son arriv\u00e9e sur le tr\u00f4ne en septembre 2022, selon le Daily Express.<\/p>\n<p>Quelques sorties \u00e0 l\u2019\u00e9tranger<\/p>\n<p class=\"paragraph text_align_left lp-f-body-02\">Il a re\u00e7u en septembre, en grande pompe, <a href=\"https:\/\/www.leparisien.fr\/international\/royaume-uni\/a-windsor-charles-iii-sort-le-grand-jeu-pour-donald-trump-a-huis-clos-17-09-2025-Y3RFALRX5VCEZH7WLSYSINDM3E.php\" target=\"_blank\" rel=\"noreferrer nofollow noopener\">le pr\u00e9sident am\u00e9ricain Donald Trump au ch\u00e2teau de Windsor<\/a>, un exercice de haute diplomatie sugg\u00e9r\u00e9 par le Premier ministre Keir Starmer, soucieux de maintenir la relation privil\u00e9gi\u00e9e entre Londres et Washington.<\/p>\n<p class=\"paragraph text_align_left lp-f-body-02\">Si la plupart de ses d\u00e9placements se limitent au Royaume-Uni, Charles a aussi fait quelques sorties \u00e0 l\u2019\u00e9tranger : le couple royal \u00e9tait au Canada en mai, et <a href=\"https:\/\/www.leparisien.fr\/societe\/religions\/religion-pourquoi-le-pape-leon-xiv-et-le-roi-charles-iii-ont-marque-lhistoire-en-priant-ensemble-au-vatican-24-10-2025-LMJTOETYYNHOFFGJAW2VCODI4U.php\" target=\"_blank\" rel=\"noreferrer nofollow noopener\">au Vatican<\/a> en avril puis en octobre, pour un voyage marqu\u00e9 par une pri\u00e8re commune in\u00e9dite avec le pape L\u00e9on XIV.<\/p>\n<p class=\"paragraph text_align_left lp-f-body-02\">Le tout sans montrer de signe de faiblesse, semblant d\u00e9mentir des rumeurs r\u00e9currentes sur un \u00e9tat de sant\u00e9 qui se d\u00e9t\u00e9riorerait.<\/p>\n<p>Des siestes l\u2019apr\u00e8s-midi<\/p>\n<p class=\"paragraph text_align_left lp-f-body-02\">Le Palais de Buckingham n\u2019a jamais pr\u00e9cis\u00e9 le type de cancer dont souffre le monarque, alimentant les sp\u00e9culations, a soulign\u00e9 jeudi Robert Jobson, sp\u00e9cialiste de la monarchie et auteur d\u2019un nouveau livre intitul\u00e9 \u00ab The Windsor legacy : A Royal Dynasty of Secrets, Scandal and Survival \u00bb.<\/p>\n<p class=\"paragraph text_align_left lp-f-body-02\">M\u00eame si \u00ab on ne peut pas attendre de lui qu\u2019il soit \u00e0 100 % \u00bb, a ajout\u00e9 Robert Jobson devant quelques journalistes, \u00ab il respecte ses engagements, et continue \u00e0 faire tout ce que l\u2019on attend d\u2019un roi \u00bb. Il a aussi chang\u00e9 certaines habitudes : il fait d\u00e9sormais \u00ab la sieste l\u2019apr\u00e8s-midi \u00bb, selon Robert Jobson.<\/p>\n<p class=\"title-embed-dailymotion lp-color-text lp-f-subtitle-04\">Vid\u00e9oCancer de Charles\u00a0III\u00a0: le prince William remercie les Britanniques pour leur \u00ab\u00a0sympathie\u00a0\u00bb<\/p>\n<p class=\"paragraph text_align_left lp-f-body-02\">Charles a aussi confi\u00e9 en riant, vendredi au pays de Galles, \u00ab essayer de faire de la gymnastique &#8211; deux fois par jour \u00bb, selon l\u2019agence Press Association. De fait, Charles \u00ab aime son travail et c\u2019est ce qui le fait tenir \u00bb, confiait la reine Camilla lors de leur visite \u00e0 Rome en avril.<\/p>\n<p>Une famille royale boulevers\u00e9e<\/p>\n<p class=\"paragraph text_align_left lp-f-body-02\">D\u00e9j\u00e0 secou\u00e9 par la brouille avec son fils Harry, le roi a aussi eu fort \u00e0 faire r\u00e9cemment pour tenter d\u2019att\u00e9nuer les critiques de la monarchie relanc\u00e9es par les derniers rebondissements du scandale entourant son fr\u00e8re cadet Andrew, en raison de ses liens avec <a href=\"https:\/\/www.leparisien.fr\/international\/etats-unis\/il-savait-pour-les-filles-cinq-minutes-pour-comprendre-les-nouvelles-accusations-contre-donald-trump-dans-laffaire-epstein-13-11-2025-FWZ4WGLX2RFP3E54UFX33LO65M.php\" target=\"_blank\" rel=\"noreferrer nofollow noopener\">le p\u00e9docriminel am\u00e9ricain Jeffrey Epstein<\/a>.<\/p>\n<p class=\"paragraph text_align_left lp-f-body-02\">Charles a notamment pris fin octobre la d\u00e9cision historique <a href=\"https:\/\/www.leparisien.fr\/international\/empetre-dans-laffaire-epstein-le-prince-andrew-perd-son-titre-de-prince-et-va-devoir-quitter-le-royal-lodge-30-10-2025-SARLEQU2BZDSTNRLD66XRSEBNQ.php\" target=\"_blank\" rel=\"noreferrer nofollow noopener\">de lui retirer son titre de prince<\/a> et de l\u2019obliger \u00e0 abandonner sa luxueuse r\u00e9sidence dans le domaine de Windsor. Sans garantie que cela mettra un terme \u00e0 cette affaire, qui empoisonne depuis 2011 la plus c\u00e9l\u00e8bre des monarchies de la plan\u00e8te.<\/p>\n<p class=\"paragraph text_align_left lp-f-body-02\">Reste que, malgr\u00e9 le regain d\u2019activit\u00e9s de Charles ces derniers mois, le palais pr\u00e9pare la suite. Le <a href=\"https:\/\/www.leparisien.fr\/international\/william\/\" target=\"_blank\" rel=\"noreferrer nofollow noopener\">prince h\u00e9ritier William<\/a>, \u00e2g\u00e9 de 43 ans, est de plus en plus visible. Il a confi\u00e9 <a href=\"https:\/\/www.leparisien.fr\/international\/royaume-uni\/envie-de-changer-les-choses-comment-le-prince-william-veut-faire-evoluer-la-monarchie-britannique-quand-le-sera-roi-03-10-2025-JLHL3AM2ARAETE5CH3SIKJ62AY.php\" target=\"_blank\" rel=\"noreferrer nofollow noopener\">vouloir \u00ab apporter un peu de changement \u00bb<\/a> dans le fonctionnement de la monarchie, dans une r\u00e9cente interview.<\/p>\n<p class=\"paragraph text_align_left lp-f-body-02\">Le fils a\u00een\u00e9 de Charles III a aussi fait une visite remarqu\u00e9e au Br\u00e9sil <a href=\"https:\/\/www.leparisien.fr\/environnement\/votre-avenir-sera-radieux-ce-que-dit-le-prince-william-a-ses-enfants-sur-le-changement-climatique-06-11-2025-LHUQLDW2B5A7PLOXOREZICBB7Y.php\" target=\"_blank\" rel=\"noreferrer nofollow noopener\">\u00e0 l\u2019occasion de la COP30<\/a> la semaine derni\u00e8re, reprenant le r\u00f4le de d\u00e9fenseur de l\u2019environnement embl\u00e9matique de son p\u00e8re.<\/p>\n<p class=\"paragraph text_align_left lp-f-body-02\">William et son \u00e9pouse Kate, symboles d\u2019une royaut\u00e9 rajeunie, restent les membres les plus populaires de la famille royale : les trois-quarts de la population britannique ont d\u2019eux une opinion positive, selon un sondage de l\u2019institut YouGov publi\u00e9 fin octobre, contre 62 % pour Charles.<\/p>\n","protected":false},"excerpt":{"rendered":"Toujours d\u00e9termin\u00e9 \u00e0 assumer pleinement ses fonctions malgr\u00e9 son cancer, le roi Charles III a f\u00eat\u00e9 ce vendredi&hellip;\n","protected":false},"author":2,"featured_media":534539,"comment_status":"","ping_status":"","sticky":false,"template":"","format":"standard","meta":{"footnotes":""},"categories":[1588],"tags":[11,1777,674,14,12,473,1853,1851,1850,1852],"class_list":{"0":"post-534538","1":"post","2":"type-post","3":"status-publish","4":"format-standard","5":"has-post-thumbnail","7":"category-royaume-uni","8":"tag-actualites","9":"tag-eu","10":"tag-europe","11":"tag-international","12":"tag-news","13":"tag-royaume-uni","14":"tag-royaume-uni-de-grande-bretagne-et-dirlande-du-nord","15":"tag-uk","16":"tag-united-kingdom","17":"tag-united-kingdom-of-great-britain-and-northern-ireland"},"share_on_mastodon":{"url":"https:\/\/pubeurope.com\/@fr\/115550170937572257","error":""},"_links":{"self":[{"href":"https:\/\/www.europesays.com\/fr\/wp-json\/wp\/v2\/posts\/534538","targetHints":{"allow":["GET"]}}],"collection":[{"href":"https:\/\/www.europesays.com\/fr\/wp-json\/wp\/v2\/posts"}],"about":[{"href":"https:\/\/www.europesays.com\/fr\/wp-json\/wp\/v2\/types\/post"}],"author":[{"embeddable":true,"href":"https:\/\/www.europesays.com\/fr\/wp-json\/wp\/v2\/users\/2"}],"replies":[{"embeddable":true,"href":"https:\/\/www.europesays.com\/fr\/wp-json\/wp\/v2\/comments?post=534538"}],"version-history":[{"count":0,"href":"https:\/\/www.europesays.com\/fr\/wp-json\/wp\/v2\/posts\/534538\/revisions"}],"wp:featuredmedia":[{"embeddable":true,"href":"https:\/\/www.europesays.com\/fr\/wp-json\/wp\/v2\/media\/534539"}],"wp:attachment":[{"href":"https:\/\/www.europesays.com\/fr\/wp-json\/wp\/v2\/media?parent=534538"}],"wp:term":[{"taxonomy":"category","embeddable":true,"href":"https:\/\/www.europesays.com\/fr\/wp-json\/wp\/v2\/categories?post=534538"},{"taxonomy":"post_tag","embeddable":true,"href":"https:\/\/www.europesays.com\/fr\/wp-json\/wp\/v2\/tags?post=534538"}],"curies":[{"name":"wp","href":"https:\/\/api.w.org\/{rel}","templated":true}]}}