{"id":534551,"date":"2025-11-14T21:35:12","date_gmt":"2025-11-14T21:35:12","guid":{"rendered":"https:\/\/www.europesays.com\/fr\/534551\/"},"modified":"2025-11-14T21:35:12","modified_gmt":"2025-11-14T21:35:12","slug":"pro-d2-valence-romans-resiste-a-lincroyable-2e-mi-temps-de-carcassonne-pour-une-5e-victoire-en-6-journees","status":"publish","type":"post","link":"https:\/\/www.europesays.com\/fr\/534551\/","title":{"rendered":"Pro D2 \u2013 Valence Romans r\u00e9siste \u00e0 l\u2019incroyable 2e mi-temps de Carcassonne pour une 5e victoire en 6 journ\u00e9es"},"content":{"rendered":"<p>\n                Pro D2 \u2013 C\u2019\u00e9tait une affiche singuli\u00e8re \u00e0 Albert-Domec entre une \u00e9quipe\u00a0tr\u00e8s en forme du haut du classement, Valence Romans, en visite chez le dernier, Carcassonne, sans victoire depuis presque deux mois. Les s\u00e9ries allaient-elles se poursuivre dans l\u2019Aude ou s\u2019interrompre lors de cette 11e journ\u00e9e\u00a0? Cela a donn\u00e9 un match fou avec deux mi-temps aux antipodes mais le retour flamboyant des Audois n\u2019a pas suffi pour une victoire in extremis des Damiers (28-32) qui poursuivent leur marche en avant. Nouvelle d\u00e9faite pour Carcassonne mais des motifs d\u2019espoirs ont surgi de cette \u00e9norme seconde p\u00e9riode en plus du point de bonus d\u00e9fensif.\n            <\/p>\n<p>Il fallait l\u2019almanach des sports de Retour vers le futur pour annoncer \u00e0 la pause ce qui allait suivre pendant les 40 minutes restantes. Certes l\u2019\u00e9quipe en t\u00eate confortablement \u00e0 la pause s\u2019est impos\u00e9e mais elle a clairement trembl\u00e9 en fin de match dans les ultimes\u00a0assauts adverses. <strong><a href=\"https:\/\/www.rugbyrama.fr\/resultats\/rugby\/pro-d2\/phase-reguliere\/rencontre\/55656\/carcassonne-valence-romans\/direct\" target=\"_self\" rel=\"nofollow noopener\">Valence Romans s\u2019est impos\u00e9 \u00e0 Carcassonne mais a beaucoup souffert<\/a><\/strong> pour y parvenir. Le r\u00e9sultat reste une victoire des Valentino-Romanais\u00a0mais le contenu donnera des motifs d\u2019esp\u00e9rer \u00e0 Bernard Goutta et tout le peuple jaune de l\u2019USC.<\/p>\n<p>\u00a0<\/p>\n<p>Valence Romans fait la course (bien) en t\u00eate<\/p>\n<p>La premi\u00e8re p\u00e9riode ne fut pas forc\u00e9ment \u00e0 sens unique mais le tableau d\u2019affichage oui. Apr\u00e8s 40 minutes de jeu et le retour aux vestiaires, les Carcassonnais venaient de vivre une 3e mi-temps de rang sans marquer un seul point apr\u00e8s le 19-0 du match \u00e0 Dax. Valence Romans faisait du Valence Romans en \u00e9tant tr\u00e8s r\u00e9aliste gr\u00e2ce \u00e0 la botte de Lucas Meret (100\u00a0% de r\u00e9ussite) avec 5 p\u00e9nalit\u00e9s (6e, 10e, 15e, 25e, 40e) et une transformation (36e). Si l\u2019essai de Louis Suaud \u00e9tait l\u00e9g\u00e8rement chanceux gr\u00e2ce \u00e0 un coup de pied de d\u00e9gagement aux rebonds capricieux (36e), les Damiers avaient surtout domin\u00e9 en conqu\u00eate, sanctionnant l\u2019USC en attaque et en d\u00e9fense pour passer sereinement en t\u00eate \u00e0 la pause (0-22).<\/p>\n<p>\u00a0<\/p>\n<p>Les 40 derni\u00e8res minutes \u00e9taient toutes autres. Bernard Goutta proc\u00e9dait \u00e0 beaucoup de changements \u00e0 la pause, chez ses avants mais pas que. Gabin Michet entrait \u00e0 l\u2019ouverture comme les fr\u00e8res Lorenzon dans le pack. Pour un effet imm\u00e9diat. Apr\u00e8s un num\u00e9ro collectif dans l\u2019axe, le jeu partait sur l\u2019aile droite avec les trois-quarts Gadea et Pichon pour retrouver \u00e0 l\u2019int\u00e9rieur les frangins Lorenzon. Florent marquait sur une passe apr\u00e8s contact de Fabien (7-22, 47e). M\u00e9content mais toujours sereinement devant, Valence Romans r\u00e9pliquait rapidement avec un deuxi\u00e8me essai Louis Marrou sur une p\u00e9nalit\u00e9 gagn\u00e9e sur une touche adverse dans les 22m de Carcassonne. Les trois-quarts au large vont planter (53e, 7-29).<\/p>\n<p>\u00a0<\/p>\n<p>La furia carcassonnaise apr\u00e8s la pause<\/p>\n<p>\u00a0<\/p>\n<p>La r\u00e9ponse du berger \u00e0 la berg\u00e8re aurait pu tuer dans l\u2019\u0153uf les vell\u00e9it\u00e9s des Audois mais l\u2019essai de Marrou trouvait lui aussi une r\u00e9ponse imm\u00e9diate. Sur le renvoi, Carcassonne r\u00e9cup\u00e9rait haut et vite le ballon et la combinaison entre Michet et Pichon sur une passe allong\u00e9e envoyait le demi-de-m\u00eal\u00e9e \u00e0 l\u2019essai plein axe (55e, 14-29). Le deuxi\u00e8me essai des locaux \u00e9tait rapidement suivi par le 3e. Michet, toujours \u00e0 la baguette jouait d\u2019audace un ballon au pied crois\u00e9 parfait pour une r\u00e9ception dans l\u2019en-but et gagnante de son ailier Tutuvuli, titulaire de derni\u00e8re minute (62e, 21-29).<\/p>\n<p>Sur la d\u00e9fensive mais toujours devant, les Valentino-Romanais se donnaient de l\u2019air et du courage gr\u00e2ce au buteur maison Meret (64e, 21-32) mais il en fallait plus ce soir pour calmer les ardeurs audoises. Le talonneur de l\u2019USC, Baptiste Moreno scorait le 4e essai des siens \u00e0 10 minutes du terme sur un ballon port\u00e9 apr\u00e8s une touche \u00e0 5m valid\u00e9 \u00e0 la vid\u00e9o (71e, 28-32). La fin de match fut tr\u00e9pidante et pleine de suspenses avec des Damiers qui avaient d\u00e9cid\u00e9 de subir le plus loin possible de leurs 22m. Carcassonne a eu des opportunit\u00e9s de 5e essai synonyme de victoire mais n\u2019a pu concr\u00e9tiser \u00e0 l\u2019instar de ce dernier mouvement parti depuis sa ligne d\u2019essai. Valence Romans a tenu bon pour glaner un nouveau succ\u00e8s mais les espoirs naissants pour Carcassonne et le point de bonus sont tout aussi importants.<\/p>\n<p>\u00a0<\/p>\n<p>Plus d\u2019informations \u00e0 venir\u2026<\/p>\n","protected":false},"excerpt":{"rendered":"Pro D2 \u2013 C\u2019\u00e9tait une affiche singuli\u00e8re \u00e0 Albert-Domec entre une \u00e9quipe\u00a0tr\u00e8s en forme du haut du classement,&hellip;\n","protected":false},"author":2,"featured_media":534552,"comment_status":"","ping_status":"","sticky":false,"template":"","format":"standard","meta":{"footnotes":""},"categories":[1416],"tags":[1011,27,479,1468,60],"class_list":{"0":"post-534551","1":"post","2":"type-post","3":"status-publish","4":"format-standard","5":"has-post-thumbnail","7":"category-rugby","8":"tag-fr","9":"tag-france","10":"tag-rugby","11":"tag-rugby-football","12":"tag-sports"},"share_on_mastodon":{"url":"https:\/\/pubeurope.com\/@fr\/115550206335793798","error":""},"_links":{"self":[{"href":"https:\/\/www.europesays.com\/fr\/wp-json\/wp\/v2\/posts\/534551","targetHints":{"allow":["GET"]}}],"collection":[{"href":"https:\/\/www.europesays.com\/fr\/wp-json\/wp\/v2\/posts"}],"about":[{"href":"https:\/\/www.europesays.com\/fr\/wp-json\/wp\/v2\/types\/post"}],"author":[{"embeddable":true,"href":"https:\/\/www.europesays.com\/fr\/wp-json\/wp\/v2\/users\/2"}],"replies":[{"embeddable":true,"href":"https:\/\/www.europesays.com\/fr\/wp-json\/wp\/v2\/comments?post=534551"}],"version-history":[{"count":0,"href":"https:\/\/www.europesays.com\/fr\/wp-json\/wp\/v2\/posts\/534551\/revisions"}],"wp:featuredmedia":[{"embeddable":true,"href":"https:\/\/www.europesays.com\/fr\/wp-json\/wp\/v2\/media\/534552"}],"wp:attachment":[{"href":"https:\/\/www.europesays.com\/fr\/wp-json\/wp\/v2\/media?parent=534551"}],"wp:term":[{"taxonomy":"category","embeddable":true,"href":"https:\/\/www.europesays.com\/fr\/wp-json\/wp\/v2\/categories?post=534551"},{"taxonomy":"post_tag","embeddable":true,"href":"https:\/\/www.europesays.com\/fr\/wp-json\/wp\/v2\/tags?post=534551"}],"curies":[{"name":"wp","href":"https:\/\/api.w.org\/{rel}","templated":true}]}}