{"id":534557,"date":"2025-11-14T21:41:12","date_gmt":"2025-11-14T21:41:12","guid":{"rendered":"https:\/\/www.europesays.com\/fr\/534557\/"},"modified":"2025-11-14T21:41:12","modified_gmt":"2025-11-14T21:41:12","slug":"le-salaire-de-darryl-bakola-avec-lom","status":"publish","type":"post","link":"https:\/\/www.europesays.com\/fr\/534557\/","title":{"rendered":"Le salaire de Darryl Bakola avec l&rsquo;OM"},"content":{"rendered":"<p><img fetchpriority=\"high\" decoding=\"async\" width=\"620\" height=\"413\" src=\"https:\/\/www.europesays.com\/fr\/wp-content\/uploads\/2025\/11\/Darryl-Bakola-620x413.jpg\" alt=\"Salaire. Combien gagne Darryl Bakola avec l'OM ?\" class=\"wp-image-384947\"  \/>D\u00e9j\u00e0 un premier tournant dans la carri\u00e8re encore naissante de Darryl Bakola.<\/p>\n<p>Avec un contrat qui court jusqu\u2019en 2027 et l\u2019enthousiasme et le talent d\u2019une jeunesse prometteuse, Darryl Barkola, 17 ans, est dans une p\u00e9riode charni\u00e8re. Une premi\u00e8re dans sa carri\u00e8re encore naissante. Car selon L\u2019Equipe, l\u2019<a href=\"https:\/\/sportune.20minutes.fr\/olympique-de-marseille-om\" target=\"_blank\" rel=\"noopener\">Olympique de Marseille<\/a> qui l\u2019emploie souhaiterait le prolonger.<\/p>\n<p>Mais il y a en creux des n\u00e9gociations le temps de jeu promis au milieu de terrain offensif. S\u2019il rentre progressivement et de plus en plus r\u00e9guli\u00e8rement dans les petits papiers du coach Roberto De Zerbi, il est r\u00e9guli\u00e8rement ballot\u00e9 entre les championnats de la <a href=\"https:\/\/sportune.20minutes.fr\/ligue-1-l1\" target=\"_blank\" rel=\"noopener\">Ligue 1<\/a> avec les pros et du National 3 avec la r\u00e9serve.<\/p>\n<p>Une prolongation \u00e0 l\u2019\u00e9tude mais des freins dans la n\u00e9gociation<\/p>\n<p>Cette situation freine sa progression et sa capacit\u00e9 \u00e0 bousculer la hi\u00e9rarchie au milieu de terrain, o\u00f9 il se situe en sixi\u00e8me ou septi\u00e8me position. Le recrutement d\u2019un nouveau milieu de terrain sur le mercato cet hiver serait par ailleurs \u00e0 l\u2019\u00e9tude.<\/p>\n<p>C\u2019est donc moins une question financi\u00e8re que sportive qui se joue entre Darryl Barkola, ses repr\u00e9sentants et l\u2019<a href=\"https:\/\/sportune.20minutes.fr\/olympique-de-marseille-om\" target=\"_blank\" rel=\"noopener\">Olympique de Marseille<\/a>. Car selon <a href=\"https:\/\/www.lequipe.fr\/Football\/Article\/Quelles-perspectives-a-l-om-pour-les-deux-minots-robinio-vaz-et-darryl-bakola\/1609651\" target=\"_blank\" rel=\"noopener\">L\u2019Equipe<\/a>, le jeune homme avoisine d\u00e9j\u00e0 un salaire estim\u00e9 \u00e0 35 000 euros bruts mensuels. Le quotidien sportif \u00e9voque aussi des int\u00e9r\u00eats ext\u00e9rieurs pour le joueur, en Arabie Saoudite, ou de l\u2019<a href=\"https:\/\/sportune.20minutes.fr\/eintracht-francfort\" target=\"_blank\" rel=\"noopener\">Eintracht Francfort<\/a> en Allemagne.<\/p>\n<p>Le salaire de Darryl Bakola avec l\u2019OM<\/p>\n<p><strong>Annuel :<\/strong> 420 000 \u20ac<br \/><strong>Mensuel :<\/strong> 35 000 \u20ac<br \/><strong>Hebdomadaire :<\/strong> 8 077 \u20ac<br \/><strong>Quotidien :<\/strong> 1 151 \u20ac<br \/><strong>Fin de contrat :<\/strong> 2027<\/p>\n","protected":false},"excerpt":{"rendered":"D\u00e9j\u00e0 un premier tournant dans la carri\u00e8re encore naissante de Darryl Bakola. Avec un contrat qui court jusqu\u2019en&hellip;\n","protected":false},"author":2,"featured_media":534558,"comment_status":"","ping_status":"","sticky":false,"template":"","format":"standard","meta":{"footnotes":""},"categories":[1410],"tags":[65409,63,1011,27,149,60,969],"class_list":{"0":"post-534557","1":"post","2":"type-post","3":"status-publish","4":"format-standard","5":"has-post-thumbnail","7":"category-football","8":"tag-darryl-barkola","9":"tag-football","10":"tag-fr","11":"tag-france","12":"tag-om","13":"tag-sports","14":"tag-transfert"},"share_on_mastodon":{"url":"https:\/\/pubeurope.com\/@fr\/115550230605876185","error":""},"_links":{"self":[{"href":"https:\/\/www.europesays.com\/fr\/wp-json\/wp\/v2\/posts\/534557","targetHints":{"allow":["GET"]}}],"collection":[{"href":"https:\/\/www.europesays.com\/fr\/wp-json\/wp\/v2\/posts"}],"about":[{"href":"https:\/\/www.europesays.com\/fr\/wp-json\/wp\/v2\/types\/post"}],"author":[{"embeddable":true,"href":"https:\/\/www.europesays.com\/fr\/wp-json\/wp\/v2\/users\/2"}],"replies":[{"embeddable":true,"href":"https:\/\/www.europesays.com\/fr\/wp-json\/wp\/v2\/comments?post=534557"}],"version-history":[{"count":0,"href":"https:\/\/www.europesays.com\/fr\/wp-json\/wp\/v2\/posts\/534557\/revisions"}],"wp:featuredmedia":[{"embeddable":true,"href":"https:\/\/www.europesays.com\/fr\/wp-json\/wp\/v2\/media\/534558"}],"wp:attachment":[{"href":"https:\/\/www.europesays.com\/fr\/wp-json\/wp\/v2\/media?parent=534557"}],"wp:term":[{"taxonomy":"category","embeddable":true,"href":"https:\/\/www.europesays.com\/fr\/wp-json\/wp\/v2\/categories?post=534557"},{"taxonomy":"post_tag","embeddable":true,"href":"https:\/\/www.europesays.com\/fr\/wp-json\/wp\/v2\/tags?post=534557"}],"curies":[{"name":"wp","href":"https:\/\/api.w.org\/{rel}","templated":true}]}}