{"id":534573,"date":"2025-11-14T21:50:12","date_gmt":"2025-11-14T21:50:12","guid":{"rendered":"https:\/\/www.europesays.com\/fr\/534573\/"},"modified":"2025-11-14T21:50:12","modified_gmt":"2025-11-14T21:50:12","slug":"souchon-nimagine-pas-les-francais-assez-cons-pour-elire-le-rn-sinon-il-irait-en-suisse","status":"publish","type":"post","link":"https:\/\/www.europesays.com\/fr\/534573\/","title":{"rendered":"Souchon n\u2019imagine pas les Fran\u00e7ais \u00ab\u00a0assez cons\u00a0\u00bb pour \u00e9lire le RN, sinon il irait \u00ab\u00a0en Suisse\u00a0\u00bb"},"content":{"rendered":"<p>Re\u00e7u par <a href=\"https:\/\/www.rtl.fr\/culture\/musique\/je-ne-crois-pas-que-les-francais-soient-assez-cons-sur-rtl-alain-souchon-juge-improbable-une-victoire-du-rn-a-la-presidentielle-2027-7900566258\" rel=\"nofollow noopener\" target=\"_blank\" class=\"c-link c-link--is-underlined\">RTL<\/a> pour une journ\u00e9e consacr\u00e9e \u00e0 son parcours, <a href=\"https:\/\/www.20minutes.fr\/dossier\/alain_souchon\" target=\"_blank\" class=\"c-link c-link--is-underlined\" rel=\"noopener\">Alain Souchon<\/a> a pr\u00e9sent\u00e9 ce vendredi son album \u00ab\u00a0Studio Saint-Germain\u00a0\u00bb. Ce retour musical lui a donn\u00e9 \u00e9galement l\u2019occasion d\u2019\u00e9voquer la vie politique fran\u00e7aise.<\/p>\n<p>L\u2019artiste a r\u00e9agi \u00e0 la progression du <a href=\"https:\/\/www.20minutes.fr\/politique\/rassemblement-national\/\" target=\"_blank\" class=\"c-link c-link--is-underlined\" rel=\"noopener\">Rassemblement national<\/a>. Il consid\u00e8re que, malgr\u00e9 son influence croissante, la France ne basculera pas sous la direction de ce parti. \u00ab\u00a0Je ne crois pas que les Fran\u00e7ais soient assez cons pour \u00e9lire quelqu\u2019un du \u00ab\u00a0Front National\u00a0\u00bb pour diriger\u00a0\u00bb, a-t-il d\u2019ailleurs affirm\u00e9.<\/p>\n<\/p>\n<p>Un profond choc d\u00e9mocratique<\/p>\n<p>Il ajoute que l\u2019arriv\u00e9e d\u2019un <a href=\"https:\/\/www.20minutes.fr\/elections\/presidentielle\/\" target=\"_blank\" class=\"c-link c-link--is-underlined\" rel=\"noopener\">pr\u00e9sident<\/a> issu du RN est improbable. \u00ab\u00a0On ne sera jamais dans un pays dirig\u00e9 par le RN.\u00a0\u00bb Mais si c\u2019\u00e9tait le cas cela pourrait provoquer un profond choc d\u00e9mocratique. \u00ab\u00a0A mon avis, si jamais il y avait un pr\u00e9sident du Rassemblement national, il y aurait une r\u00e9volution.\u00a0\u00bb<\/p>\n<p><a href=\"https:\/\/www.20minutes.fr\/arts-stars\/culture\/\" target=\"_blank\" class=\"c-link c-btn c-btn--primary\" rel=\"noopener\">Notre dossier Culture<\/a><\/p>\n<p>Alain Souchon affirme croire \u00e0 la capacit\u00e9 des Fran\u00e7ais \u00e0 refuser un tournant politique radical et \u00e0 d\u00e9fendre leurs valeurs si la situation l\u2019exigeait. \u00ab\u00a0On irait en Suisse\u00a0\u00bb en cas de pr\u00e9sident d\u2019extr\u00eame droite, ajoute-t-il encore.<\/p>\n","protected":false},"excerpt":{"rendered":"Re\u00e7u par RTL pour une journ\u00e9e consacr\u00e9e \u00e0 son parcours, Alain Souchon a pr\u00e9sent\u00e9 ce vendredi son album&hellip;\n","protected":false},"author":2,"featured_media":534574,"comment_status":"","ping_status":"","sticky":false,"template":"","format":"standard","meta":{"footnotes":""},"categories":[8],"tags":[47,36362,2593,58,3079,59,1011,27,873,2556,104,3067],"class_list":{"0":"post-534573","1":"post","2":"type-post","3":"status-publish","4":"format-standard","5":"has-post-thumbnail","7":"category-divertissement","8":"tag-actualite","9":"tag-alain-souchon","10":"tag-artiste","11":"tag-divertissement","12":"tag-election-presidentielle-2027","13":"tag-entertainment","14":"tag-fr","15":"tag-france","16":"tag-musique","17":"tag-rassemblement-national-rn","18":"tag-societe","19":"tag-suisse"},"share_on_mastodon":{"url":"https:\/\/pubeurope.com\/@fr\/115550265280801638","error":""},"_links":{"self":[{"href":"https:\/\/www.europesays.com\/fr\/wp-json\/wp\/v2\/posts\/534573","targetHints":{"allow":["GET"]}}],"collection":[{"href":"https:\/\/www.europesays.com\/fr\/wp-json\/wp\/v2\/posts"}],"about":[{"href":"https:\/\/www.europesays.com\/fr\/wp-json\/wp\/v2\/types\/post"}],"author":[{"embeddable":true,"href":"https:\/\/www.europesays.com\/fr\/wp-json\/wp\/v2\/users\/2"}],"replies":[{"embeddable":true,"href":"https:\/\/www.europesays.com\/fr\/wp-json\/wp\/v2\/comments?post=534573"}],"version-history":[{"count":0,"href":"https:\/\/www.europesays.com\/fr\/wp-json\/wp\/v2\/posts\/534573\/revisions"}],"wp:featuredmedia":[{"embeddable":true,"href":"https:\/\/www.europesays.com\/fr\/wp-json\/wp\/v2\/media\/534574"}],"wp:attachment":[{"href":"https:\/\/www.europesays.com\/fr\/wp-json\/wp\/v2\/media?parent=534573"}],"wp:term":[{"taxonomy":"category","embeddable":true,"href":"https:\/\/www.europesays.com\/fr\/wp-json\/wp\/v2\/categories?post=534573"},{"taxonomy":"post_tag","embeddable":true,"href":"https:\/\/www.europesays.com\/fr\/wp-json\/wp\/v2\/tags?post=534573"}],"curies":[{"name":"wp","href":"https:\/\/api.w.org\/{rel}","templated":true}]}}