{"id":534586,"date":"2025-11-14T21:57:24","date_gmt":"2025-11-14T21:57:24","guid":{"rendered":"https:\/\/www.europesays.com\/fr\/534586\/"},"modified":"2025-11-14T21:57:24","modified_gmt":"2025-11-14T21:57:24","slug":"que-faire-dans-la-loire-ce-week-end-15-et-16-novembre-2025","status":"publish","type":"post","link":"https:\/\/www.europesays.com\/fr\/534586\/","title":{"rendered":"Que faire dans la Loire ce week-end ? (15 et 16 novembre 2025)"},"content":{"rendered":"<p><img loading=\"lazy\" decoding=\"async\" alt=\"\u00a9 Pierre-Emmanuel Testard\u00a0 - Le concert de Terrenoire aura lieu ce week-end au Fil \u00e0 Saint-\u00c9tienne.\" data-zoom-src=\"https:\/\/www.europesays.com\/fr\/wp-content\/uploads\/2025\/11\/initial-terrenoire-accueil-residence-saint-etienne.jpg\" data-zoomable=\"\" height=\"702\" src=\"https:\/\/www.europesays.com\/fr\/wp-content\/uploads\/2025\/11\/initial-terrenoire-accueil-residence-saint-etienne.jpg\" width=\"1248\"\/>  <\/p>\n<p class=\"article-desc\">\u00a9 Pierre-Emmanuel Testard &#8211; Le concert de Terrenoire aura lieu ce week-end au Fil \u00e0 Saint-\u00c9tienne. <\/p>\n<p>Pour ce week-end du 1<strong>5 et 16 novembre<\/strong>, nous vous avons choisi quelques \u00e9v\u00e9nements incontournables dans la Loire. Entre Salon de <strong>la gastronomie au Coteau<\/strong>, concert \u00e9v\u00e9nement du groupe <strong>Terrenoire\u00a0au Fil<\/strong> \u00e0 Saint-\u00c9tienne, <strong>confection de savon <\/strong>\u00e0 Maclas&#8230; Il y en aura pour tous les go\u00fbts ce week-end sur le territoire lig\u00e9rien. <\/p>\n<p>Terrenoire, un concert \u00e0 ne pas manquer au Fil \u00e0 Saint-\u00c9tienne <img decoding=\"async\" alt=\"\" class=\"img-align-center img-size-limited\" data-zoomable=\"\" height=\"1499\" loading=\"lazy\" src=\"https:\/\/www.europesays.com\/fr\/wp-content\/uploads\/2025\/11\/concert-terrnoire-public-exterieur.jpg\" width=\"1500\"\/> \u00a9 Fil &#8211; Le groupe revient aux sources avec un concert dans la Loire. <\/p>\n<p>Depuis six ans, les fr\u00e8res <strong>Th\u00e9o et Rapha\u00ebl Herrerias<\/strong> fa\u00e7onnent Terrenoire, un univers musical sensible et puissant, m\u00ealant sons \u00e9lectroniques, instruments organiques et textes po\u00e9tiques. R\u00e9v\u00e9l\u00e9s par Les Forces Contraires et sacr\u00e9s R\u00e9v\u00e9lations aux Victoires 2022, <a href=\"https:\/\/mesinfos.fr\/42000-saint-etienne\/saint-etienne-terrenoire-prepare-un-nouvel-album-196101.html\" rel=\"noopener\" target=\"_blank\">ils poursuivent leur dialogue<\/a> vivant avec<strong> Saint-\u00c9tienne<\/strong>, leur quartier et leur source d\u2019inspiration avec un concert au Fil. <\/p>\n<p><strong>Infos pratiques<\/strong> <\/p>\n<p>Samedi 15 novembre au Fil \u00e0 Saint-\u00c9tienne. <\/p>\n<p>Tarif allant de 18 euros pour les adh\u00e9rents \u00e0 22 euros.<\/p>\n<p> Le salon de la gastronomie, au Coteau, enchantera les papilles <img decoding=\"async\" alt=\"\" class=\"img-align-center img-size-limited\" data-zoomable=\"\" height=\"1050\" loading=\"lazy\" src=\"https:\/\/www.europesays.com\/fr\/wp-content\/uploads\/2025\/11\/salon-gastronomie-riorges.jpg\" width=\"1400\"\/> \u00a9 Roannais Tourisme &#8211; Le barre des 100 exposants est atteint cette ann\u00e9e. <\/p>\n<p>Le <strong>salon de la gastronomie du Coteau<\/strong> passe un cap en 2025 : pour la premi\u00e8re fois, la barre symbolique des 100 exposants sera franchie, \u00e0 l&rsquo;occasion de la prochaine \u00e9dition, les 15 et 16 novembre 2025. <\/p>\n<p>Majoritairement locaux, les exposants viendront pour un tiers de la r\u00e9gion Auvergne-Rh\u00f4ne-Alpes. Quelques-uns seront aussi issus de toute la France. Le salon comptera \u00e9galement <strong>20 nouveaux stands<\/strong> : macarons, noix, truffes, safran, des producteurs de vin et un coutelier. <\/p>\n<p><strong>Infos pratiques<\/strong> <\/p>\n<p>15 et 16 novembre 2025 au Scarab\u00e9e \u00e0 Riorges. <\/p>\n<p>Ouverture de 10h \u00e0 21h le samedi puis de 10h \u00e0 18h le dimanche. <\/p>\n<p>Entr\u00e9e 5 euros &#8211; tarif r\u00e9duit 2,50 euros de 14 \u00e0 18 ans &#8211; gratuit pour les enfants.<\/p>\n<p> Faire des Lego \u00e0 Saint-Chamond au profit d&rsquo;une association <img decoding=\"async\" alt=\"\" class=\"img-align-center img-size-limited\" data-zoomable=\"\" height=\"671\" loading=\"lazy\" src=\"https:\/\/www.europesays.com\/fr\/wp-content\/uploads\/2025\/11\/lego.jpg\" width=\"1082\"\/> \u00a9 Pixabay &#8211; Plongez dans le monde des Lego\u00ae le temps d&rsquo;un week-end. <\/p>\n<p>L\u2019association<strong> Novabrick <\/strong>organise, au profit de l\u2019association Killian, <strong>une grande exposition Lego\u00ae <\/strong>au complexe sportif Andr\u00e9 Boulloche de <strong>Saint-Chamond<\/strong>. Au programme : cr\u00e9ations originales, animations, espace de jeux, boutiques et tombola. Une occasion unique de d\u00e9couvrir l\u2019univers passionnant des c\u00e9l\u00e8bres briques Lego\u00ae. <\/p>\n<p><strong>Infos pratiques<\/strong> <\/p>\n<p>15 et 16 novembre au complexe sportif Andr\u00e9 Boulloche. <\/p>\n<p>De 10 h \u00e0 18 h. <\/p>\n<p>Entr\u00e9e gratuite.<\/p>\n<p> Un conte musical et dans\u00e9 pour s&rsquo;\u00e9merveiller \u00e0 Bard <img decoding=\"async\" alt=\"\" class=\"img-align-center img-size-limited\" data-zoomable=\"\" height=\"1513\" loading=\"lazy\" src=\"https:\/\/www.europesays.com\/fr\/wp-content\/uploads\/2025\/11\/salle-spectacle-bard.jpg\" width=\"2000\"\/> \u00a9 Mairie de Bard &#8211; Le spectacle aura lieu dans la salle polyvalente de Bard. <\/p>\n<p>La compagnie<strong> Ode M\u00e9lodique<\/strong> pr\u00e9sente L\u2019Effroyable L\u00e9gende du Ch\u00e2t\u2019eau\u2026, <strong>un conte musical et dans\u00e9<\/strong> entre r\u00eave et r\u00e9alit\u00e9. Plongez dans l\u2019histoire des s\u0153urs Roustan et de la d\u00e9esse oubli\u00e9e de la Loire, Segeta, \u00e0 travers musique, danse et narration. Spectacle suivi d\u2019un repas organis\u00e9 par l\u2019APE.<\/p>\n<p><strong>Infos pratiques<\/strong> <\/p>\n<p>Samedi 15 novembre dans la salle polyvalente de Bard. <\/p>\n<p>Tarif de 5 euros pour les enfants et 7 euros pour les adultes.<\/p>\n<p> Apprendre \u00e0 faire son savon, \u00e0 Maclas <img decoding=\"async\" alt=\"\" class=\"img-align-center img-size-limited\" data-zoomable=\"\" height=\"1197\" loading=\"lazy\" src=\"https:\/\/www.europesays.com\/fr\/wp-content\/uploads\/2025\/11\/savon-fabrication.jpg\" width=\"1200\"\/> \u00a9 Pixabay &#8211; La fabrication de 600 grammes de savon est au programme. <\/p>\n<p>Aux c\u00f4t\u00e9s de Samuel, <strong>artisan savonnier<\/strong>, d\u00e9couvrez la saponification \u00e0 froid et fabriquez vos premiers <strong>savons solides bio<\/strong>. Dans une ambiance conviviale, repartez avec votre production de 600 g de savon. Atelier ouvert aux d\u00e9butants comme aux initi\u00e9s, en petits groupes de 4 \u00e0 7 personnes. Sur r\u00e9servation, \u00e0 partir de 16 ans. <\/p>\n<p><strong>Infos pratiques<\/strong> <\/p>\n<p>Samedi 15 novembre \u00e0 la Savonnerie du Pilat, 111 place de l\u2019\u00e9glise. <\/p>\n<p>De 9h30 \u00e0 12h30. <\/p>\n<p>Tarif unique de 49 euros. Mat\u00e9riel et mati\u00e8res premi\u00e8res fournies.<\/p>\n","protected":false},"excerpt":{"rendered":"\u00a9 Pierre-Emmanuel Testard &#8211; Le concert de Terrenoire aura lieu ce week-end au Fil \u00e0 Saint-\u00c9tienne. Pour ce&hellip;\n","protected":false},"author":2,"featured_media":534587,"comment_status":"","ping_status":"","sticky":false,"template":"","format":"standard","meta":{"footnotes":""},"categories":[9653],"tags":[1111,11,2430,1777,674,1011,27,12,36516,25,4001],"class_list":{"0":"post-534586","1":"post","2":"type-post","3":"status-publish","4":"format-standard","5":"has-post-thumbnail","7":"category-saint-etienne","8":"tag-actu","9":"tag-actualites","10":"tag-auvergne-rhone-alpes","11":"tag-eu","12":"tag-europe","13":"tag-fr","14":"tag-france","15":"tag-news","16":"tag-que-faire-ce-week-end-dans-la-loire","17":"tag-republique-francaise","18":"tag-saint-etienne"},"share_on_mastodon":{"url":"https:\/\/pubeurope.com\/@fr\/115550294004198665","error":""},"_links":{"self":[{"href":"https:\/\/www.europesays.com\/fr\/wp-json\/wp\/v2\/posts\/534586","targetHints":{"allow":["GET"]}}],"collection":[{"href":"https:\/\/www.europesays.com\/fr\/wp-json\/wp\/v2\/posts"}],"about":[{"href":"https:\/\/www.europesays.com\/fr\/wp-json\/wp\/v2\/types\/post"}],"author":[{"embeddable":true,"href":"https:\/\/www.europesays.com\/fr\/wp-json\/wp\/v2\/users\/2"}],"replies":[{"embeddable":true,"href":"https:\/\/www.europesays.com\/fr\/wp-json\/wp\/v2\/comments?post=534586"}],"version-history":[{"count":0,"href":"https:\/\/www.europesays.com\/fr\/wp-json\/wp\/v2\/posts\/534586\/revisions"}],"wp:featuredmedia":[{"embeddable":true,"href":"https:\/\/www.europesays.com\/fr\/wp-json\/wp\/v2\/media\/534587"}],"wp:attachment":[{"href":"https:\/\/www.europesays.com\/fr\/wp-json\/wp\/v2\/media?parent=534586"}],"wp:term":[{"taxonomy":"category","embeddable":true,"href":"https:\/\/www.europesays.com\/fr\/wp-json\/wp\/v2\/categories?post=534586"},{"taxonomy":"post_tag","embeddable":true,"href":"https:\/\/www.europesays.com\/fr\/wp-json\/wp\/v2\/tags?post=534586"}],"curies":[{"name":"wp","href":"https:\/\/api.w.org\/{rel}","templated":true}]}}