{"id":534590,"date":"2025-11-14T21:59:20","date_gmt":"2025-11-14T21:59:20","guid":{"rendered":"https:\/\/www.europesays.com\/fr\/534590\/"},"modified":"2025-11-14T21:59:20","modified_gmt":"2025-11-14T21:59:20","slug":"qui-est-le-gardien-geoffrey-lembet","status":"publish","type":"post","link":"https:\/\/www.europesays.com\/fr\/534590\/","title":{"rendered":"qui est le gardien Geoffrey Lembet"},"content":{"rendered":"<p>N\u00e9 \u00e0 Villeneuve-Saint-Georges, Geoffrey Lembet a \u00e9t\u00e9 rep\u00e9r\u00e9 par Sedan alors qu&rsquo;il \u00e9voluait avec Viry-Ch\u00e2tillon en 2007. Il poursuit sa formation chez les jeunes du club ardennais, alors en Ligue 2 et fait ses d\u00e9buts en pro en 2011.<\/p>\n<p>Apr\u00e8s les d\u00e9boires des \u00ab\u00a0Sangliers\u00a0\u00bb, il rejoint Auxerre en 2013. La plupart du temps, il officie en tant que doublure, poursuivant sa carri\u00e8re au Red Star (2016-2017) puis \u00e0 Laval (2017-2018).<\/p>\n<p>En 2019, il retrouve Sedan qui se trouve \u00e0 ce moment en N2. Il devient titulaire et participe \u00e0 la remont\u00e9e du CSSA en National. Apr\u00e8s la nouvelle liquidation du club rouge et vert, il prend la direction de Rennes pour occuper le r\u00f4le de troisi\u00e8me gardien. Il \u00e9tait libre depuis la fin de son contrat \u00e0 l&rsquo;\u00e9t\u00e9 2025.<\/p>\n<p>Geoffrey Lembet a, par ailleurs, \u00e9t\u00e9 international centrafricain le temps de 40 s\u00e9lections. <a href=\"https:\/\/www.estrepublicain.fr\/sport\/2025\/11\/12\/l-asnl-recrute-le-gardien-geoffrey-lembet-s-il-est-qualifie-il-debutera-dimanche-en-coupe-confie-pablo-correa\" target=\"_blank\" rel=\"noopener\">Il a \u00e9t\u00e9 recrut\u00e9 en cette fin d&rsquo;ann\u00e9e 2025<\/a>\u00a0par l&rsquo;ASNL suite aux blessures <a href=\"https:\/\/www.estrepublicain.fr\/sport\/2025\/11\/05\/penurie-de-gardiens-a-l-as-nancy-lorraine-apres-la-grave-blessure-de-martin-sourzac#:~:text=Martin%20Sourzac%2C%20devenu%20la%20doublure,lui%20aussi%20%C3%A0%20l&#039;infirmerie.\" target=\"_blank\" rel=\"noopener\">des portiers nanc\u00e9iens Martin Sourzac<\/a> et Kenzo No\u00ebl.<\/p>\n","protected":false},"excerpt":{"rendered":"N\u00e9 \u00e0 Villeneuve-Saint-Georges, Geoffrey Lembet a \u00e9t\u00e9 rep\u00e9r\u00e9 par Sedan alors qu&rsquo;il \u00e9voluait avec Viry-Ch\u00e2tillon en 2007. Il&hellip;\n","protected":false},"author":2,"featured_media":534591,"comment_status":"","ping_status":"","sticky":false,"template":"","format":"standard","meta":{"footnotes":""},"categories":[9635],"tags":[1111,11,3703,1704,1777,674,107,1701,63,1011,27,5325,775,230,1702,12,25,517,1700],"class_list":{"0":"post-534590","1":"post","2":"type-post","3":"status-publish","4":"format-standard","5":"has-post-thumbnail","7":"category-nancy","8":"tag-actu","9":"tag-actualites","10":"tag-asnl","11":"tag-edition-nancy-et-agglomeration","12":"tag-eu","13":"tag-europe","14":"tag-fil-info","15":"tag-fil-info-sport","16":"tag-football","17":"tag-fr","18":"tag-france","19":"tag-galerie-media","20":"tag-grand-est","21":"tag-infographie","22":"tag-nancy","23":"tag-news","24":"tag-republique-francaise","25":"tag-sport","26":"tag-sport-lorrain"},"share_on_mastodon":{"url":"https:\/\/pubeurope.com\/@fr\/115550300621149808","error":""},"_links":{"self":[{"href":"https:\/\/www.europesays.com\/fr\/wp-json\/wp\/v2\/posts\/534590","targetHints":{"allow":["GET"]}}],"collection":[{"href":"https:\/\/www.europesays.com\/fr\/wp-json\/wp\/v2\/posts"}],"about":[{"href":"https:\/\/www.europesays.com\/fr\/wp-json\/wp\/v2\/types\/post"}],"author":[{"embeddable":true,"href":"https:\/\/www.europesays.com\/fr\/wp-json\/wp\/v2\/users\/2"}],"replies":[{"embeddable":true,"href":"https:\/\/www.europesays.com\/fr\/wp-json\/wp\/v2\/comments?post=534590"}],"version-history":[{"count":0,"href":"https:\/\/www.europesays.com\/fr\/wp-json\/wp\/v2\/posts\/534590\/revisions"}],"wp:featuredmedia":[{"embeddable":true,"href":"https:\/\/www.europesays.com\/fr\/wp-json\/wp\/v2\/media\/534591"}],"wp:attachment":[{"href":"https:\/\/www.europesays.com\/fr\/wp-json\/wp\/v2\/media?parent=534590"}],"wp:term":[{"taxonomy":"category","embeddable":true,"href":"https:\/\/www.europesays.com\/fr\/wp-json\/wp\/v2\/categories?post=534590"},{"taxonomy":"post_tag","embeddable":true,"href":"https:\/\/www.europesays.com\/fr\/wp-json\/wp\/v2\/tags?post=534590"}],"curies":[{"name":"wp","href":"https:\/\/api.w.org\/{rel}","templated":true}]}}