{"id":534610,"date":"2025-11-14T22:11:18","date_gmt":"2025-11-14T22:11:18","guid":{"rendered":"https:\/\/www.europesays.com\/fr\/534610\/"},"modified":"2025-11-14T22:11:18","modified_gmt":"2025-11-14T22:11:18","slug":"municipales-2026-catherine-trautmann-ps-veut-reparer-apaiser-et-reenchanter-la-democratie-participative-a-strasbourg","status":"publish","type":"post","link":"https:\/\/www.europesays.com\/fr\/534610\/","title":{"rendered":"Municipales 2026. Catherine Trautmann (PS) veut \u00ab\u00a0r\u00e9parer\u00a0\u00bb, \u00ab\u00a0apaiser\u00a0\u00bb et r\u00e9enchanter la d\u00e9mocratie participative \u00e0 Strasbourg"},"content":{"rendered":"<p>\u00ab\u00a0Absence de pouvoir r\u00e9el, manque de lisibilit\u00e9, faible investissement des \u00e9lus concern\u00e9s, disparition des conseils de quartier\u00a0\u00bb\u00a0: le constat effectu\u00e9 par <a href=\"https:\/\/www.dna.fr\/p\/catherine-trautmann\" target=\"_blank\" rel=\"nofollow noopener\">Catherine Trautmann<\/a> sur la d\u00e9mocratie participative, <a href=\"https:\/\/www.dna.fr\/politique\/2025\/08\/12\/budget-participatif-saison-3-un-bilan-en-demi-teinte\" target=\"_blank\" rel=\"nofollow noopener\">version \u00e9colo<\/a> , est pour le moins accablant. \u00ab\u00a0D\u00e9cevant\u00a0\u00bb, dira plut\u00f4t la candidate socialiste, pour qui il s\u2019agit d\u2019une succession de rendez-vous manqu\u00e9s avec des habitants qui \u00ab\u00a0peinent \u00e0 trouver leurs interlocuteurs\u00a0\u00bb, \u00ab\u00a0\u00e0 comprendre leur r\u00f4le\u00a0\u00bb. Quant au dialogue citoyen, il est \u00ab\u00a0limit\u00e9 \u00e0 des d\u00e9marches symboliques sans impact concret sur les d\u00e9cisions\u00a0\u00bb.<\/p>\n<p>  Pas de \u00ab\u00a0bla-bla participatif\u00a0\u00bb<\/p>\n<p>L\u2019ancienne maire entend renverser la vapeur \u2013 de ce qu\u2019elle nomme le \u00ab\u00a0bla-bla participatif\u00a0\u00bb \u2013 en commen\u00e7ant par \u00ab\u00a0redonner du sens\u00a0\u00bb \u00e0 ce qui \u00e9tait un des piliers \u00e9cologistes annonc\u00e9s\u00a0: \u00ab\u00a0La d\u00e9mocratie locale ne se limite pas au vote mais elle doit irriguer chaque geste de l\u2019action publique\u00a0\u00bb, souligne-t-elle dans son document distribu\u00e9 aux passants ce vendredi matin, 14\u00a0novembre, face au centre administratif.<\/p>\n<p>Elle doit \u00ab\u00a0s\u2019incarner dans une pratique continue et inclusive\u00a0\u00bb, via un \u00ab\u00a0partenariat (un fil rouge) entre \u00e9lus et habitants pour que chacun contribue \u00e0 la d\u00e9cision publique et la transformation du territoire\u00a0\u00bb, appuie-t-elle. Et l\u2019\u00e9lue d\u2019opposition sortante d\u2019estimer face \u00e0 la presse dans le parc de l\u2019\u00c9toile\u00a0: \u00ab\u00a0Nous ne sommes pas en pr\u00e9campagne, nous sommes d\u00e9j\u00e0 au travail avec les habitants sur les projets.\u00a0\u00bb<\/p>\n<p>Annonc\u00e9e en t\u00eate au premier\u00a0tour, <a href=\"https:\/\/www.dna.fr\/elections\/2025\/09\/12\/strasbourg-selon-un-sondage-ifop-trautmann-et-vetter-au-coude-a-coude-devant-barseghian\" target=\"_blank\" rel=\"nofollow noopener\">selon le premier sondage Ifop<\/a> , Catherine Trautmann se projette plus loin\u00a0: \u00ab\u00a0Si nous sommes \u00e9lus, ce sera une forme d\u2019\u00e9lectrochoc\u00a0\u00bb, dont elle entend bien profiter d\u00e8s la premi\u00e8re ann\u00e9e pour remettre Strasbourg sur les rails du dialogue citoyen, via des \u00ab\u00a0adjoints r\u00e9f\u00e9rents de quartier\u00a0\u00bb qui auront \u00ab\u00a0un pouvoir de d\u00e9cision sur des projets locaux\u00a0\u00bb, avec des \u00ab\u00a0indicateurs de suivi de leur activit\u00e9\u00a0\u00bb. En particulier sur les sujets du logement, du stationnement, du partage de l\u2019espace public et de la sant\u00e9.<\/p>\n<p>  \u00ab\u00a0Renouer la confiance\u00a0\u00bb<\/p>\n<p>La deuxi\u00e8me ann\u00e9e verra la mise en place d\u2019un \u00ab\u00a0portail num\u00e9rique de suivi des travaux\u00a0\u00bb. Ainsi que la cr\u00e9ation d\u2019instances de quartier (conseils des a\u00een\u00e9s, des r\u00e9sidents \u00e9trangers et de la vie associative). Le tout avec des \u00ab\u00a0votations citoyennes\u00a0\u00bb. Pour \u00ab\u00a0renouer avec la confiance\u00a0\u00bb, Catherine Trautmann entend devenir \u00ab\u00a0la vigie\u00a0\u00bb de cet \u00e9difice de d\u00e9mocratie participative.<\/p>\n<p>Lorsqu\u2019elle parle du mandat des \u00e9cologistes qui s\u2019ach\u00e8ve, l\u2019ancienne maire consid\u00e8re qu\u2019\u00ab\u00a0il a s\u00e9par\u00e9 les gens, tant dans le dialogue interreligieux, que pour l\u2019int\u00e9gration sociale de la population\u00a0\u00bb. Ce qui est \u00ab\u00a0une forme de violence\u00a0\u00bb subie par les Strasbourgeois. D\u2019o\u00f9, selon elle, \u00ab\u00a0un besoin d\u2019apaisement et de r\u00e9paration\u00a0\u00bb\u00a0: \u00ab\u00a0Strasbourg, de par son histoire, est ville cosmopolite o\u00f9 chacun a sa place\u00a0\u00bb.<\/p>\n","protected":false},"excerpt":{"rendered":"\u00ab\u00a0Absence de pouvoir r\u00e9el, manque de lisibilit\u00e9, faible investissement des \u00e9lus concern\u00e9s, disparition des conseils de quartier\u00a0\u00bb\u00a0: le&hellip;\n","protected":false},"author":2,"featured_media":534611,"comment_status":"","ping_status":"","sticky":false,"template":"","format":"standard","meta":{"footnotes":""},"categories":[2820],"tags":[1111,11,2880,5949,4188,1777,674,107,1011,27,775,12,3541,316,25,640,2879],"class_list":{"0":"post-534610","1":"post","2":"type-post","3":"status-publish","4":"format-standard","5":"has-post-thumbnail","7":"category-strasbourg","8":"tag-actu","9":"tag-actualites","10":"tag-edition-strasbourg","11":"tag-elections","12":"tag-elections-municipales","13":"tag-eu","14":"tag-europe","15":"tag-fil-info","16":"tag-fr","17":"tag-france","18":"tag-grand-est","19":"tag-news","20":"tag-parti-socialiste","21":"tag-politique","22":"tag-republique-francaise","23":"tag-strasbourg","24":"tag-strasbourg-ville"},"share_on_mastodon":{"url":"https:\/\/pubeurope.com\/@fr\/115550347920596864","error":""},"_links":{"self":[{"href":"https:\/\/www.europesays.com\/fr\/wp-json\/wp\/v2\/posts\/534610","targetHints":{"allow":["GET"]}}],"collection":[{"href":"https:\/\/www.europesays.com\/fr\/wp-json\/wp\/v2\/posts"}],"about":[{"href":"https:\/\/www.europesays.com\/fr\/wp-json\/wp\/v2\/types\/post"}],"author":[{"embeddable":true,"href":"https:\/\/www.europesays.com\/fr\/wp-json\/wp\/v2\/users\/2"}],"replies":[{"embeddable":true,"href":"https:\/\/www.europesays.com\/fr\/wp-json\/wp\/v2\/comments?post=534610"}],"version-history":[{"count":0,"href":"https:\/\/www.europesays.com\/fr\/wp-json\/wp\/v2\/posts\/534610\/revisions"}],"wp:featuredmedia":[{"embeddable":true,"href":"https:\/\/www.europesays.com\/fr\/wp-json\/wp\/v2\/media\/534611"}],"wp:attachment":[{"href":"https:\/\/www.europesays.com\/fr\/wp-json\/wp\/v2\/media?parent=534610"}],"wp:term":[{"taxonomy":"category","embeddable":true,"href":"https:\/\/www.europesays.com\/fr\/wp-json\/wp\/v2\/categories?post=534610"},{"taxonomy":"post_tag","embeddable":true,"href":"https:\/\/www.europesays.com\/fr\/wp-json\/wp\/v2\/tags?post=534610"}],"curies":[{"name":"wp","href":"https:\/\/api.w.org\/{rel}","templated":true}]}}