{"id":534619,"date":"2025-11-14T22:16:37","date_gmt":"2025-11-14T22:16:37","guid":{"rendered":"https:\/\/www.europesays.com\/fr\/534619\/"},"modified":"2025-11-14T22:16:37","modified_gmt":"2025-11-14T22:16:37","slug":"je-ne-veux-pas-faire-le-mandat-de-trop-ali-rebouh-adjoint-cle-a-nantes-ne-resigne-pas","status":"publish","type":"post","link":"https:\/\/www.europesays.com\/fr\/534619\/","title":{"rendered":"\u00ab\u00a0Je ne veux pas faire le mandat de trop\u00a0\u00bb\u00a0: Ali Rebouh, adjoint cl\u00e9 \u00e0 Nantes, ne resigne pas"},"content":{"rendered":"<p>Dix-huit ans de vie politique municipale, une vie bien remplie, le compte est bon.\u00a0Je ne veux pas faire le mandat de trop\u00a0\u00a0: c\u2019est par ces mots qu\u2019Ali Rebouh, 3e\u00a0adjoint de la maire de Nantes, la socialiste Johanna Rolland, annonce \u00e0 Presse Oc\u00e9an qu\u2019il ne rempilera pas en mars\u00a02026 pour un nouveau mandat.<br \/>L\u2019\u00e9lu, adjoint des quartiers Dervalli\u00e8res et Zola, est une figure politique incontournable. Il est \u00e9galement vice-pr\u00e9sident de Nantes M\u00e9tropole, en charge du sport de haut niveau et des \u00e9quipements sportifs.<\/p>\n<p>\u00a0<\/p>\n","protected":false},"excerpt":{"rendered":"Dix-huit ans de vie politique municipale, une vie bien remplie, le compte est bon.\u00a0Je ne veux pas faire&hellip;\n","protected":false},"author":2,"featured_media":534620,"comment_status":"","ping_status":"","sticky":false,"template":"","format":"standard","meta":{"footnotes":"","_share_on_mastodon":"0"},"categories":[2818],"tags":[1111,11,16190,63285,36433,1777,674,4560,1011,27,13184,766,12,4565,2636,65413,25,65414,8029],"class_list":["post-534619","post","type-post","status-publish","format-standard","has-post-thumbnail","category-nantes","tag-actu","tag-actualites","tag-adjoint","tag-ali","tag-cle","tag-eu","tag-europe","tag-faire","tag-fr","tag-france","tag-mandat","tag-nantes","tag-news","tag-nouveau","tag-pays-de-la-loire","tag-rebouh","tag-republique-francaise","tag-resigne","tag-trop"],"share_on_mastodon":{"url":"https:\/\/pubeurope.com\/@fr\/115550367556652993","error":""},"_links":{"self":[{"href":"https:\/\/www.europesays.com\/fr\/wp-json\/wp\/v2\/posts\/534619","targetHints":{"allow":["GET"]}}],"collection":[{"href":"https:\/\/www.europesays.com\/fr\/wp-json\/wp\/v2\/posts"}],"about":[{"href":"https:\/\/www.europesays.com\/fr\/wp-json\/wp\/v2\/types\/post"}],"author":[{"embeddable":true,"href":"https:\/\/www.europesays.com\/fr\/wp-json\/wp\/v2\/users\/2"}],"replies":[{"embeddable":true,"href":"https:\/\/www.europesays.com\/fr\/wp-json\/wp\/v2\/comments?post=534619"}],"version-history":[{"count":0,"href":"https:\/\/www.europesays.com\/fr\/wp-json\/wp\/v2\/posts\/534619\/revisions"}],"wp:featuredmedia":[{"embeddable":true,"href":"https:\/\/www.europesays.com\/fr\/wp-json\/wp\/v2\/media\/534620"}],"wp:attachment":[{"href":"https:\/\/www.europesays.com\/fr\/wp-json\/wp\/v2\/media?parent=534619"}],"wp:term":[{"taxonomy":"category","embeddable":true,"href":"https:\/\/www.europesays.com\/fr\/wp-json\/wp\/v2\/categories?post=534619"},{"taxonomy":"post_tag","embeddable":true,"href":"https:\/\/www.europesays.com\/fr\/wp-json\/wp\/v2\/tags?post=534619"}],"curies":[{"name":"wp","href":"https:\/\/api.w.org\/{rel}","templated":true}]}}