{"id":534629,"date":"2025-11-14T22:21:18","date_gmt":"2025-11-14T22:21:18","guid":{"rendered":"https:\/\/www.europesays.com\/fr\/534629\/"},"modified":"2025-11-14T22:21:18","modified_gmt":"2025-11-14T22:21:18","slug":"lille-un-pole-educatif-a-series-mania-pour-faire-vivre-le-festival-toute-lannee","status":"publish","type":"post","link":"https:\/\/www.europesays.com\/fr\/534629\/","title":{"rendered":"Lille. Un p\u00f4le \u00e9ducatif \u00e0 S\u00e9ries Mania pour \u00ab faire vivre le festival toute l\u2019ann\u00e9e \u00bb"},"content":{"rendered":"<p>                    Par<br \/>\n        <strong><br \/>\n            <a href=\"https:\/\/actu.fr\/auteur\/amandine-vachez\" title=\"Consulter tous les articles de Amandine Vachez\" target=\"_blank\" rel=\"noopener\">Amandine Vachez<\/a><br \/>\n                    <\/strong><\/p>\n<p>        Publi\u00e9 le<\/p>\n<p>            14 nov. 2025 \u00e0 15h40        <\/p>\n<p><b>S\u00e9ries Mania<\/b>, c\u2019est une semaine 100\u2009% d\u00e9di\u00e9e aux <a href=\"https:\/\/actu.fr\/tag\/series\" target=\"_blank\" rel=\"noopener\">s\u00e9ries<\/a> \u00e0 <a href=\"https:\/\/actu.fr\/lille\/\" target=\"_blank\" rel=\"noopener\">Lille<\/a> (Nord). Des stars invit\u00e9es, des rencontres, des projections, un tapis violet face au Nouveau si\u00e8cle avec strass et paillettes\u2026 Le rendez-vous est bien connu des habitants de la m\u00e9tropole. Mais au-del\u00e0 de l\u2019\u00e9v\u00e9nement et sa pr\u00e9paration, un<b> travail de l\u2019ombre est men\u00e9 tout au long de l\u2019ann\u00e9e pour \u00ab\u2009\u00e9duquer aux s\u00e9ries\u2009\u00bb<\/b>. Les projets naissent dans les locaux du <a href=\"https:\/\/actu.fr\/hauts-de-france\/lille_59350\/a-lille-cette-ecole-dediee-aux-series-forme-les-jeunes-aux-metiers-sous-tension_61352973.html\" target=\"_blank\" rel=\"noopener\">S\u00e9ries Mania Institute<\/a> \u00e0 Lille.<\/p>\n<p>Rassurer les publics et les pr\u00e9parer<\/p>\n<p class=\" wall-content\">Le temps du festival n\u2019est pas le seul pour mettre en lumi\u00e8re ce qui fait l\u2019actualit\u00e9 des s\u00e9ries. L\u2019\u00e9quipe du p\u00f4le \u00e9ducatif de S\u00e9ries Mania passe le reste de l\u2019ann\u00e9e \u00e0 construire des partenariats, pour<b> aller \u00e0 la rencontre du public en r\u00e9gion<\/b>\u2009: les jeunes et les moins jeunes, les habitants de la m\u00e9tropole et des zones plus rurales\u2026 \u00ab\u2009L\u2019objectif est de d\u00e9velopper les publics qui viennent sur le festival\u2009\u00bb, pr\u00e9sente Chlo\u00e9 Destombes, responsable du p\u00f4le \u00e9ducatif, compos\u00e9 de quatre personnes.<\/p>\n<p class=\" wall-content\">Une mani\u00e8re de faire d\u00e9couvrir des s\u00e9ries moins connues que les grand public, qui rameutent les foules \u00e0 chaque \u00e9dition du festival. \u00ab\u2009S\u00e9ries Mania, c\u2019est aussi <b>90\u2009% de s\u00e9ries de niche.<\/b> Il faut qu\u2019on vienne rassurer nos publics et les pr\u00e9parer \u00e0 ce qui passe au festival, leur donner des cl\u00e9s de compr\u00e9hension.\u2009\u00bb<\/p>\n<blockquote class=\"ac-article-quote wall-content\">\n<p>On a besoin de faire vivre le festival toute l\u2019ann\u00e9e.<\/p>\n<p>Chlo\u00e9 Destombes, du p\u00f4le \u00e9ducatif de S\u00e9ries Mania.<\/p><\/blockquote>\n<p>Immersion dans l\u2019univers des s\u00e9ries<\/p>\n<p class=\" wall-content\">L\u2019\u00e9quipe propose<b> un catalogue d\u2019interventions<\/b>, d\u00e9j\u00e0 bien fourni, qu\u2019elle<b> personnalise en fonction des partenaires et publics touch\u00e9s. <\/b>Elle va notamment \u00e0 la rencontre d\u2019enfants, parfois le temps d\u2019une projection, d\u2019autres fois pendant plusieurs semaines. Le 19\u00a0novembre 2025 par exemple, un apr\u00e8s-midi d\u2019immersion dans l\u2019univers de la s\u00e9rie d\u2019animation Tobie Lolness est organis\u00e9 pour une trentaine de jeunes en centre de loisirs \u00e0 Longuenesse. Les deux premiers \u00e9pisodes de la s\u00e9rie seront diffus\u00e9s, avant un temps de discussion anim\u00e9 par Rozenn, de l\u2019\u00e9quipe S\u00e9ries Mania. Les enfants pourront ensuite<b> participer \u00e0 un atelier de cr\u00e9ation de bruitages<\/b> \u00e0 partir d\u2019\u00e9l\u00e9ments naturels, encadr\u00e9 par une intervenante sp\u00e9cialis\u00e9e en \u00e9ducation \u00e0 l\u2019image.<\/p>\n<p>Une offre construite avec les partenaires, dont l\u2019\u00c9ducation Nationale<\/p>\n<p class=\" wall-content\">Chaque partenariat permet de d\u00e9velopper des projets in\u00e9dits. C\u2019est tout l\u2019int\u00e9r\u00eat pour les publics et pour l\u2019\u00e9quipe du p\u00f4le \u00e9ducatif de S\u00e9ries Mania. \u00ab\u2009\u00c7a permet d\u2019<b>aborder des sujets pas forc\u00e9ment faciles<\/b>\u2009\u00bb, appuie Chlo\u00e9, qui insiste sur le fait que \u00ab\u2009tout ce qu\u2019il se passe dans les \u00e9coles est mis en place avec l\u2019\u00c9ducation Nationale, on pr\u00e9pare les contenus avec les enseignants, avec l\u2019Acad\u00e9mie de Lille.\u2009\u00bb<\/p>\n<p>    <img   decoding=\"async\" loading=\"lazy\" class=\"size-large\" src=\"https:\/\/www.europesays.com\/fr\/wp-content\/uploads\/2025\/11\/ff95e77058f56d3a5e77058f587a5ev-960x640.jpeg\" alt=\"D\u00e9couvrez \" l=\"\" du=\"\" d=\"\" des=\"\" s=\"\" au=\"\" tripostal=\"\" de=\"\" lille=\"\" dans=\"\" propos=\"\" par=\"\" mania=\"\" en=\"\" width=\"960\" height=\"640\"\/><br \/>\n    \u00c0 l\u2019image de l\u2019exposition \u00ab\u2009L\u2019envers du d\u00e9cor\u2009\u00bb que vous avez pu voir lors d\u2019une \u00e9dition de S\u00e9ries Mania \u00e0 Lille (Nord), des publics de la r\u00e9gion, en particulier dans les \u00e9coles, d\u00e9couvrent ce qui se cache derri\u00e8re la cam\u00e9ra. \u00a9Amandine Vachez\/Archives : Lille actu<\/p>\n<p>Votre r\u00e9gion, votre actu !<\/p>\n<p>Recevez chaque jour les infos qui comptent pour vous.<\/p>\n<p>\t<a href=\"https:\/\/actu.fr\/newsletter\" class=\"ac-btn ac-btn--corner ac-btn--medium ac-btn--blue800\" target=\"_blank\" rel=\"noopener\">S&rsquo;incrire<\/a><br \/>\nDes d\u00e9fis stimulants<\/p>\n<p class=\" wall-content\">\u00ab\u2009On lance une nouveaut\u00e9 cette ann\u00e9e, \u00e0 Boulogne-sur-Mer\u2009\u00bb, annonce Chlo\u00e9. L\u2019\u00e9quipe va se rendre dans un lyc\u00e9e de la ville, aupr\u00e8s d\u2019\u00e9l\u00e8ves qui ont choisi la sp\u00e9cialit\u00e9 art \/ danse. Un travail sera men\u00e9 autour de \u00ab\u2009la force des femmes\u2009\u00bb. \u00ab\u2009Les \u00e9l\u00e8ves vont cr\u00e9er des chor\u00e9graphies nourries par des s\u00e9ries visionn\u00e9es.\u2009\u00bb Le tout sera pr\u00e9sent\u00e9 devant un public, lors du festival. \u00ab\u2009C\u2019est typiquement un projet pens\u00e9 sur-mesure\u2009\u00bb, pr\u00e9cise Chlo\u00e9.<\/p>\n<p class=\" wall-content\">Des \u00e9tudiants int\u00e9ress\u00e9s par le journalisme ont la possibilit\u00e9 de couvrir le festival \u00e0 leur mani\u00e8re\u2009; des adolescents apprennent \u00e0 pitcher leur s\u00e9rie favorite devant une assembl\u00e9e (en lien avec le <a href=\"https:\/\/www.hautsdefrance.fr\/pour-les-jeunes-la-region-met-du-peps-dans-la-culture\/\" target=\"_blank\" rel=\"noopener\">programme Peps de la R\u00e9gion<\/a>). Ainsi, ils sont aid\u00e9s \u00e0 \u00ab\u2009d\u00e9velopper leur sens critique, \u00e0 apprendre \u00e0 poser leur voix, \u00e0 adopter une posture en public\u2009\u00bb, d\u00e9crit Manon Delamare, charg\u00e9e de l\u2019organisation, de la logistique et de la coordination au p\u00f4le \u00e9ducatif.<\/p>\n<p>Jusque dans les h\u00f4pitaux<\/p>\n<p class=\" wall-content\">L\u2019\u00e9quipe du festival ne va pas que dans les \u00e9coles. Elle multiplie les collaborations avec des associations et autres structures locales. Depuis 3\u00a0ans, elle collabore notamment avec le <a href=\"https:\/\/actu.fr\/tag\/chu-de-lille\" target=\"_blank\" rel=\"noopener\">CHU de Lille<\/a>, et propose<b> des s\u00e9ances \u00e0 destination des professionnels de sant\u00e9<\/b> <b>ou des patients.<\/b>\u00a0Ce jeudi 13\u00a0novembre s\u2019est tenue une projection de la s\u00e9rie\u00a0Petite Casbah \u00e0 la Maison des enfants de l\u2019h\u00f4pital Jeanne de Flandre, en pr\u00e9sence de sa productrice S\u00e9verine Lebrun. Une <b>projection de deux \u00e9pisodes suivie d\u2019une discussion autour des coulisses de la cr\u00e9ation.<\/b><\/p>\n<p class=\" wall-content\">Au-del\u00e0 de ces actions hors-les-murs, S\u00e9ries Mania a \u00e0 c\u0153ur de proposer des temps forts de plus en plus accessibles, avec des s\u00e9ances adapt\u00e9es aux personnes atteintes de troubles autistiques, ou de troubles de l\u2019audition. \u00ab\u2009On propose aussi pour notre exposition au Tripostal des \u2018heures silencieuses\u2019 [que l\u2019on conna\u00eet <a href=\"https:\/\/actu.fr\/hauts-de-france\/englos_59195\/le-centre-commercial-d-englos-met-en-place-l-heure-silencieuse-mais-qu-est-ce-que-c-est_54084707.html#:~:text=L&#039;heure%20silencieuse%20est%20directement,le%20centre%20commercial%20d&#039;Englos.\" target=\"_blank\" rel=\"noopener\">surtout dans les centres commerciaux<\/a>, NDLR], pour des visites dans des conditions apais\u00e9es\u2009\u00bb, appuie Chlo\u00e9.<\/p>\n<p class=\" wall-content\">Tout pour que le festival touche de plus en plus de monde. \u00ab\u2009Pour l\u2019instant, une grande partie des projets sont dans la r\u00e9gion. Demain, on pourrait aller plus loin\u2009\u00bb, conclut Chlo\u00e9. L\u2019offre suivra la demande\u2026<\/p>\n<p class=\" wall-content\">Personnalisez votre actualit\u00e9 en ajoutant vos villes et m\u00e9dias en favori avec <a href=\"https:\/\/moncompte.actu.fr\" title=\"D\u00e9couvez Mon Actu\" rel=\"nofollow noopener\" data-trk=\"{&quot;cta&quot;:{&quot;action&quot;:&quot;https:\\\/\\\/moncompte.actu.fr&quot;,&quot;category&quot;:&quot;mon compte&quot;,&quot;from&quot;:&quot;article footer&quot;,&quot;name&quot;:&quot;Mon actu&quot;,&quot;type&quot;:&quot;cta&quot;}}\" target=\"_blank\">Mon Actu<\/a>.<\/p>\n","protected":false},"excerpt":{"rendered":"Par Amandine Vachez Publi\u00e9 le 14 nov. 2025 \u00e0 15h40 S\u00e9ries Mania, c\u2019est une semaine 100\u2009% d\u00e9di\u00e9e aux&hellip;\n","protected":false},"author":2,"featured_media":534630,"comment_status":"","ping_status":"","sticky":false,"template":"","format":"standard","meta":{"footnotes":""},"categories":[2815],"tags":[1111,11,1057,1777,674,1011,27,811,1307,1652,12,25,1314],"class_list":{"0":"post-534629","1":"post","2":"type-post","3":"status-publish","4":"format-standard","5":"has-post-thumbnail","7":"category-lille","8":"tag-actu","9":"tag-actualites","10":"tag-education","11":"tag-eu","12":"tag-europe","13":"tag-fr","14":"tag-france","15":"tag-hauts-de-france","16":"tag-lille","17":"tag-loisirs-culture","18":"tag-news","19":"tag-republique-francaise","20":"tag-series"},"share_on_mastodon":{"url":"https:\/\/pubeurope.com\/@fr\/115550388111069946","error":""},"_links":{"self":[{"href":"https:\/\/www.europesays.com\/fr\/wp-json\/wp\/v2\/posts\/534629","targetHints":{"allow":["GET"]}}],"collection":[{"href":"https:\/\/www.europesays.com\/fr\/wp-json\/wp\/v2\/posts"}],"about":[{"href":"https:\/\/www.europesays.com\/fr\/wp-json\/wp\/v2\/types\/post"}],"author":[{"embeddable":true,"href":"https:\/\/www.europesays.com\/fr\/wp-json\/wp\/v2\/users\/2"}],"replies":[{"embeddable":true,"href":"https:\/\/www.europesays.com\/fr\/wp-json\/wp\/v2\/comments?post=534629"}],"version-history":[{"count":0,"href":"https:\/\/www.europesays.com\/fr\/wp-json\/wp\/v2\/posts\/534629\/revisions"}],"wp:featuredmedia":[{"embeddable":true,"href":"https:\/\/www.europesays.com\/fr\/wp-json\/wp\/v2\/media\/534630"}],"wp:attachment":[{"href":"https:\/\/www.europesays.com\/fr\/wp-json\/wp\/v2\/media?parent=534629"}],"wp:term":[{"taxonomy":"category","embeddable":true,"href":"https:\/\/www.europesays.com\/fr\/wp-json\/wp\/v2\/categories?post=534629"},{"taxonomy":"post_tag","embeddable":true,"href":"https:\/\/www.europesays.com\/fr\/wp-json\/wp\/v2\/tags?post=534629"}],"curies":[{"name":"wp","href":"https:\/\/api.w.org\/{rel}","templated":true}]}}