{"id":534633,"date":"2025-11-14T22:23:13","date_gmt":"2025-11-14T22:23:13","guid":{"rendered":"https:\/\/www.europesays.com\/fr\/534633\/"},"modified":"2025-11-14T22:23:13","modified_gmt":"2025-11-14T22:23:13","slug":"jai-decide-de-me-retirer-de-la-campagne-annonce-frederic-collart-dvd","status":"publish","type":"post","link":"https:\/\/www.europesays.com\/fr\/534633\/","title":{"rendered":"\u00ab\u00a0J&rsquo;ai d\u00e9cid\u00e9 de me retirer\u00a0\u00bb de la campagne, annonce Fr\u00e9d\u00e9ric Collart (DVD)"},"content":{"rendered":"<p><strong>En septembre, vous assuriez que vous conduiriez <a href=\"https:\/\/www.laprovence.com\/article\/politique\/3076091261920214\/municipales-2026-le-divers-droit-frederic-collart-oui-je-suis-candidat-a-marseille\" target=\"_blank\" rel=\"noopener\">une liste \u00e0 large spectre<\/a> en mars prochain. Mais depuis plusieurs semaines, le tout Marseille politique murmure que<a href=\"https:\/\/www.laprovence.com\/article\/elections\/2297065947039514\/municipales-2026-a-marseille-frederic-collart-dvd-sur-le-point-dabandonner\" target=\"_blank\" rel=\"noopener\"> vous n\u2019allez finalement pas vous pr\u00e9senter<\/a>. Qu\u2019en est-il\u00a0?<\/strong>&#13;\n<\/p>\n<p>J\u2019ai d\u00e9cid\u00e9 de me retirer et de ne pas confirmer ma candidature \u00e0 l\u2019\u00e9lection. Depuis le d\u00e9but, j\u2019ai dit que je ne m\u2019engagerais dans cette campagne que si j\u2019arrivais\u00a0\u00e0 incarner une union et un collectif suffisamment forts pour que cette candidature soit coh\u00e9rente. Pour moi, <a href=\"https:\/\/www.laprovence.com\/article\/region\/3079037298803514\/martine-vassal-et-ses-soutiens-commemorent-seuls-les-attentats-du-13-novembre\" target=\"_blank\" rel=\"noopener\">Martine Vassal<\/a> ne devait pas \u00eatre candidate puisqu\u2019elle est d\u00e9j\u00e0 pr\u00e9sidente du D\u00e9partement et de la M\u00e9tropole. Marseille a besoin d\u2019un maire \u00e0 temps plein. Et je voulais incarner un projet d\u2019union du centre et de la droite, \u00e9largi de par mon profil \u00e0 l\u2019ensemble des Marseillais.<\/p>\n<p><strong>Vous avez vraiment cru que Martine Vassal ne se pr\u00e9senterait pas et que <a href=\"https:\/\/www.laprovence.com\/article\/politique\/8635504501819214\/municipales-2026-a-marseille-frederic-collart-sinvite-au-bal-des-pretendants\" target=\"_blank\" rel=\"noopener\">vous pouviez \u00eatre une alternative\u2026<\/a><\/strong>&#13;\n<\/p>\n<p>Oui, je suis pragmatique\u2026 Tant qu\u2019elle n\u2019avait pas annonc\u00e9 sa candidature officiellement, je pensais qu\u2019elle ne serait pas candidate. \u00c0 partir du moment o\u00f9 Martine Vassal a commenc\u00e9 \u00e0 cranter sa campagne, j\u2019ai entam\u00e9 une r\u00e9flexion. Elle a aujourd\u2019hui <a href=\"https:\/\/www.laprovence.com\/article\/politique\/7408176530221814\/municipales-2026-a-marseille-martine-vassal-investie-par-lr\" target=\"_blank\" rel=\"noopener\">le soutien des partis<\/a> et de nombreuses personnalit\u00e9s politiques ma&#8230;<\/p>\n","protected":false},"excerpt":{"rendered":"En septembre, vous assuriez que vous conduiriez une liste \u00e0 large spectre en mars prochain. Mais depuis plusieurs&hellip;\n","protected":false},"author":2,"featured_media":534634,"comment_status":"","ping_status":"","sticky":false,"template":"","format":"standard","meta":{"footnotes":""},"categories":[2814],"tags":[17,5734,1111,11,3226,24684,5949,1777,674,1011,27,391,884,3554,12,882,25,63263],"class_list":{"0":"post-534633","1":"post","2":"type-post","3":"status-publish","4":"format-standard","5":"has-post-thumbnail","7":"category-marseille","8":"tag-17","9":"tag-5734","10":"tag-actu","11":"tag-actualites","12":"tag-campagne","13":"tag-decide","14":"tag-elections","15":"tag-eu","16":"tag-europe","17":"tag-fr","18":"tag-france","19":"tag-jai","20":"tag-marseille","21":"tag-municipales","22":"tag-news","23":"tag-provence-alpes-cote-dazur","24":"tag-republique-francaise","25":"tag-retirer"},"share_on_mastodon":{"url":"https:\/\/pubeurope.com\/@fr\/115550395119022486","error":""},"_links":{"self":[{"href":"https:\/\/www.europesays.com\/fr\/wp-json\/wp\/v2\/posts\/534633","targetHints":{"allow":["GET"]}}],"collection":[{"href":"https:\/\/www.europesays.com\/fr\/wp-json\/wp\/v2\/posts"}],"about":[{"href":"https:\/\/www.europesays.com\/fr\/wp-json\/wp\/v2\/types\/post"}],"author":[{"embeddable":true,"href":"https:\/\/www.europesays.com\/fr\/wp-json\/wp\/v2\/users\/2"}],"replies":[{"embeddable":true,"href":"https:\/\/www.europesays.com\/fr\/wp-json\/wp\/v2\/comments?post=534633"}],"version-history":[{"count":0,"href":"https:\/\/www.europesays.com\/fr\/wp-json\/wp\/v2\/posts\/534633\/revisions"}],"wp:featuredmedia":[{"embeddable":true,"href":"https:\/\/www.europesays.com\/fr\/wp-json\/wp\/v2\/media\/534634"}],"wp:attachment":[{"href":"https:\/\/www.europesays.com\/fr\/wp-json\/wp\/v2\/media?parent=534633"}],"wp:term":[{"taxonomy":"category","embeddable":true,"href":"https:\/\/www.europesays.com\/fr\/wp-json\/wp\/v2\/categories?post=534633"},{"taxonomy":"post_tag","embeddable":true,"href":"https:\/\/www.europesays.com\/fr\/wp-json\/wp\/v2\/tags?post=534633"}],"curies":[{"name":"wp","href":"https:\/\/api.w.org\/{rel}","templated":true}]}}