{"id":534635,"date":"2025-11-14T22:24:15","date_gmt":"2025-11-14T22:24:15","guid":{"rendered":"https:\/\/www.europesays.com\/fr\/534635\/"},"modified":"2025-11-14T22:24:15","modified_gmt":"2025-11-14T22:24:15","slug":"absolument-terrifiant-lassassinat-du-frere-damine-kessaci-nouveau-cap-dans-la-derive-mafieuse-a-marseille","status":"publish","type":"post","link":"https:\/\/www.europesays.com\/fr\/534635\/","title":{"rendered":"\u00ab Absolument terrifiant \u00bb : l\u2019assassinat du fr\u00e8re d\u2019Amine Kessaci, nouveau cap dans la d\u00e9rive mafieuse \u00e0 Marseille\u00a0?"},"content":{"rendered":"<p class=\"paragraph text_align_left lp-f-body-02\">Aux alentours de 14h30, Mehdi, 20 ans, le petit fr\u00e8re d\u2019<a href=\"https:\/\/www.leparisien.fr\/faits-divers\/a-marseille-le-combat-damine-face-aux-violences-on-en-a-marre-de-ramasser-des-corps-dans-la-rue-04-04-2023-LKH2NWIGZZE2PKEEMJDOCIGQAI.php\" target=\"_blank\" rel=\"noreferrer noopener\">Amine Kessaci, militant \u00e9cologiste de 22 ans<\/a> engag\u00e9 dans la lutte contre le narcobanditisme, a \u00e9t\u00e9 abattu de quatre balles dans le thorax par un commando \u00e0 moto, activement recherch\u00e9. Le parquet de Marseille a ouvert une enqu\u00eate pour \u00ab assassinat en bande organis\u00e9e et association de malfaiteurs en vue de commettre un crime \u00bb.<\/p>\n","protected":false},"excerpt":{"rendered":"Aux alentours de 14h30, Mehdi, 20 ans, le petit fr\u00e8re d\u2019Amine Kessaci, militant \u00e9cologiste de 22 ans engag\u00e9&hellip;\n","protected":false},"author":2,"featured_media":534636,"comment_status":"","ping_status":"","sticky":false,"template":"","format":"standard","meta":{"footnotes":""},"categories":[2814],"tags":[1111,11,459,1777,674,118,1011,27,884,12,882,25],"class_list":{"0":"post-534635","1":"post","2":"type-post","3":"status-publish","4":"format-standard","5":"has-post-thumbnail","7":"category-marseille","8":"tag-actu","9":"tag-actualites","10":"tag-departements-horsidfo","11":"tag-eu","12":"tag-europe","13":"tag-faits-divers","14":"tag-fr","15":"tag-france","16":"tag-marseille","17":"tag-news","18":"tag-provence-alpes-cote-dazur","19":"tag-republique-francaise"},"share_on_mastodon":{"url":"https:\/\/pubeurope.com\/@fr\/115550399038587476","error":""},"_links":{"self":[{"href":"https:\/\/www.europesays.com\/fr\/wp-json\/wp\/v2\/posts\/534635","targetHints":{"allow":["GET"]}}],"collection":[{"href":"https:\/\/www.europesays.com\/fr\/wp-json\/wp\/v2\/posts"}],"about":[{"href":"https:\/\/www.europesays.com\/fr\/wp-json\/wp\/v2\/types\/post"}],"author":[{"embeddable":true,"href":"https:\/\/www.europesays.com\/fr\/wp-json\/wp\/v2\/users\/2"}],"replies":[{"embeddable":true,"href":"https:\/\/www.europesays.com\/fr\/wp-json\/wp\/v2\/comments?post=534635"}],"version-history":[{"count":0,"href":"https:\/\/www.europesays.com\/fr\/wp-json\/wp\/v2\/posts\/534635\/revisions"}],"wp:featuredmedia":[{"embeddable":true,"href":"https:\/\/www.europesays.com\/fr\/wp-json\/wp\/v2\/media\/534636"}],"wp:attachment":[{"href":"https:\/\/www.europesays.com\/fr\/wp-json\/wp\/v2\/media?parent=534635"}],"wp:term":[{"taxonomy":"category","embeddable":true,"href":"https:\/\/www.europesays.com\/fr\/wp-json\/wp\/v2\/categories?post=534635"},{"taxonomy":"post_tag","embeddable":true,"href":"https:\/\/www.europesays.com\/fr\/wp-json\/wp\/v2\/tags?post=534635"}],"curies":[{"name":"wp","href":"https:\/\/api.w.org\/{rel}","templated":true}]}}