{"id":534647,"date":"2025-11-14T22:31:13","date_gmt":"2025-11-14T22:31:13","guid":{"rendered":"https:\/\/www.europesays.com\/fr\/534647\/"},"modified":"2025-11-14T22:31:13","modified_gmt":"2025-11-14T22:31:13","slug":"le-corps-dune-femme-tuee-a-paris-bientot-exhume-une-petite-victoire-judiciaire-pour-dominique-pelicot","status":"publish","type":"post","link":"https:\/\/www.europesays.com\/fr\/534647\/","title":{"rendered":"Le corps d&rsquo;une femme tu\u00e9e \u00e0 Paris bient\u00f4t exhum\u00e9, une \u00ab\u00a0petite victoire judiciaire\u00a0\u00bb pour Dominique Pelicot"},"content":{"rendered":"<p>                    Par<br \/>\n        <strong><br \/>\n            <a href=\"https:\/\/actu.fr\/auteur\/redaction-paris\" title=\"Consulter tous les articles de R\u00e9daction Paris\" rel=\"nofollow noopener\" target=\"_blank\">R\u00e9daction Paris<\/a><br \/>\n                    <\/strong><\/p>\n<p>        Publi\u00e9 le<\/p>\n<p>            14 nov. 2025 \u00e0 20h03        <\/p>\n<p>La <a href=\"https:\/\/actu.fr\/tag\/tribunal-de-versailles\" rel=\"nofollow noopener\" target=\"_blank\">cour d\u2019appel de Versailles<\/a> a autoris\u00e9 que le corps de Sophie Narme, agente immobili\u00e8re de <strong>23\u00a0ans viol\u00e9e et tu\u00e9e<\/strong> en 1991 \u00e0 Paris, soit prochainement exhum\u00e9 afin d\u2019<strong>\u00e9carter ou confirmer<\/strong> une \u00e9ventuelle <strong>responsabilit\u00e9 de <\/strong><a href=\"https:\/\/actu.fr\/faits-divers\/proces-des-viols-de-mazan-dominique-pelicot-reconnu-coupable-il-encourt-20-ans-de-prison-la-peine-maximale_62022144.html\" rel=\"nofollow noopener\" target=\"_blank\">Dominique Pelicot<\/a>, a appris l\u2019AFP vendredi 14\u00a0novembre 2025.<\/p>\n<p>\u00ab\u2009Une petite victoire judiciaire\u2009\u00bb<\/p>\n<p class=\" wall-content\">La cour d\u2019appel de Versailles a ainsi donn\u00e9 raison \u00e0 B\u00e9atrice Zavarro, l\u2019avocate de celui qui est surnomm\u00e9 \u00ab\u2009l\u2019ogre de Mazan\u2009\u00bb pour avoir orchestr\u00e9 pendant une d\u00e9cennie des <a href=\"https:\/\/actu.fr\/tag\/viols-de-mazan\" rel=\"nofollow noopener\" target=\"_blank\">viols par des inconnus sur son ex-\u00e9pouse<\/a> <a href=\"https:\/\/actu.fr\/societe\/un-message-de-force-gisele-pelicot-racontera-son-histoire-dans-un-ouvrage-prevu-pour-2026_62402301.html\" rel=\"nofollow noopener\" target=\"_blank\">Gis\u00e8le<\/a> \u00e0 Mazan (Vaucluse), dont la demande initiale avait \u00e9t\u00e9 rejet\u00e9e en avril.<\/p>\n<p class=\" wall-content\">\u00ab\u2009C\u2019est une petite victoire judiciaire car <strong>il nie toute implication<\/strong>\u2009\u00bb, a d\u00e9clar\u00e9 Mme Zavarro.<br \/>\u00ab\u2009Le but est de retrouver quelque chose (sur ce corps, NDLR) qui puisse identifier l\u2019auteur des faits, comme voir si une trace puisse appartenir \u00e0 <a href=\"https:\/\/actu.fr\/auvergne-rhone-alpes\/lyon_69123\/lyon-un-lyonnais-conseille-par-dominique-pelicot-pour-violer-sa-femme-vise-par-la-justice_63275840.html\" rel=\"nofollow noopener\" target=\"_blank\">Dominique Pelicot<\/a> ou pas\u2009\u00bb, a-t-elle ajout\u00e9.<\/p>\n<p class=\" wall-content\">Selon l\u2019avocate, son client de 72\u00a0ans \u00ab\u2009confirme que c\u2019est un des moyens pour arriver \u00e0 exclure son implication, sa responsabilit\u00e9\u2009\u00bb. \u00ab\u2009La chambre de l\u2019instruction de la cour d\u2019appel de Versailles a effectivement rendu un arr\u00eat le 7\u00a0novembre dans la proc\u00e9dure concernant le viol et le meurtre de Sophie Narme [\u2026] Cette d\u00e9cision a pour effet d\u2019ouvrir la voie \u00e0 l\u2019exhumation\u2009\u00bb, a indiqu\u00e9 de son c\u00f4t\u00e9 le parquet g\u00e9n\u00e9ral \u00e0 l\u2019AFP.<\/p>\n<p class=\" wall-content\">Il s\u2019agit de l\u2019un des <a href=\"https:\/\/actu.fr\/provence-alpes-cote-d-azur\/marseille_13055\/proces-des-viols-de-mazan-dominique-pelicot-implique-dans-un-meurtre-pres-de-marseille_61672446.html\" rel=\"nofollow noopener\" target=\"_blank\">deux cold case<\/a> pour lesquels Dominique Pelicot, d\u00e9finitivement <a href=\"https:\/\/actu.fr\/faits-divers\/proces-des-viols-de-mazan-dominique-pelicot-reconnu-coupable-il-encourt-20-ans-de-prison-la-peine-maximale_62022144.html\" rel=\"nofollow noopener\" target=\"_blank\">condamn\u00e9 fin 2024<\/a> par la cour d\u00e9partementale du Vaucluse \u00e0 20\u00a0ans de prison pour l\u2019affaire des \u00ab\u2009viols de Mazan\u2009\u00bb, est \u00e9galement soup\u00e7onn\u00e9 et mis en examen.<\/p>\n<p>Viol\u00e9e puis tu\u00e9e en faisant visiter un appartement<\/p>\n<p class=\" wall-content\">En d\u00e9cembre\u00a01991, Sophie Narme avait \u00e9t\u00e9 <strong>viol\u00e9e puis tu\u00e9e<\/strong> en faisant visiter un appartement du 19e arrondissement de Paris. <strong>Son corps, rou\u00e9 de coups <\/strong>et \u00e0 demi d\u00e9v\u00eatu, avait \u00e9t\u00e9 ensuite d\u00e9couvert par le directeur de son agence.<\/p>\n<p class=\" wall-content\">L\u2019auteur n\u2019a jamais pu \u00eatre identifi\u00e9 mais des doutes ont \u00e9t\u00e9 r\u00e9cemment \u00e9mis apr\u00e8s que Dominique Pelicot a partiellement reconnu son implication dans la <strong>tentative de viol<\/strong> en Seine-et-Marne en 1999 d\u2019une autre agente immobili\u00e8re, apr\u00e8s avoir \u00e9t\u00e9 confondu par son ADN.<\/p>\n<p>Votre r\u00e9gion, votre actu !<\/p>\n<p>Recevez chaque jour les infos qui comptent pour vous.<\/p>\n<p>\t<a href=\"https:\/\/actu.fr\/newsletter\" class=\"ac-btn ac-btn--corner ac-btn--medium ac-btn--blue800\" rel=\"nofollow noopener\" target=\"_blank\">S&rsquo;incrire<\/a><\/p>\n<p class=\" wall-content\">Les deux femmes avaient \u00e9t\u00e9 d\u00e9shabill\u00e9es de la m\u00eame mani\u00e8re et une <strong>forte odeur d\u2019\u00e9ther<\/strong> avait \u00e9t\u00e9 sentie sur la sc\u00e8ne du crime pour Sophie Narme, substance utilis\u00e9e pour agresser l\u2019autre agente immobili\u00e8re en 1999. Egalement pour B\u00e9atrice Zavarro, Sophie Narme a pu \u00eatre <a href=\"https:\/\/actu.fr\/ile-de-france\/paris_75056\/affaire-le-grele-qui-sont-les-victimes-connues-du-tueur-en-serie-a-paris_60818430.html\" rel=\"nofollow noopener\" target=\"_blank\">victime<\/a> de<a href=\"https:\/\/actu.fr\/ile-de-france\/paris_75056\/qui-est-francois-verove-l-ex-gendarme-et-policier-identifie-comme-le-grele-tueur-en-serie_45326894.html\" rel=\"nofollow noopener\" target=\"_blank\"> Fran\u00e7ois V\u00e9rove<\/a> dit \u00ab<a href=\"https:\/\/actu.fr\/ile-de-france\/paris_75056\/avec-la-mort-du-grele-la-fin-de-la-plus-vieille-enquete-de-la-brigade-criminelle-de-paris_45312652.html\" rel=\"nofollow noopener\" target=\"_blank\">\u2009le Gr\u00eal\u00e9<\/a>\u2009\u00bb, un tueur et violeur en s\u00e9rie <a href=\"https:\/\/actu.fr\/ile-de-france\/paris_75056\/le-grele-l-ancien-gendarme-et-policier-retrouve-mort-officiellement-identifie-par-l-adn_45325809.html\" rel=\"nofollow noopener\" target=\"_blank\">recherch\u00e9<\/a> depuis les ann\u00e9es 1980 et d\u00e9c\u00e9d\u00e9 depuis.<\/p>\n<p class=\" wall-content\">AFP<\/p>\n<p class=\" wall-content\">Personnalisez votre actualit\u00e9 en ajoutant vos villes et m\u00e9dias en favori avec <a href=\"https:\/\/moncompte.actu.fr\" title=\"D\u00e9couvez Mon Actu\" rel=\"nofollow noopener\" data-trk=\"{&quot;cta&quot;:{&quot;action&quot;:&quot;https:\\\/\\\/moncompte.actu.fr&quot;,&quot;category&quot;:&quot;mon compte&quot;,&quot;from&quot;:&quot;article footer&quot;,&quot;name&quot;:&quot;Mon actu&quot;,&quot;type&quot;:&quot;cta&quot;}}\" target=\"_blank\">Mon Actu<\/a>.<\/p>\n","protected":false},"excerpt":{"rendered":"Par R\u00e9daction Paris Publi\u00e9 le 14 nov. 2025 \u00e0 20h03 La cour d\u2019appel de Versailles a autoris\u00e9 que&hellip;\n","protected":false},"author":2,"featured_media":534648,"comment_status":"","ping_status":"","sticky":false,"template":"","format":"standard","meta":{"footnotes":""},"categories":[1888],"tags":[11,3495,1777,674,1011,27,777,12,626,25,104,57173],"class_list":{"0":"post-534647","1":"post","2":"type-post","3":"status-publish","4":"format-standard","5":"has-post-thumbnail","7":"category-paris","8":"tag-actualites","9":"tag-cold-case","10":"tag-eu","11":"tag-europe","12":"tag-fr","13":"tag-france","14":"tag-meurtre","15":"tag-news","16":"tag-paris","17":"tag-republique-francaise","18":"tag-societe","19":"tag-viols-de-mazan"},"share_on_mastodon":{"url":"https:\/\/pubeurope.com\/@fr\/115550426482166369","error":""},"_links":{"self":[{"href":"https:\/\/www.europesays.com\/fr\/wp-json\/wp\/v2\/posts\/534647","targetHints":{"allow":["GET"]}}],"collection":[{"href":"https:\/\/www.europesays.com\/fr\/wp-json\/wp\/v2\/posts"}],"about":[{"href":"https:\/\/www.europesays.com\/fr\/wp-json\/wp\/v2\/types\/post"}],"author":[{"embeddable":true,"href":"https:\/\/www.europesays.com\/fr\/wp-json\/wp\/v2\/users\/2"}],"replies":[{"embeddable":true,"href":"https:\/\/www.europesays.com\/fr\/wp-json\/wp\/v2\/comments?post=534647"}],"version-history":[{"count":0,"href":"https:\/\/www.europesays.com\/fr\/wp-json\/wp\/v2\/posts\/534647\/revisions"}],"wp:featuredmedia":[{"embeddable":true,"href":"https:\/\/www.europesays.com\/fr\/wp-json\/wp\/v2\/media\/534648"}],"wp:attachment":[{"href":"https:\/\/www.europesays.com\/fr\/wp-json\/wp\/v2\/media?parent=534647"}],"wp:term":[{"taxonomy":"category","embeddable":true,"href":"https:\/\/www.europesays.com\/fr\/wp-json\/wp\/v2\/categories?post=534647"},{"taxonomy":"post_tag","embeddable":true,"href":"https:\/\/www.europesays.com\/fr\/wp-json\/wp\/v2\/tags?post=534647"}],"curies":[{"name":"wp","href":"https:\/\/api.w.org\/{rel}","templated":true}]}}