{"id":534651,"date":"2025-11-14T22:33:14","date_gmt":"2025-11-14T22:33:14","guid":{"rendered":"https:\/\/www.europesays.com\/fr\/534651\/"},"modified":"2025-11-14T22:33:14","modified_gmt":"2025-11-14T22:33:14","slug":"la-russie-sappauvrit-mais-se-rearme","status":"publish","type":"post","link":"https:\/\/www.europesays.com\/fr\/534651\/","title":{"rendered":"La Russie s&rsquo;appauvrit mais se r\u00e9arme"},"content":{"rendered":"<p class=\"sc-7c8a2665-13 eBhjlJ\">Entre juillet et septembre, le r\u00e9sultat net de BMW a atteint 1,70 milliard d\u2019euros, un bond de 256,5% sur un an, selon son communiqu\u00e9. Ce rebond s\u2019explique \u00e9galement par un effet de base: le b\u00e9n\u00e9fice de l\u2019an dernier \u00e0 la m\u00eame p\u00e9riode avait \u00e9t\u00e9 lourdement impact\u00e9 par le rappel de v\u00e9hicules d\u00fb \u00e0 des composants d\u00e9fectueux.<\/p>\n<p class=\"sc-7c8a2665-13 eBhjlJ\">Comme les autres constructeurs europ\u00e9ens, BMW a subi la hausse des droits de douane am\u00e9ricains sur les voitures fabriqu\u00e9es en Europe (d\u2019abord \u00e0 27,5% en avril, puis ramen\u00e9e \u00e0 15% \u00e0 partir d\u2019ao\u00fbt, contre seulement 2,5% pr\u00e9c\u00e9demment), mais il tire mieux son \u00e9pingle du jeu que d\u2019autres.<\/p>\n<p class=\"sc-7c8a2665-13 eBhjlJ\">Il poss\u00e8de en effet sa plus grande usine au monde en Caroline du Sud, d\u2019o\u00f9 il produit la moiti\u00e9 des v\u00e9hicules \u00e0 destination des \u00c9tats-Unis, contrairement aux marques Porsche et Audi, du groupe Volkswagen, qui ne disposent d\u2019aucun site dans ce pays.<\/p>\n<p><img loading=\"lazy\" decoding=\"async\" src=\"https:\/\/www.europesays.com\/fr\/wp-content\/uploads\/2025\/11\/1763159594_993_396a4ff3-22c2-45e7-9e03-b8dc17bf97c2.jpg\" alt=\"\" title=\"\"  width=\"1200\" height=\"800\"\/>AFP<\/p>\n<p class=\"sc-7c8a2665-13 eBhjlJ\">BMW a d\u2019ailleurs vu ses livraisons outre-Atlantique augmenter d\u2019un quart sur un an. Ses livraisons mondiales ont cr\u00fb quant \u00e0 elles de 9%, largement au-dessus de celles de ses concurrents nationaux Volkswagen (+1%) et Mercedes-Benz (-12%), plomb\u00e9s par les \u00c9tats-Unis et la Chine.<\/p>\n<p class=\"sc-7c8a2665-13 eBhjlJ\">BMW pr\u00e9voit tout de m\u00eame un impact des droits de douane am\u00e9ricains de 1,5 point sur sa marge annuelle en 2025, a d\u00e9clar\u00e9 Walter Mertl, directeur financier du groupe, lors d\u2019une conf\u00e9rence de presse t\u00e9l\u00e9phonique.<\/p>\n","protected":false},"excerpt":{"rendered":"Entre juillet et septembre, le r\u00e9sultat net de BMW a atteint 1,70 milliard d\u2019euros, un bond de 256,5%&hellip;\n","protected":false},"author":2,"featured_media":534652,"comment_status":"","ping_status":"","sticky":false,"template":"","format":"standard","meta":{"footnotes":""},"categories":[1591],"tags":[11,1887,12,1885,1886,132],"class_list":{"0":"post-534651","1":"post","2":"type-post","3":"status-publish","4":"format-standard","5":"has-post-thumbnail","7":"category-russie","8":"tag-actualites","9":"tag-federation-de-russie","10":"tag-news","11":"tag-russia","12":"tag-russian-federation","13":"tag-russie"},"share_on_mastodon":{"url":"https:\/\/pubeurope.com\/@fr\/115550435216812188","error":""},"_links":{"self":[{"href":"https:\/\/www.europesays.com\/fr\/wp-json\/wp\/v2\/posts\/534651","targetHints":{"allow":["GET"]}}],"collection":[{"href":"https:\/\/www.europesays.com\/fr\/wp-json\/wp\/v2\/posts"}],"about":[{"href":"https:\/\/www.europesays.com\/fr\/wp-json\/wp\/v2\/types\/post"}],"author":[{"embeddable":true,"href":"https:\/\/www.europesays.com\/fr\/wp-json\/wp\/v2\/users\/2"}],"replies":[{"embeddable":true,"href":"https:\/\/www.europesays.com\/fr\/wp-json\/wp\/v2\/comments?post=534651"}],"version-history":[{"count":0,"href":"https:\/\/www.europesays.com\/fr\/wp-json\/wp\/v2\/posts\/534651\/revisions"}],"wp:featuredmedia":[{"embeddable":true,"href":"https:\/\/www.europesays.com\/fr\/wp-json\/wp\/v2\/media\/534652"}],"wp:attachment":[{"href":"https:\/\/www.europesays.com\/fr\/wp-json\/wp\/v2\/media?parent=534651"}],"wp:term":[{"taxonomy":"category","embeddable":true,"href":"https:\/\/www.europesays.com\/fr\/wp-json\/wp\/v2\/categories?post=534651"},{"taxonomy":"post_tag","embeddable":true,"href":"https:\/\/www.europesays.com\/fr\/wp-json\/wp\/v2\/tags?post=534651"}],"curies":[{"name":"wp","href":"https:\/\/api.w.org\/{rel}","templated":true}]}}