{"id":534662,"date":"2025-11-14T22:39:18","date_gmt":"2025-11-14T22:39:18","guid":{"rendered":"https:\/\/www.europesays.com\/fr\/534662\/"},"modified":"2025-11-14T22:39:18","modified_gmt":"2025-11-14T22:39:18","slug":"donald-trump-a-eu-des-echanges-telephoniques-avec-la-thailande-et-le-cambodge-apres-des-heurts-frontaliers","status":"publish","type":"post","link":"https:\/\/www.europesays.com\/fr\/534662\/","title":{"rendered":"Donald Trump \u00aba eu des \u00e9changes t\u00e9l\u00e9phoniques avec la Tha\u00eflande et le Cambodge\u00bb apr\u00e8s des heurts frontaliers"},"content":{"rendered":"<p>\n    Le locataire de la Maison-Blanche avait cosign\u00e9 le 26 octobre en Malaisie un accord de cessez-le-feu entre les deux pays mais de nouveaux affrontements ont eu lieu \u00e0 la fronti\u00e8re ces derniers jours.<\/p>\n<p class=\"fig-paragraph\">Donald Trump \u00aba eu des \u00e9changes t\u00e9l\u00e9phoniques avec la Tha\u00eflande et le Cambodge dans une tentative pour r\u00e9soudre\u00a0<a href=\"http:\/\/www.lefigaro.fr\/international\/le-cambodge-et-la-thailande-s-accusent-mutuellement-apres-des-heurts-a-la-frontiere-20251112\" data-fig-type=\"NewsFlash\" data-gtm-custom-categorie=\"navigation\" data-gtm-custom-action=\"crossclick\" data-gtm-custom-label=\"Contextuel\" data-gtm-event=\"customEventSPE\" data-fig-domain=\"LEFIGARO\" target=\"_blank\" rel=\"noopener\">leur r\u00e9cent conflit<\/a> \u00bb, a fait savoir vendredi la\u00a0<a href=\"http:\/\/www.lefigaro.fr\/flash-eco\/la-maison-blanche-annonce-des-accords-commerciaux-avec-l-argentine-le-guatemala-l-equateur-et-le-salvador-20251113\" data-fig-type=\"NewsFlash\" data-gtm-custom-categorie=\"navigation\" data-gtm-custom-action=\"crossclick\" data-gtm-custom-label=\"Contextuel\" data-gtm-event=\"customEventSPE\" data-fig-domain=\"LEFIGARO\" target=\"_blank\" rel=\"noopener\">Maison-Blanche<\/a>.<\/p>\n<p class=\"fig-paragraph\">Le pr\u00e9sident am\u00e9ricain \u00abest aussi en contact avec la Malaisie pour aider \u00e0 mettre fin \u00e0 la violence\u00bb, a indiqu\u00e9 un haut responsable am\u00e9ricain, alors que de nouveaux affrontements ont eu lieu \u00e0 la fronti\u00e8re entre la Tha\u00eflande et le Cambodge. Donald Trump avait cosign\u00e9 le 26 octobre en Malaisie un accord de cessez-le-feu entre les deux pays.<\/p>\n<p>                                    <a class=\"fig-a11y-skip a11y-hidden\" href=\"#fig-a11y-skip-main-inarticle\"><br \/>\n        Passer la publicit\u00e9<br \/>\n    <\/a><\/p>\n<p><strong>Un civil cambodgien possiblement tu\u00e9<\/strong><\/p>\n<p class=\"fig-paragraph\">Le Cambodge et la Tha\u00eflande s\u2019\u00e9taient accus\u00e9s mercredi de nouveaux affrontements le long de leur fronti\u00e8re, Phnom Penh affirmant qu\u2019un civil cambodgien avait \u00e9t\u00e9 tu\u00e9. Peu auparavant, Bangkok avait annonc\u00e9 la suspension de l\u2019accord de paix soutenu par les \u00c9tats-Unis.<\/p>\n<p class=\"fig-paragraph\">Le pr\u00e9sident am\u00e9ricain assure avoir mis fin \u00e0 huit conflits dans le monde, dont celui entre les deux pays d\u2019Asie du sud-est, depuis son retour \u00e0 la Maison-Blanche en janvier. Il estime que ces efforts de m\u00e9diation devraient lui valoir le prix Nobel de la paix.<\/p>\n<p class=\"fig-paragraph\">Les experts notent toutefois que son intervention dans certains des conflits en question a \u00e9t\u00e9 soit minime soit inexistante. Plusieurs gouvernements dans le monde soutiennent toutefois publiquement la nomination de Donald Trump pour cette distinction.<\/p>\n","protected":false},"excerpt":{"rendered":"Le locataire de la Maison-Blanche avait cosign\u00e9 le 26 octobre en Malaisie un accord de cessez-le-feu entre les&hellip;\n","protected":false},"author":2,"featured_media":534663,"comment_status":"","ping_status":"","sticky":false,"template":"","format":"standard","meta":{"footnotes":""},"categories":[1586],"tags":[11,9265,2120,75,1777,674,1779,1011,27,12,25,1684,1778,364],"class_list":{"0":"post-534662","1":"post","2":"type-post","3":"status-publish","4":"format-standard","5":"has-post-thumbnail","7":"category-europe","8":"tag-actualites","9":"tag-cambodge","10":"tag-conflit","11":"tag-donald-trump","12":"tag-eu","13":"tag-europe","14":"tag-european-union","15":"tag-fr","16":"tag-france","17":"tag-news","18":"tag-republique-francaise","19":"tag-thailande","20":"tag-ue","21":"tag-union-europeenne"},"share_on_mastodon":{"url":"https:\/\/pubeurope.com\/@fr\/115550457999764618","error":""},"_links":{"self":[{"href":"https:\/\/www.europesays.com\/fr\/wp-json\/wp\/v2\/posts\/534662","targetHints":{"allow":["GET"]}}],"collection":[{"href":"https:\/\/www.europesays.com\/fr\/wp-json\/wp\/v2\/posts"}],"about":[{"href":"https:\/\/www.europesays.com\/fr\/wp-json\/wp\/v2\/types\/post"}],"author":[{"embeddable":true,"href":"https:\/\/www.europesays.com\/fr\/wp-json\/wp\/v2\/users\/2"}],"replies":[{"embeddable":true,"href":"https:\/\/www.europesays.com\/fr\/wp-json\/wp\/v2\/comments?post=534662"}],"version-history":[{"count":0,"href":"https:\/\/www.europesays.com\/fr\/wp-json\/wp\/v2\/posts\/534662\/revisions"}],"wp:featuredmedia":[{"embeddable":true,"href":"https:\/\/www.europesays.com\/fr\/wp-json\/wp\/v2\/media\/534663"}],"wp:attachment":[{"href":"https:\/\/www.europesays.com\/fr\/wp-json\/wp\/v2\/media?parent=534662"}],"wp:term":[{"taxonomy":"category","embeddable":true,"href":"https:\/\/www.europesays.com\/fr\/wp-json\/wp\/v2\/categories?post=534662"},{"taxonomy":"post_tag","embeddable":true,"href":"https:\/\/www.europesays.com\/fr\/wp-json\/wp\/v2\/tags?post=534662"}],"curies":[{"name":"wp","href":"https:\/\/api.w.org\/{rel}","templated":true}]}}