{"id":534677,"date":"2025-11-14T22:52:12","date_gmt":"2025-11-14T22:52:12","guid":{"rendered":"https:\/\/www.europesays.com\/fr\/534677\/"},"modified":"2025-11-14T22:52:12","modified_gmt":"2025-11-14T22:52:12","slug":"lola-dewaere-javais-peur-lactrice-sans-filtre-sur-miou-miou","status":"publish","type":"post","link":"https:\/\/www.europesays.com\/fr\/534677\/","title":{"rendered":"Lola Dewaere : \u00ab\u00a0J&rsquo;avais peur&#8230;\u00a0\u00bb, l&rsquo;actrice sans filtre sur Miou-Miou"},"content":{"rendered":"<p data-start=\"67\" data-end=\"464\">Lola Dewaere, de son vrai nom<br \/>\nLola C\u00e9leste Marie Dewaere, est la fille du mythique <a href=\"https:\/\/www.closermag.fr\/people\/patrick-dewaere-pourquoi-son-rapport-dautopsie-a-ete-devoile-six-mois-apres-sa-mort-3347617\" target=\"_blank\" rel=\"noopener\"><br \/>\nPatrick Dewaere<\/a> et d\u2019\u00c9lisabeth Malvina Chalier.\u00a0N\u00e9e sous<br \/>\nles projecteurs, elle appartient \u00e0 l\u2019une <strong>des familles les<br \/>\nplus embl\u00e9matiques du cin\u00e9ma fran\u00e7ais<\/strong>. Elle est aussi la<br \/>\ndemi-s\u0153ur d\u2019Ang\u00e8le Herry-Leclerc, la fille que l\u2019acteur a eue avec<br \/>\nMiou-Miou, une autre figure incontournable du grand \u00e9cran.<\/p>\n<p data-start=\"466\" data-end=\"999\">Le drame qui frappe sa famille<br \/>\nen juillet 1982 change le cours de sa vie. Apr\u00e8s le suicide de<br \/>\nPatrick Dewaere, sa m\u00e8re doit affronter les lourdes dettes laiss\u00e9es<br \/>\npar l\u2019acteur, tandis que Lola est confi\u00e9e \u00e0 ses grands-parents<br \/>\nmaternels \u00e0 Saint-Lambert-du-Lattay, loin du tumulte parisien. Une<br \/>\nhistoire familiale marqu\u00e9e par la douleur, les secrets et une<br \/>\n<strong>filiation<\/strong> qui continue de fasciner.<\/p>\n<p>H\u00e9ritage bris\u00e9 : la trajectoire<br \/>\nbouleversante de Patrick Dewaere<\/p>\n<p data-start=\"0\" data-end=\"596\">Les admirateurs de Patrick<br \/>\nDewaere, r\u00e9v\u00e9l\u00e9s notamment dans Les Valseuses, le voyaient d\u00e9j\u00e0 promis \u00e0 une carri\u00e8re<br \/>\nfulgurante. Pourtant, huit ans plus tard, l\u2019acteur prodige mettait<br \/>\ntragiquement fin \u00e0 ses jours \u00e0 35 ans, incapable d\u2019affronter la<br \/>\ns\u00e9paration avec <a href=\"https:\/\/www.closermag.fr\/people\/lola-dewaere-qui-est-sa-mere-elisabeth-malvina-chalier-1326886\" target=\"_blank\" rel=\"noopener\"><br \/>\nElisabeth Malvina Chalier<\/a>, partie vivre avec son ami<br \/>\n<strong>Coluche<\/strong>.<\/p>\n<p data-start=\"0\" data-end=\"596\">De cette relation est n\u00e9e<br \/>\n<strong>Lola Dewaere<\/strong>, aujourd\u2019hui com\u00e9dienne et au casting<br \/>\nde la s\u00e9rie \u00e9v\u00e9nement Mademoiselle Holmes sur TF1. L\u2019acteur avait \u00e9galement eu<br \/>\nune fille, Ang\u00e8le Herry, avec Miou-Miou.<\/p>\n<p>Liens<br \/>\nde sang : Lola Dewaere et Ang\u00e8le Herry, l\u2019h\u00e9ritage en miroir<\/p>\n<p data-start=\"598\" data-end=\"1481\" data-is-last-node=\"\" data-is-only-node=\"\">\u00ab\u00a0Vous me mettez une moustache et je suis<br \/>\nle portrait de mon p\u00e8re\u00a0\u00bb, confiait Lola Dewaere \u00e0<br \/>\nParis Match en 2022,<br \/>\n\u00e9voquant les rares objets conserv\u00e9s de celui qu\u2019elle n\u2019a jamais<br \/>\nappel\u00e9 \u00ab\u00a0<strong>papa<\/strong>\u00ab\u00a0. Une pudeur qu\u2019elle partage<br \/>\navec sa demi-s\u0153ur, Ang\u00e8le Herry-Leclerc, fille de <a href=\"https:\/\/www.closermag.fr\/people\/miou-miou-a-quoi-ressemble-sa-superbe-maison-au-bord-de-leau-en-bretagne-3545809\" target=\"_blank\" rel=\"noopener\"><br \/>\nMiou-Miou<\/a>, et avec qui elle entretient un lien pr\u00e9cieux :<br \/>\n\u00ab\u00a0Elle est une mat\u00e9rialisation de mon lien avec mon p\u00e8re\u2026 Elle<br \/>\ndit que nous sommes comme des copies conformes\u00a0\u00bb.<\/p>\n<p data-start=\"598\" data-end=\"1481\" data-is-last-node=\"\" data-is-only-node=\"\">R\u00e9alisatrice talentueuse et soutien essentiel,<br \/>\nAng\u00e8le a fait une place \u00e0 Lola dans sa vie et m\u00eame dans sa famille<br \/>\n: \u00ab\u00a0<strong>Derni\u00e8rement, je suis all\u00e9e \u00e0 l\u2019anniversaire de<br \/>\nMiou\u2026 Mais j\u2019avais peur d\u2019y aller, comme si j\u2019\u00e9tais une pi\u00e8ce<br \/>\nrapport\u00e9e<\/strong>\u00ab\u00a0, confiait la com\u00e9dienne avec sinc\u00e9rit\u00e9.<br \/>\nUne relation discr\u00e8te, empreinte de respect, qu\u2019elles pr\u00e9servent<br \/>\navec d\u00e9licatesse.<\/p>\n","protected":false},"excerpt":{"rendered":"Lola Dewaere, de son vrai nom Lola C\u00e9leste Marie Dewaere, est la fille du mythique Patrick Dewaere et&hellip;\n","protected":false},"author":2,"featured_media":534678,"comment_status":"","ping_status":"","sticky":false,"template":"","format":"standard","meta":{"footnotes":""},"categories":[1359],"tags":[58,59,1011,27,22199,973],"class_list":{"0":"post-534677","1":"post","2":"type-post","3":"status-publish","4":"format-standard","5":"has-post-thumbnail","7":"category-people","8":"tag-divertissement","9":"tag-entertainment","10":"tag-fr","11":"tag-france","12":"tag-lola-dewaere","13":"tag-people"},"share_on_mastodon":{"url":"https:\/\/pubeurope.com\/@fr\/115550509296414388","error":""},"_links":{"self":[{"href":"https:\/\/www.europesays.com\/fr\/wp-json\/wp\/v2\/posts\/534677","targetHints":{"allow":["GET"]}}],"collection":[{"href":"https:\/\/www.europesays.com\/fr\/wp-json\/wp\/v2\/posts"}],"about":[{"href":"https:\/\/www.europesays.com\/fr\/wp-json\/wp\/v2\/types\/post"}],"author":[{"embeddable":true,"href":"https:\/\/www.europesays.com\/fr\/wp-json\/wp\/v2\/users\/2"}],"replies":[{"embeddable":true,"href":"https:\/\/www.europesays.com\/fr\/wp-json\/wp\/v2\/comments?post=534677"}],"version-history":[{"count":0,"href":"https:\/\/www.europesays.com\/fr\/wp-json\/wp\/v2\/posts\/534677\/revisions"}],"wp:featuredmedia":[{"embeddable":true,"href":"https:\/\/www.europesays.com\/fr\/wp-json\/wp\/v2\/media\/534678"}],"wp:attachment":[{"href":"https:\/\/www.europesays.com\/fr\/wp-json\/wp\/v2\/media?parent=534677"}],"wp:term":[{"taxonomy":"category","embeddable":true,"href":"https:\/\/www.europesays.com\/fr\/wp-json\/wp\/v2\/categories?post=534677"},{"taxonomy":"post_tag","embeddable":true,"href":"https:\/\/www.europesays.com\/fr\/wp-json\/wp\/v2\/tags?post=534677"}],"curies":[{"name":"wp","href":"https:\/\/api.w.org\/{rel}","templated":true}]}}