{"id":534679,"date":"2025-11-14T22:53:12","date_gmt":"2025-11-14T22:53:12","guid":{"rendered":"https:\/\/www.europesays.com\/fr\/534679\/"},"modified":"2025-11-14T22:53:12","modified_gmt":"2025-11-14T22:53:12","slug":"ca-ma-donne-envie-de-chialer-a-lorient-malgre-lemotion-du-demontage-de-la-fresque-des-halles-de-merville-le-comite-de-soutien-ne-va-pas-en-justice","status":"publish","type":"post","link":"https:\/\/www.europesays.com\/fr\/534679\/","title":{"rendered":"\u00ab\u00a0\u00c7a m\u2019a donn\u00e9 envie de chialer\u00a0\u00bb\u00a0: \u00e0 Lorient, malgr\u00e9 l\u2019\u00e9motion du d\u00e9montage de la fresque des Halles de Merville, le comit\u00e9 de soutien ne va pas en justice"},"content":{"rendered":"<p>Ce ne sont pas les vell\u00e9it\u00e9s de d\u00e9fendre <a href=\"https:\/\/www.letelegramme.fr\/morbihan\/lorient-56100\/on-a-le-sentiment-detre-menes-en-bateau-a-lorient-la-fresque-des-halles-de-mervilleretiree-dans-les-semaines-a-venir-6902743.php\" target=\"_blank\" rel=\"nofollow noopener\">la fresque des Halles de Merville<\/a> qui manquent, mais la mesure a pris le dessus \u00e0 l\u2019\u00e9coute de son cr\u00e9ateur, Jean-Claude Goualc\u2019h. Le comit\u00e9 de soutien a d\u00e9voil\u00e9 ce vendredi 14 novembre, au Caf\u00e9 L\u2019Embarcad\u00e8re de Lorient, avoir d\u00e9cid\u00e9 de ne pas effectuer de recours en justice, un r\u00e9f\u00e9r\u00e9 en l\u2019occurrence, concernant <a href=\"https:\/\/www.letelegramme.fr\/morbihan\/lorient-56100\/fresque-des-halles-de-merville-gaelle-le-stradic-appelle-le-maire-de-lorient-a-suspendre-les-travaux-6919877.php\" target=\"_blank\" rel=\"nofollow noopener\">les travaux de d\u00e9montage qui viennent de commencer<\/a>.<\/p>\n<p>\u00ab\u00a0Apr\u00e8s des discussions franches, on pr\u00e9f\u00e9rait faire <a href=\"https:\/\/www.letelegramme.fr\/morbihan\/lorient-56100\/cette-fresque-fait-partie-du-patrimoine-a-lorient-les-soutiens-de-jean-claude-goualch-demandent-le-maintien-de-loeuvre-aux-halles-de-merville-6894068.php\" target=\"_blank\" rel=\"nofollow noopener\">une action collective<\/a> et pas Jean-Claude, seul. Mais il nous a dit \u2018\u2019je n\u2019en dors plus\u2019\u2019, ce qu\u2019on comprend, a soulign\u00e9 Jack Maignan. On a respect\u00e9 le choix de Jean-Claude. Et il avait la pression financi\u00e8re car on partait dans une proc\u00e9dure longue et d\u2019au moins 10\u00a0000 \u20ac\u00a0\u00bb.<\/p>\n<p>\u00ab\u00a0Aller en justice, ce n\u2019est pas simple\u00a0\u00bb<\/p>\n<p>Le comit\u00e9 de soutien avait annonc\u00e9 une consultation juridique, ses membres sont all\u00e9s au bout de la d\u00e9marche. \u00ab\u00a0Nous avons consult\u00e9 deux cabinets d\u2019avocats \u00e0 Rennes. On a d\u00e9couvert que le d\u00e9p\u00f4t du permis de construire, en mars 2024, \u00e9tait attaquable dans les deux mois, mais on n\u2019a pas pris garde, pr\u00e9cise Jack Maignan. Et les avocats nous ont dit qu\u2019il restait une solution\u00a0: faire un r\u00e9f\u00e9r\u00e9 qui ne peut pas \u00eatre port\u00e9 par un tiers mais seulement par l\u2019artiste qui poss\u00e8de le droit moral. Aller en justice, ce n\u2019est pas simple. Et pour une personne seule, ce n\u2019est pas \u00e9vident\u00a0\u00bb. C\u2019est au-dessus des forces du nonag\u00e9naire <a href=\"https:\/\/www.letelegramme.fr\/morbihan\/lorient-56100\/ils-nont-pas-le-droit-de-faire-ca-a-lorient-le-retrait-de-la-fresque-des-halles-de-merville-conteste-par-son-auteur-6891448.php\" target=\"_blank\" rel=\"nofollow noopener\">Jean-Claude Goualc\u2019h qui reste indign\u00e9<\/a>.<\/p>\n<p>Un dernier espoir<\/p>\n<p>Apr\u00e8s un r\u00e9cent courrier de la Direction r\u00e9gionale des affaires culturelles, dans lequel elle rappelle notamment que \u00ab\u00a0l\u2019int\u00e9gralit\u00e9 mat\u00e9rielle et spirituelle de l\u2019\u0153uvre doit \u00eatre pr\u00e9serv\u00e9e\u00a0\u00bb, et la d\u00e9fense de l\u2019association <a href=\"https:\/\/www.letelegramme.fr\/morbihan\/lorient-56100\/on-mesure-lignorance-et-le-mepris-des-autorites-pour-lart-et-les-artistes-a-lorient-sites-et-monuments-au-secours-de-la-fresque-de-merville-6901146.php\" target=\"_blank\" rel=\"nofollow noopener\">Sites et Monuments<\/a>, les membres du comit\u00e9 de soutien conservent un dernier espoir de renverser la situation. \u00ab\u00a0Ce qui nous reste, c\u2019est la communication, que la m\u00e9diatisation d\u00e9passe Lorient, pointe Jack Maignan. C\u2019est une vraie guillotine pour mettre \u00e0 mort une \u0153uvre d\u2019art. \u00c7a m\u2019a donn\u00e9 envie de chialer quand j\u2019ai vu \u00e7a\u00a0\u00bb.<\/p>\n<p>\u00ab\u00a0\u00c0 Rennes, on n\u2019imagine pas d\u00e9monter <a href=\"https:\/\/www.letelegramme.fr\/ille-et-vilaine\/rennes-35000\/odorico-les-derniers-secrets-des-mosaistes-6854985.php\" target=\"_blank\" rel=\"nofollow noopener\">les mosa\u00efques d\u2019Odorico<\/a>, rench\u00e9rit Yann Lukas. Quand je suis arriv\u00e9 \u00e0 Lorient, la fresque des Halles de Merville faisait partie des trois-quatre figures de la ville\u00a0\u00bb. Et les inqui\u00e9tudes pointent concernant la pr\u00e9servation de l\u2019\u0153uvre apr\u00e8s <a href=\"https:\/\/www.letelegramme.fr\/morbihan\/lorient-56100\/quon-sorte-de-cette-polemique-le-maire-de-lorient-sexplique-sur-la-depose-de-la-fresque-des-halles-de-merville-6907039.php\" target=\"_blank\" rel=\"nofollow noopener\">son d\u00e9montage<\/a>. \u00ab\u00a0C\u2019est impossible\u00a0\u00bb, estime Jean-Claude Goualc\u2019h.<\/p>\n<p>Un soup\u00e7on d\u2019optimisme demeure. \u00ab\u00a0S\u2019ils r\u00e9ussissent \u00e0 la sauver, il faut la remettre \u00e0 l\u2019endroit, o\u00f9 elle \u00e9tait\u00a0\u00bb, estime Jack Maignan. Et Fran\u00e7ois Le Roux de marteler\u00a0: \u00ab\u00a0Il y a des obligations de protection d\u2019art, l\u00e0 o\u00f9 il y a un patrimoine remarquable. La fresque fait partie int\u00e9grante des Halles\u00a0\u00bb.<\/p>\n<p>\ufeffJean-Claude Goualc\u2019h aime \u00e0 rappeler sa d\u00e9marche artistique\u00a0: \u00ab\u00a0La fresque, c\u2019est un habit des Halles de Merville pour donner une vie quand il n\u2019y a rien\u00a0\u00bb.<\/p>\n","protected":false},"excerpt":{"rendered":"Ce ne sont pas les vell\u00e9it\u00e9s de d\u00e9fendre la fresque des Halles de Merville qui manquent, mais la&hellip;\n","protected":false},"author":2,"featured_media":534680,"comment_status":"","ping_status":"","sticky":false,"template":"","format":"standard","meta":{"footnotes":""},"categories":[1358],"tags":[1348,1384,1385,1386,58,59,1011,27,1781],"class_list":{"0":"post-534679","1":"post","2":"type-post","3":"status-publish","4":"format-standard","5":"has-post-thumbnail","7":"category-arts-et-design","8":"tag-arts","9":"tag-arts-and-design","10":"tag-arts-et-design","11":"tag-design","12":"tag-divertissement","13":"tag-entertainment","14":"tag-fr","15":"tag-france","16":"tag-lorient"},"share_on_mastodon":{"url":"https:\/\/pubeurope.com\/@fr\/115550512958485753","error":""},"_links":{"self":[{"href":"https:\/\/www.europesays.com\/fr\/wp-json\/wp\/v2\/posts\/534679","targetHints":{"allow":["GET"]}}],"collection":[{"href":"https:\/\/www.europesays.com\/fr\/wp-json\/wp\/v2\/posts"}],"about":[{"href":"https:\/\/www.europesays.com\/fr\/wp-json\/wp\/v2\/types\/post"}],"author":[{"embeddable":true,"href":"https:\/\/www.europesays.com\/fr\/wp-json\/wp\/v2\/users\/2"}],"replies":[{"embeddable":true,"href":"https:\/\/www.europesays.com\/fr\/wp-json\/wp\/v2\/comments?post=534679"}],"version-history":[{"count":0,"href":"https:\/\/www.europesays.com\/fr\/wp-json\/wp\/v2\/posts\/534679\/revisions"}],"wp:featuredmedia":[{"embeddable":true,"href":"https:\/\/www.europesays.com\/fr\/wp-json\/wp\/v2\/media\/534680"}],"wp:attachment":[{"href":"https:\/\/www.europesays.com\/fr\/wp-json\/wp\/v2\/media?parent=534679"}],"wp:term":[{"taxonomy":"category","embeddable":true,"href":"https:\/\/www.europesays.com\/fr\/wp-json\/wp\/v2\/categories?post=534679"},{"taxonomy":"post_tag","embeddable":true,"href":"https:\/\/www.europesays.com\/fr\/wp-json\/wp\/v2\/tags?post=534679"}],"curies":[{"name":"wp","href":"https:\/\/api.w.org\/{rel}","templated":true}]}}