{"id":534681,"date":"2025-11-14T22:55:18","date_gmt":"2025-11-14T22:55:18","guid":{"rendered":"https:\/\/www.europesays.com\/fr\/534681\/"},"modified":"2025-11-14T22:55:18","modified_gmt":"2025-11-14T22:55:18","slug":"lhymne-de-la-star-academy-se-dote-enfin-de-son-clip-et-il-est-endiable","status":"publish","type":"post","link":"https:\/\/www.europesays.com\/fr\/534681\/","title":{"rendered":"L\u2019hymne de la \u00ab\u00a0Star Academy\u00a0\u00bb se dote enfin de son clip, et il est endiabl\u00e9"},"content":{"rendered":"<p>        <img decoding=\"async\" loading=\"lazy\" src=\"https:\/\/www.europesays.com\/fr\/wp-content\/uploads\/2025\/11\/c73fd10_upload-1-irhzgxdwypgi-design-sans-titre-20.jpg\"  width=\"728\" height=\"410\" alt=\"L\u2019hymne de la \u00ab\u00a0Star Academy\u00a0\u00bb se dote enfin de son clip, et il est endiabl\u00e9.\"\/>  <\/p>\n<p>Star Academy \/ Youtube<\/p>\n<p>L\u2019hymne de la \u00ab\u00a0Star Academy\u00a0\u00bb se dote enfin de son clip, et il est endiabl\u00e9.<\/p>\n<p class=\"asset asset-text\">CULTURE &#8211; Strass et paillettes pour les Acad\u00e9miciens\u00a0! Les candidats de la saison 13 de la<a href=\"https:\/\/www.huffingtonpost.fr\/divertissement\/article\/la-production-de-la-star-academy-revient-sur-le-fiasco-du-generique-de-cette-13e-saison_256639.html\" rel=\"nofollow noopener\" target=\"_blank\"> \u00ab\u00a0Star Academy\u00a0\u00bb<\/a> ont d\u00e9voil\u00e9 ce vendredi 14\u00a0novembre le tr\u00e8s attendu clip de leur hymne. Les dix-sept \u00e9l\u00e8ves se pr\u00eatent au jeu d\u2019un<a href=\"https:\/\/www.huffingtonpost.fr\/life\/article\/avec-une-robe-inspiree-d-une-tenue-de-billy-porter-cet-ado-a-fait-fureur-a-son-bal-de-promo_198331.html\" rel=\"nofollow noopener\" target=\"_blank\"> bal de promo <\/a>imaginaire pour interpr\u00e9ter \u00ab\u00a0Voulez-Vous\u00a0\u00bb, le tube culte d\u2019Abba sorti en 1979.<\/p>\n<p class=\"asset asset-text\">Boule disco, robes de soir\u00e9e et chaussures vernies\u00a0: l\u2019ambiance se veut r\u00e9solument vintage et bon enfant. Mais derri\u00e8re cette l\u00e9g\u00e8ret\u00e9 \u00e0 l\u2019\u00e9cran se cache un v\u00e9ritable travail de fond\u00a0: mise en sc\u00e8ne, r\u00e9\u00e9criture des paroles, <a href=\"https:\/\/www.huffingtonpost.fr\/divertissement\/video\/une-danse-contre-une-baguette-le-concept-genial-de-cette-boulangerie-des-pyrenees_250127.html\" rel=\"nofollow noopener\" target=\"_blank\">chor\u00e9graphie<\/a> et interpr\u00e9tation vocale. Un premier exercice r\u00e9v\u00e9lateur du potentiel de cette nouvelle promotion talentueuse.<\/p>\n<p class=\"asset asset-text\">Tourn\u00e9 fin octobre \u00e0 proximit\u00e9 du studio 217, le clip endiabl\u00e9 met en sc\u00e8ne les \u00e9l\u00e8ves qui multiplient duos, trios et sc\u00e8nes collectives, reprenant avec pr\u00e9cision la chor\u00e9graphie de l\u2019hymne apprise aupr\u00e8s de leur professeur de danse, Jonathan Jenvrin. Le clip a \u00e9t\u00e9 publi\u00e9 sur Youtube, comme vous pouvez le voir ci-dessous.<\/p>\n<p> La lecture de ce contenu est susceptible d\u2019entra\u00eener un d\u00e9p\u00f4t de cookies de la part de l\u2019op\u00e9rateur tiers qui l\u2019h\u00e9berge. Compte-tenu des choix que vous avez exprim\u00e9s en mati\u00e8re de d\u00e9p\u00f4t de cookies, nous avons bloqu\u00e9 l\u2019affichage de ce contenu. Si vous souhaitez y acc\u00e9der, vous devez accepter la cat\u00e9gorie de cookies \u201cContenus tiers\u201d en cliquant sur le bouton ci-dessous. <\/p>\n<p> Lire la Vid\u00e9o              <\/p>\n<p class=\"asset asset-text\">La vid\u00e9o a \u00e9t\u00e9 r\u00e9alis\u00e9e au tout d\u00e9but de la nouvelle saison, et l\u2019on y aper\u00e7oit notamment les premiers \u00e9limin\u00e9s, parmi lesquels Mehdi et Lenny. Ce jeudi, des images de teasing avaient publi\u00e9 la veille montrant d\u00e9j\u00e0 plusieurs candidats en tenue de soir\u00e9e, offrant un avant-go\u00fbt de l\u2019ambiance \u00ab\u00a0boum\u00a0\u00bb et r\u00e9solument disco du clip.<\/p>\n<p class=\"asset asset-text\">Les hymnes de la \u00ab\u00a0Star Academy\u00a0\u00bb varient chaque ann\u00e9e et donnent souvent le ton de la saison. En 2023, les \u00e9l\u00e8ves avaient revisit\u00e9 \u00ab\u00a0Au bout de mes r\u00eaves\u00a0\u00bb de Jean-Jacques Goldman, dans une version modernis\u00e9e valid\u00e9e par le chanteur. L\u2019ann\u00e9e suivante, en 2024, la production avait opt\u00e9 pour un titre plus r\u00e9cent avec \u00ab\u00a0Recommence-moi\u00a0\u00bb de Santa.<\/p>\n","protected":false},"excerpt":{"rendered":"Star Academy \/ Youtube L\u2019hymne de la \u00ab\u00a0Star Academy\u00a0\u00bb se dote enfin de son clip, et il est&hellip;\n","protected":false},"author":2,"featured_media":534682,"comment_status":"","ping_status":"","sticky":false,"template":"","format":"standard","meta":{"footnotes":""},"categories":[1356],"tags":[30542,251,58,59,1011,27,5095,252,1364],"class_list":{"0":"post-534681","1":"post","2":"type-post","3":"status-publish","4":"format-standard","5":"has-post-thumbnail","7":"category-television","8":"tag-clip","9":"tag-culture","10":"tag-divertissement","11":"tag-entertainment","12":"tag-fr","13":"tag-france","14":"tag-star-academy","15":"tag-television","16":"tag-tv"},"share_on_mastodon":{"url":"https:\/\/pubeurope.com\/@fr\/115550521589408238","error":""},"_links":{"self":[{"href":"https:\/\/www.europesays.com\/fr\/wp-json\/wp\/v2\/posts\/534681","targetHints":{"allow":["GET"]}}],"collection":[{"href":"https:\/\/www.europesays.com\/fr\/wp-json\/wp\/v2\/posts"}],"about":[{"href":"https:\/\/www.europesays.com\/fr\/wp-json\/wp\/v2\/types\/post"}],"author":[{"embeddable":true,"href":"https:\/\/www.europesays.com\/fr\/wp-json\/wp\/v2\/users\/2"}],"replies":[{"embeddable":true,"href":"https:\/\/www.europesays.com\/fr\/wp-json\/wp\/v2\/comments?post=534681"}],"version-history":[{"count":0,"href":"https:\/\/www.europesays.com\/fr\/wp-json\/wp\/v2\/posts\/534681\/revisions"}],"wp:featuredmedia":[{"embeddable":true,"href":"https:\/\/www.europesays.com\/fr\/wp-json\/wp\/v2\/media\/534682"}],"wp:attachment":[{"href":"https:\/\/www.europesays.com\/fr\/wp-json\/wp\/v2\/media?parent=534681"}],"wp:term":[{"taxonomy":"category","embeddable":true,"href":"https:\/\/www.europesays.com\/fr\/wp-json\/wp\/v2\/categories?post=534681"},{"taxonomy":"post_tag","embeddable":true,"href":"https:\/\/www.europesays.com\/fr\/wp-json\/wp\/v2\/tags?post=534681"}],"curies":[{"name":"wp","href":"https:\/\/api.w.org\/{rel}","templated":true}]}}