{"id":534683,"date":"2025-11-14T22:56:11","date_gmt":"2025-11-14T22:56:11","guid":{"rendered":"https:\/\/www.europesays.com\/fr\/534683\/"},"modified":"2025-11-14T22:56:11","modified_gmt":"2025-11-14T22:56:11","slug":"angele-la-chanteuse-apercue-sur-un-tapis-rouge-avec-une-star-americaine-internet-senflamme","status":"publish","type":"post","link":"https:\/\/www.europesays.com\/fr\/534683\/","title":{"rendered":"Ang\u00e8le : la chanteuse aper\u00e7ue sur un tapis rouge avec une star am\u00e9ricaine, internet s\u2019enflamme"},"content":{"rendered":"<p class=\"p1\">L\u2019\u00e9v\u00e9nement a attir\u00e9 de nombreuses personnalit\u00e9s.<br \/>\nMercredi 12 novembre, <strong>le gala de l\u2019Alliance<\/strong> \u00e9tait<br \/>\norganis\u00e9 au Plaza H\u00f4tel de New York. Comme chaque ann\u00e9e, des<br \/>\nchanteurs, acteurs, r\u00e9alisateurs, \u00e9crivains ou encore cr\u00e9ateurs de<br \/>\nmode se sont r\u00e9unis pour soutenir diverses initiatives en faveur de<br \/>\nl\u2019\u00e9ducation, de la culture et de l\u2019inclusion.<\/p>\n<p class=\"p1\">Parmi eux, <a href=\"https:\/\/www.closermag.fr\/people\/pas-beaucoup-la-fortune-dangele-devoilee-la-reaction-hors-sol-de-matthieu-delormeau-3582758\" target=\"_blank\" rel=\"noopener\"><br \/>\nune chanteuse belge<\/a> a fait sensation. <strong>Ang\u00e8le<\/strong><br \/>\n\u00e9tait effectivement pr\u00e9sente \u00e0 l\u2019\u00e9v\u00e9nement. Et si ce n\u2019\u00e9tait pas sa<br \/>\npremi\u00e8re fois aupr\u00e8s de stars internationales, <strong>sa rencontre<br \/>\navec un c\u00e9l\u00e8bre acteur<\/strong> a beaucoup fait parler.<\/p>\n<p>Ang\u00e8le prend la pose avec Bradley Cooper<\/p>\n<p class=\"p1\">\u00c0 son arriv\u00e9e sur le tapis rouge, Ang\u00e8le a fait la<br \/>\nrencontre de <strong>Bradley Cooper<\/strong>. Chaleureux et<br \/>\nspontan\u00e9, l\u2019acteur a imm\u00e9diatement tendu la main \u00e0 la chanteuse. Il<br \/>\na ensuite \u00e9chang\u00e9 quelques mots avec elle. Le duo inattendu a<br \/>\nfinalement <strong>pris la pose ensemble<\/strong> face aux<br \/>\nphotographes du gala de l\u2019Alliance.<\/p>\n<p class=\"p1\">Si l\u2019instant n\u2019a dur\u00e9 que quelques secondes,<br \/>\n<strong>la toile s\u2019est rapidement enflamm\u00e9e<\/strong>. Dans une<br \/>\npublication de Paris Match, les abonn\u00e9s ont ainsi comment\u00e9<br \/>\n: \u201cLes deux sont tellement chics\u201d, \u201cIls vont bien<br \/>\nensemble\u201d, \u201cElle est chanceuse\u201d, \u201cElle est<br \/>\ntotalement son type\u201d. Malgr\u00e9 cette belle rencontre, <a href=\"https:\/\/www.closermag.fr\/people\/bradley-cooper-et-gigi-hadid-mariage-imminent-pour-le-couple-le-plus-glamour-au-monde-3567107\" target=\"_blank\" rel=\"noopener\"><br \/>\nBradley Cooper n\u2019est plus un c\u0153ur \u00e0 prendre<\/a>. Le p\u00e8re de Lea de<br \/>\nSeine partage effectivement sa vie avec <strong>Gigi Hadid<\/strong><br \/>\ndepuis octobre 2023.<\/p>\n<blockquote class=\"instagram-media\" style=\"background: #ffffff;border: 0;margin: 1px;width: 100%;padding: 0;max-width: 500px;\" data-instgrm-permalink=\"https:\/\/www.instagram.com\/p\/DRCgZI-jCkU\/\" data-instgrm-version=\"14\"\/><p>\nLa chanteuse illumine la soir\u00e9e de<br \/>\ngala<\/p>\n<p class=\"p1\">Si la rencontre entre Ang\u00e8le et Bradley Cooper a<br \/>\nd\u00e9clench\u00e9 de nombreuses r\u00e9actions, le look de la chanteuse a<br \/>\n\u00e9galement fait parler. <a href=\"https:\/\/www.closermag.fr\/people\/angele-tata-pour-la-premiere-fois-romeo-elvis-papa-dune-petite-merveille-de-premieres-photos-devoilees-3505321\" target=\"_blank\" rel=\"noopener\"><br \/>\nLa s\u0153ur de Rom\u00e9o Elvis<\/a> est apparue avec <strong>un maquillage<br \/>\nsublime<\/strong>, centr\u00e9 sur un blush ros\u00e9 intense.<\/p>\n<p class=\"p1\">C\u00f4t\u00e9 tenue, l\u2019interpr\u00e8te de Ta Reine a<br \/>\nchoisi l\u2019\u00e9l\u00e9gance avec la maison Chanel. Elle a ainsi opt\u00e9 pour<br \/>\n<strong>une jupe taille haute \u00e0 sequins<\/strong> termin\u00e9e par un<br \/>\njeu de volants agr\u00e9ment\u00e9 de fausse fourrure. Une pi\u00e8ce compl\u00e9t\u00e9e<br \/>\npar <strong>un body noir \u00e0 col V<\/strong>, des escarpins \u00e0 brides<br \/>\net bout pointu, une montre en or et des bagues m\u00ealant or et argent.<br \/>\nUn choix tr\u00e8s chic qui \u00e9tait parfaitement dans le th\u00e8me de la<br \/>\nsoir\u00e9e de gala.<\/p>\n<p><script async src=\"\/\/www.instagram.com\/embed.js\"><\/script><\/p>\n","protected":false},"excerpt":{"rendered":"L\u2019\u00e9v\u00e9nement a attir\u00e9 de nombreuses personnalit\u00e9s. Mercredi 12 novembre, le gala de l\u2019Alliance \u00e9tait organis\u00e9 au Plaza H\u00f4tel&hellip;\n","protected":false},"author":2,"featured_media":534684,"comment_status":"","ping_status":"","sticky":false,"template":"","format":"standard","meta":{"footnotes":""},"categories":[1355],"tags":[10751,17947,58,59,1011,27,1361,873],"class_list":{"0":"post-534683","1":"post","2":"type-post","3":"status-publish","4":"format-standard","5":"has-post-thumbnail","7":"category-musique","8":"tag-angele","9":"tag-bradley-cooper","10":"tag-divertissement","11":"tag-entertainment","12":"tag-fr","13":"tag-france","14":"tag-music","15":"tag-musique"},"share_on_mastodon":{"url":"https:\/\/pubeurope.com\/@fr\/115550524855713327","error":""},"_links":{"self":[{"href":"https:\/\/www.europesays.com\/fr\/wp-json\/wp\/v2\/posts\/534683","targetHints":{"allow":["GET"]}}],"collection":[{"href":"https:\/\/www.europesays.com\/fr\/wp-json\/wp\/v2\/posts"}],"about":[{"href":"https:\/\/www.europesays.com\/fr\/wp-json\/wp\/v2\/types\/post"}],"author":[{"embeddable":true,"href":"https:\/\/www.europesays.com\/fr\/wp-json\/wp\/v2\/users\/2"}],"replies":[{"embeddable":true,"href":"https:\/\/www.europesays.com\/fr\/wp-json\/wp\/v2\/comments?post=534683"}],"version-history":[{"count":0,"href":"https:\/\/www.europesays.com\/fr\/wp-json\/wp\/v2\/posts\/534683\/revisions"}],"wp:featuredmedia":[{"embeddable":true,"href":"https:\/\/www.europesays.com\/fr\/wp-json\/wp\/v2\/media\/534684"}],"wp:attachment":[{"href":"https:\/\/www.europesays.com\/fr\/wp-json\/wp\/v2\/media?parent=534683"}],"wp:term":[{"taxonomy":"category","embeddable":true,"href":"https:\/\/www.europesays.com\/fr\/wp-json\/wp\/v2\/categories?post=534683"},{"taxonomy":"post_tag","embeddable":true,"href":"https:\/\/www.europesays.com\/fr\/wp-json\/wp\/v2\/tags?post=534683"}],"curies":[{"name":"wp","href":"https:\/\/api.w.org\/{rel}","templated":true}]}}