{"id":534691,"date":"2025-11-14T23:00:28","date_gmt":"2025-11-14T23:00:28","guid":{"rendered":"https:\/\/www.europesays.com\/fr\/534691\/"},"modified":"2025-11-14T23:00:28","modified_gmt":"2025-11-14T23:00:28","slug":"pour-nous-arreter-la-police-interpelle-le-bino","status":"publish","type":"post","link":"https:\/\/www.europesays.com\/fr\/534691\/","title":{"rendered":"\u00ab\u00a0Pour nous arr\u00eater\u00a0\u00bb, la police interpelle le bin\u00f4 &#8230;"},"content":{"rendered":"<p>EN BREF<\/p>\n<p>C\u00a0\u00bbest une \u00e9tape qu&rsquo;elles auraient pr\u00e9f\u00e9r\u00e9 ne pas vivre. Dans<br \/>\nl&rsquo;\u00e9pisode du vendredi 14 novembre 2025 de \u00ab\u00a0P\u00e9kin Express\u00a0\u00bb, Ly\u00e7aona<br \/>\net Marianne se font arr\u00eater en pleine course par&#8230; la police !<br \/>\nAlors qu&rsquo;elles sont sur la route en direction de la gare de Chou,<br \/>\nl\u00e0 o\u00f9 les attend <a href=\"https:\/\/www.telestar.fr\/tele_realite\/pekin_express\/se-faire-braquer-stephane-rotenberg-balance-sur-pekin-express-et-la-nouvelle-saison-franchit-un-cap-dangereux-1744730\" rel=\"nofollow noopener\" target=\"_blank\"><br \/>\nl&rsquo;animateur St\u00e9phane Rotenberg<\/a>, les deux jeunes femmes sont<br \/>\nstopp\u00e9es net dans leur \u00e9lan.<\/p>\n<p>Alors qu&rsquo;il se fait doubler par la m\u00e8re et la fille, le bin\u00f4me<br \/>\nd&rsquo;inconnues se fait d\u00e9poser au bord de l&rsquo;autoroute par son<br \/>\nchauffeur et c&rsquo;est le drame. \u00ab\u00a0<strong>Ce n&rsquo;est pas le meilleur<br \/>\nendroit pour faire du stop<\/strong>\u00a0\u00bb reconna\u00eet Marianne.<br \/>\n\u00ab\u00a0<strong>J&rsquo;ai l&rsquo;impression qu&rsquo;on ne va jamais s&rsquo;en<br \/>\nsortir.<\/strong>\u00a0\u00bb ajoute Ly\u00e7aona. Pour ne rien arranger, la<br \/>\npolice d\u00e9barque. \u00ab\u00a0<strong>On ne sait pas trop ce qu&rsquo;ils veulent<br \/>\nmais je me dis on tente, on y va.<\/strong>\u00a0\u00bb relativise<br \/>\nMarianne.<\/p>\n<p>P\u00e9kin Express : les inconnues arr\u00eat\u00e9es par la police, elles<br \/>\nperdent du temps en pleine course !<\/p>\n<p>Son euphorie redescend cependant quand les forces de l&rsquo;ordre<br \/>\nrefusent des les avancer et leur demandent leurs papiers<br \/>\nd&rsquo;identit\u00e9. \u00ab\u00a0<strong>On a pas de temps \u00e0 perdre avec \u00e7a, on ne<br \/>\ns&rsquo;y attendait pas. Le contr\u00f4le de police quoi ! Il nous demandent<br \/>\nnos passeports, nos pi\u00e8ces d&rsquo;identit\u00e9. Je dois tout d\u00e9baller et \u00e7a<br \/>\nm&rsquo;\u00e9nerve de fou !<\/strong>\u00a0\u00bb s&rsquo;agace celle dont l&rsquo;<a href=\"https:\/\/www.telestar.fr\/tele_realite\/pekin_express\/pekin-express-la-route-des-glaces-cet-atout-cache-dune-candidate-qui-a-desarconne-la-production-1741903\" rel=\"nofollow noopener\" target=\"_blank\">atout<br \/>\ncach\u00e9 a d\u00e9sar\u00e7onn\u00e9 la production<\/a>. M\u00eame Ly\u00e7aona, d&rsquo;ordinaire<br \/>\ncalme et r\u00e9serv\u00e9e, perd patience. \u00ab\u00a0On voit Rapha\u00ebl et Sonide<br \/>\nnous passer devant, c&rsquo;est pas possible ! C&rsquo;est foutu.\u00a0\u00bb<br \/>\nregrette-t-elle. Les Marseillais les d\u00e9passent ensuite et les<br \/>\nfilles voient l&rsquo;immunit\u00e9 leur passer sous le nez.<\/p>\n<blockquote class=\"instagram-media\" style=\"background: #ffffff;border: 0;margin: 1px;width: 100%;padding: 0;max-width: 500px;\" data-instgrm-permalink=\"https:\/\/www.instagram.com\/p\/DQ_89jGD-d9\/\" data-instgrm-version=\"14\"\/>\n<p>Mais malgr\u00e9 ce contre-temps, les inconnues r\u00e9ussissent \u00e0<br \/>\nremonter en voiture en quatri\u00e8me position. Un contre-temps qui leur<br \/>\nco\u00fbte quand m\u00eame leur premi\u00e8re place au classement. Ayant accumul\u00e9<br \/>\ntrop de retard, les deux jeunes femmes perdent tout espoir<br \/>\nd&rsquo;obtenir leur pass pour la troisi\u00e8me \u00e9tape de \u00ab\u00a0P\u00e9kin Express\u00a0\u00bb.<\/p>\n<p>P\u00e9kin Express : des contr\u00f4les de police<br \/>\nont-ils d\u00e9j\u00e0 eu lieu dans l&rsquo;\u00e9mission ?<\/p>\n<p>Depuis ses d\u00e9buts, \u00ab\u00a0P\u00e9kin Express\u00a0\u00bb n\u2019a pas seulement \u00e9t\u00e9 une<br \/>\naventure humaine et g\u00e9ographique : plusieurs \u00e9quipes ont v\u00e9cu des<br \/>\nfrayeurs avec les forces de l\u2019ordre. Ainsi, durant la saison<br \/>\ntourn\u00e9e en Inde, pas moins de <strong data-start=\"393\" data-end=\"424\">51 membres de la production<\/strong> ont \u00e9t\u00e9 arr\u00eat\u00e9s par la<br \/>\npolice locale, suspect\u00e9s de d\u00e9tenir des <strong data-start=\"488\" data-end=\"527\">t\u00e9l\u00e9phones satellites non autoris\u00e9s<\/strong>, un<br \/>\n\u00e9quipement tr\u00e8s encadr\u00e9 dans certaines r\u00e9gions sensibles du pays.<br \/>\nTrois d\u2019entre eux (un N\u00e9erlandais, un Belge et un Britannique) ont<br \/>\nm\u00eame \u00e9t\u00e9 plac\u00e9s en garde \u00e0 vue pendant deux jours. Plus r\u00e9cemment,<br \/>\ndans la saison 2024, le duo <strong data-start=\"838\" data-end=\"856\">J\u00e9r\u00f4me et Emma<\/strong> a racont\u00e9 comment leur v\u00e9hicule de<br \/>\npolice, cens\u00e9 les transporter, les avait finalement conduits\u2026 \u00e0 la<br \/>\ngendarmerie locale. Dans la saison 2025, <strong data-start=\"1038\" data-end=\"1060\">Adrien et Patricia<\/strong> ont v\u00e9cu un autre<br \/>\nmoment surr\u00e9aliste : des policiers ont interrompu une autoroute<br \/>\npour leur permettre de traverser, donnant \u00e0 la course une tournure<br \/>\n\u00e0 la fois rassurante\u2026 et <a href=\"https:\/\/www.telestar.fr\/tele_realite\/pekin_express\/pekin-express-2025-la-police-decide-darreter-un-binome-bouleverse-par-une-intervention-inattendue-1714330\" rel=\"nofollow noopener\" target=\"_blank\"><br \/>\ntotalement inattendue<\/a>.<\/p>\n<p><script async src=\"\/\/www.instagram.com\/embed.js\"><\/script><\/p>\n","protected":false},"excerpt":{"rendered":"EN BREF C\u00a0\u00bbest une \u00e9tape qu&rsquo;elles auraient pr\u00e9f\u00e9r\u00e9 ne pas vivre. Dans l&rsquo;\u00e9pisode du vendredi 14 novembre 2025&hellip;\n","protected":false},"author":2,"featured_media":534692,"comment_status":"","ping_status":"","sticky":false,"template":"","format":"standard","meta":{"footnotes":""},"categories":[8],"tags":[548,58,59,1011,27,3172],"class_list":{"0":"post-534691","1":"post","2":"type-post","3":"status-publish","4":"format-standard","5":"has-post-thumbnail","7":"category-divertissement","8":"tag-article-simple","9":"tag-divertissement","10":"tag-entertainment","11":"tag-fr","12":"tag-france","13":"tag-pekin-express"},"share_on_mastodon":{"url":"https:\/\/pubeurope.com\/@fr\/115550540566575351","error":""},"_links":{"self":[{"href":"https:\/\/www.europesays.com\/fr\/wp-json\/wp\/v2\/posts\/534691","targetHints":{"allow":["GET"]}}],"collection":[{"href":"https:\/\/www.europesays.com\/fr\/wp-json\/wp\/v2\/posts"}],"about":[{"href":"https:\/\/www.europesays.com\/fr\/wp-json\/wp\/v2\/types\/post"}],"author":[{"embeddable":true,"href":"https:\/\/www.europesays.com\/fr\/wp-json\/wp\/v2\/users\/2"}],"replies":[{"embeddable":true,"href":"https:\/\/www.europesays.com\/fr\/wp-json\/wp\/v2\/comments?post=534691"}],"version-history":[{"count":0,"href":"https:\/\/www.europesays.com\/fr\/wp-json\/wp\/v2\/posts\/534691\/revisions"}],"wp:featuredmedia":[{"embeddable":true,"href":"https:\/\/www.europesays.com\/fr\/wp-json\/wp\/v2\/media\/534692"}],"wp:attachment":[{"href":"https:\/\/www.europesays.com\/fr\/wp-json\/wp\/v2\/media?parent=534691"}],"wp:term":[{"taxonomy":"category","embeddable":true,"href":"https:\/\/www.europesays.com\/fr\/wp-json\/wp\/v2\/categories?post=534691"},{"taxonomy":"post_tag","embeddable":true,"href":"https:\/\/www.europesays.com\/fr\/wp-json\/wp\/v2\/tags?post=534691"}],"curies":[{"name":"wp","href":"https:\/\/api.w.org\/{rel}","templated":true}]}}