{"id":53475,"date":"2025-04-26T04:18:11","date_gmt":"2025-04-26T04:18:11","guid":{"rendered":"https:\/\/www.europesays.com\/fr\/53475\/"},"modified":"2025-04-26T04:18:11","modified_gmt":"2025-04-26T04:18:11","slug":"la-russie-et-les-etats-unis-saccordent-pression-maximale-sur-kiev-2","status":"publish","type":"post","link":"https:\/\/www.europesays.com\/fr\/53475\/","title":{"rendered":"La Russie et les Etats-Unis s&rsquo;accordent, pression maximale sur Kiev"},"content":{"rendered":"<p>Vous avez rat\u00e9 les derniers \u00e9v\u00e9nements sur la <a href=\"https:\/\/www.20minutes.fr\/monde\/ukraine\/\" class=\"color-ultramarine c-link\" target=\"_blank\" rel=\"noopener\">guerre en Ukraine<\/a>\u00a0? 20 Minutes fait le point pour vous tous les soirs. Entre les d\u00e9clarations fortes, les avanc\u00e9es sur le front et le bilan des combats, voici l\u2019essentiel de ce vendredi 25\u00a0avril 2025, au 1.157e jour de la guerre.<\/p>\n<p>Le fait du jour<\/p>\n<p>Vladimir Poutine a \u00e9voqu\u00e9 vendredi, en recevant au Kremlin <a href=\"https:\/\/www.20minutes.fr\/monde\/ukraine\/4144842-20250322-guerre-ukraine-vladimir-poutine-mauvais-type-selon-emissaire-americain-witkoff\" class=\"color-ultramarine c-link\" target=\"_blank\" rel=\"noopener\">l\u2019\u00e9missaire am\u00e9ricain Steve Witkoff<\/a>, la \u00ab\u00a0possibilit\u00e9\u00a0\u00bb de \u00ab\u00a0n\u00e9gociations directes\u00a0\u00bb entre la Russie et l\u2019Ukraine, sur fond de tractations diplomatiques \u00e0 propos d\u2019un plan de paix promu par Donald Trump.<\/p>\n<p>Steve Witkoff, l\u2019interlocuteur privil\u00e9gi\u00e9 du chef de l\u2019Etat russe au sein de l\u2019administration am\u00e9ricaine, a ainsi rencontr\u00e9 <a href=\"https:\/\/www.20minutes.fr\/monde\/vladimir_poutine\/\" class=\"color-ultramarine c-link\" target=\"_blank\" rel=\"noopener\">Vladimir Poutine<\/a> pour la quatri\u00e8me fois depuis la relance inattendue des relations entre leurs deux pays mi-f\u00e9vrier \u00e0 l\u2019initiative du pr\u00e9sident am\u00e9ricain.<\/p>\n<p>Le principal point de blocage avec Kiev demeure la souverainet\u00e9 des territoires occup\u00e9s par la Russie, en particulier ceui de la Crim\u00e9e, annex\u00e9e par les Russes depuis\u00a02014. Donald Trump a assur\u00e9 dans un entretien au magazine Time diffus\u00e9 ce vendredi que la Russie conserverait la Crim\u00e9e. \u00ab\u00a0La Russie gardera la Crim\u00e9e. Et (le pr\u00e9sident ukrainien Volodymyr) Zelensky comprend \u00e7a\u00a0\u00bb, assure le pr\u00e9sident am\u00e9ricain dans cette interview. Cette reconnaissance d\u2019une Crim\u00e9e appartenant \u00e0 la Russe serait d\u2019ailleurs partie int\u00e9grante du plan am\u00e9ricain pour mettre fin aux hostilit\u00e9s.<\/p>\n<p>Mais le pr\u00e9sident ukrainien ne l\u2019entend pas du tout ainsi. \u00ab\u00a0Notre position reste inchang\u00e9e [\u2026] tous les territoires temporairement occup\u00e9s appartiennent \u00e0 l\u2019Ukraine\u00a0\u00bb, a-t-il rappel\u00e9 ce vendredi.<\/p>\n<p>La d\u00e9claration du jour<\/p>\n<blockquote class=\"mx-m@xs mx-xxl@md color-ultramarine c-citation\">\n<p class=\"font-weight-regular@xs text-italic font-source-serif-pro text-l@xs c-citation__content\">\u00ab\u00a0\u00ab\u00a0Un des sc\u00e9narios serait d\u2019abandonner des territoires. C\u2019est injuste, mais pour la paix, une paix temporaire, peut-\u00eatre que c\u2019est une solution, temporaire\u00a0\u00bb\u00a0\u00bb<\/p>\n<\/blockquote>\n<p>Les paroles sont sign\u00e9es du maire de Kiev, Vitali Klitschko, dans un entretien \u00e0 la <a href=\"https:\/\/www.20minutes.fr\/dossier\/bbc\" class=\"color-ultramarine c-link\" target=\"_blank\" rel=\"noopener\">BBC<\/a> diffus\u00e9 vendredi. L\u2019\u00e9lu estime que l\u2019Ukraine pourrait avoir \u00e0 c\u00e9der des territoires \u00e0 la Russie afin de conclure une \u00ab\u00a0paix temporaire\u00a0\u00bb avec Moscou.<\/p>\n<p>Un peu plus tard ce vendredi, le maire de Kiev a publi\u00e9 un message sur <a href=\"https:\/\/www.20minutes.fr\/high-tech\/telegram\/\" class=\"color-ultramarine c-link\" target=\"_blank\" rel=\"noopener\">Telegram<\/a> pour \u00ab\u00a0clarifier les choses\u00a0\u00bb, \u00e0 la suite de cet entretien qui a soulev\u00e9 des protestations sur les r\u00e9seaux sociaux ukrainiens.<\/p>\n<p><a href=\"https:\/\/www.20minutes.fr\/dossier\/vitali_klitschko\" class=\"color-ultramarine c-link\" target=\"_blank\" rel=\"noopener\">Vitali Klitschko<\/a> s\u2019est justifi\u00e9 en disant que \u00ab\u00a0de nombreux responsables politiques et m\u00e9dias internationaux\u00a0\u00bb parlent d\u2019un \u00e9change territorial comme une des conditions pour un cessez-le-feu soutenu par les Am\u00e9ricains, pour mettre fin \u00e0 l\u2019invasion russe de l\u2019Ukraine qui dure depuis\u00a02022. \u00ab\u00a0Malheureusement, comme nous pouvons le constater, ce sc\u00e9nario est tout \u00e0 fait possible\u00a0\u00bb, a-t-il affirm\u00e9.<\/p>\n<\/p>\n<p>La tendance<\/p>\n<p>Un g\u00e9n\u00e9ral de l\u2019\u00e9tat-major de l\u2019arm\u00e9e russe a \u00e9t\u00e9 tu\u00e9 vendredi pr\u00e8s de Moscou dans l\u2019explosion d\u2019une voiture, la Russie accusant les services secrets ukrainiens d\u2019\u00eatre \u00e0 l\u2019origine de cet attentat.<\/p>\n<p>Selon le Comit\u00e9 d\u2019enqu\u00eate russe, la victime est le g\u00e9n\u00e9ral Iaroslav Moskalik, chef adjoint de la Direction g\u00e9n\u00e9rale op\u00e9rationnelle de l\u2019\u00e9tat-major des forces arm\u00e9es russes. Selon cette source, l\u2019explosion a eu lieu pr\u00e8s d\u2019un immeuble r\u00e9sidentiel dans la ville de Balachikha, situ\u00e9e \u00e0 quelques kilom\u00e8tres \u00e0 l\u2019est de Moscou.<\/p>\n<p>Le Comit\u00e9 d\u2019enqu\u00eate a ensuite publi\u00e9 une vid\u00e9o montrant un v\u00e9hicule enti\u00e8rement calcin\u00e9 et des enqu\u00eateurs entourant un objet flout\u00e9, vraisemblablement le corps de la victime, devant la porte d\u2019entr\u00e9e d\u2019un immeuble. Des images de vid\u00e9osurveillance diffus\u00e9es par le m\u00e9dia russe Izvestia montrent la puissante explosion d\u2019une voiture, qui survient, projetant des fragments en l\u2019air, alors qu\u2019une personne s\u2019approche du v\u00e9hicule.<\/p>\n<p><a href=\"https:\/\/www.20minutes.fr\/monde\/ukraine\/\" class=\"c-link c-btn c-btn--primary\" target=\"_blank\" rel=\"noopener\">Notre dossier sur la guerre en Ukraine<\/a><\/p>\n<p>\u00ab\u00a0Il y a des raisons de croire que les services secrets ukrainiens sont impliqu\u00e9s dans ce meurtre\u00a0\u00bb, a d\u00e9nonc\u00e9 dans un communiqu\u00e9 la porte-parole de la diplomatie russe, Maria Zakharova.<\/p>\n<p>Ce type d\u2019attaque se multiplie en Russie et dans les territoires d\u2019Ukraine qu\u2019elle occupe depuis le d\u00e9but de l\u2019offensive russe en f\u00e9vrier\u00a02022. Ces assassinats, imput\u00e9s \u00e0 ou parfois revendiqu\u00e9s par l\u2019Ukraine, visent des militaires, des responsables gouvernementaux ou encore des soutiens id\u00e9ologiques du Kremlin.<\/p>\n<p>Le chiffre du jour<\/p>\n<p>116. C\u2019est le nombre de composants provenant d\u2019autres pays ayant \u00e9t\u00e9 trouv\u00e9s dans un missile balistique fabriqu\u00e9 en Cor\u00e9e du Nord mais tir\u00e9 par la Russie lors de frappes sur Kiev, qui ont tu\u00e9 jeudi\u00a012 personnes. Parmi ces composants, beaucoup \u00e9taient de fabrication am\u00e9ricaine, selon le pr\u00e9sident ukrainien Volodymyr Zelensky.<\/p>\n<p>\u00ab\u00a0L\u2019absence de pression suffisante sur la Russie lui permet d\u2019importer de tels missiles et d\u2019autres armes, et de les utiliser ici, en Europe\u00a0\u00bb, a d\u00e9plor\u00e9 Volodymyr Zelensky.<\/p>\n<p>Depuis le d\u00e9but de l\u2019invasion russe de l\u2019Ukraine en\u00a02022, Kiev a d\u00e9j\u00e0 annonc\u00e9 avoir trouv\u00e9 des composants am\u00e9ricains et d\u2019autres pays occidentaux, dans des munitions utilis\u00e9es par Moscou, que les autorit\u00e9s recensent sur un site gouvernemental.<\/p>\n","protected":false},"excerpt":{"rendered":"Vous avez rat\u00e9 les derniers \u00e9v\u00e9nements sur la guerre en Ukraine\u00a0? 20 Minutes fait le point pour vous&hellip;\n","protected":false},"author":2,"featured_media":53476,"comment_status":"","ping_status":"","sticky":false,"template":"","format":"standard","meta":{"footnotes":""},"categories":[1590],"tags":[47,11,1813,13987,13469,75,73,1777,674,1146,131,4998,74,1916,12,136,132,220,14746,135,134],"class_list":{"0":"post-53475","1":"post","2":"type-post","3":"status-publish","4":"format-standard","5":"has-post-thumbnail","7":"category-ukraine","8":"tag-actualite","9":"tag-actualites","10":"tag-armee","11":"tag-coree-du-nord","12":"tag-crimee","13":"tag-donald-trump","14":"tag-etats-unis","15":"tag-eu","16":"tag-europe","17":"tag-guerre","18":"tag-guerre-en-ukraine","19":"tag-kremlin","20":"tag-monde","21":"tag-moscou","22":"tag-news","23":"tag-otan","24":"tag-russie","25":"tag-ukraine","26":"tag-vitali-klitschko","27":"tag-vladimir-poutine","28":"tag-volodymyr-zelensky"},"share_on_mastodon":{"url":"https:\/\/pubeurope.com\/@fr\/114402341931580257","error":""},"_links":{"self":[{"href":"https:\/\/www.europesays.com\/fr\/wp-json\/wp\/v2\/posts\/53475","targetHints":{"allow":["GET"]}}],"collection":[{"href":"https:\/\/www.europesays.com\/fr\/wp-json\/wp\/v2\/posts"}],"about":[{"href":"https:\/\/www.europesays.com\/fr\/wp-json\/wp\/v2\/types\/post"}],"author":[{"embeddable":true,"href":"https:\/\/www.europesays.com\/fr\/wp-json\/wp\/v2\/users\/2"}],"replies":[{"embeddable":true,"href":"https:\/\/www.europesays.com\/fr\/wp-json\/wp\/v2\/comments?post=53475"}],"version-history":[{"count":0,"href":"https:\/\/www.europesays.com\/fr\/wp-json\/wp\/v2\/posts\/53475\/revisions"}],"wp:featuredmedia":[{"embeddable":true,"href":"https:\/\/www.europesays.com\/fr\/wp-json\/wp\/v2\/media\/53476"}],"wp:attachment":[{"href":"https:\/\/www.europesays.com\/fr\/wp-json\/wp\/v2\/media?parent=53475"}],"wp:term":[{"taxonomy":"category","embeddable":true,"href":"https:\/\/www.europesays.com\/fr\/wp-json\/wp\/v2\/categories?post=53475"},{"taxonomy":"post_tag","embeddable":true,"href":"https:\/\/www.europesays.com\/fr\/wp-json\/wp\/v2\/tags?post=53475"}],"curies":[{"name":"wp","href":"https:\/\/api.w.org\/{rel}","templated":true}]}}