{"id":534750,"date":"2025-11-14T23:34:23","date_gmt":"2025-11-14T23:34:23","guid":{"rendered":"https:\/\/www.europesays.com\/fr\/534750\/"},"modified":"2025-11-14T23:34:23","modified_gmt":"2025-11-14T23:34:23","slug":"le-frere-dun-opposant-aux-narcotraficants-assassine-a-marseille-journal-de-20-heures","status":"publish","type":"post","link":"https:\/\/www.europesays.com\/fr\/534750\/","title":{"rendered":"Le fr\u00e8re d&rsquo;un opposant aux narcotraficants assassin\u00e9 \u00e0 Marseille &#8211; Journal de 20 heures"},"content":{"rendered":"<p id=\"descriptionPanel\" class=\"text-secondary mr-2 line-clamp-2 pr-2.5 overflow-visible\">Mohamed, 20 ans, a \u00e9t\u00e9 assassin\u00e9 jeudi devant la pharmacie du D\u00f4me \u00e0 Marseille. Il est inconnu de la justice, voulait m\u00eame s&rsquo;engager dans la police. Pour les enqu\u00eateurs, c&rsquo;est parce qu&rsquo;il \u00e9tait le fr\u00e8re d&rsquo;Amine Kessaci, un militant engag\u00e9 dans la lutte contre le narcotrafic, qu&rsquo;il aurait \u00e9t\u00e9 vis\u00e9. Les Marseillais restent sid\u00e9r\u00e9s 24 heures apr\u00e8s. Une enqu\u00eate a \u00e9t\u00e9 ouverte par le parquet de Marseille qui va devoir d\u00e9terminer s&rsquo;il s&rsquo;agit d&rsquo;un assassinat d&rsquo;intimidation. <\/p>\n<p>TF1 | Reportage L. GLASSON, M. JIT, T. VARTANIAN <\/p>\n<p>Afficher la version longue du r\u00e9sum\u00e9<a class=\"shrink-0\" href=\"https:\/\/www.tf1.fr\/tf1\/jt-20h\" target=\"_blank\" rel=\"noopener\"><img decoding=\"async\" src=\"https:\/\/www.europesays.com\/fr\/wp-content\/uploads\/2025\/09\/program-card-portrait-1-2a6a1e-2a3b77-0@1x.jpg\" width=\"138\" height=\"184\" alt=\"\" loading=\"eager\" fetchpriority=\"auto\" class=\"rounded-3px aspect-[3\/4] h-24 w-auto\" aria-hidden=\"true\"\/><\/a><\/p>\n","protected":false},"excerpt":{"rendered":"Mohamed, 20 ans, a \u00e9t\u00e9 assassin\u00e9 jeudi devant la pharmacie du D\u00f4me \u00e0 Marseille. Il est inconnu de&hellip;\n","protected":false},"author":2,"featured_media":534751,"comment_status":"","ping_status":"","sticky":false,"template":"","format":"standard","meta":{"footnotes":""},"categories":[2814],"tags":[1111,11,1777,674,3483,3697,41323,41321,1011,27,3699,3698,41324,41329,41333,41322,41330,41334,41327,41326,884,12,882,25,41331,41332,3701,41328,3700,41325],"class_list":{"0":"post-534750","1":"post","2":"type-post","3":"status-publish","4":"format-standard","5":"has-post-thumbnail","7":"category-marseille","8":"tag-actu","9":"tag-actualites","10":"tag-eu","11":"tag-europe","12":"tag-extrait","13":"tag-extrait-journal-de-20-heures","14":"tag-extrait-journal-de-20-heures-tf1","15":"tag-extrait-tf1","16":"tag-fr","17":"tag-france","18":"tag-journal-de-20-heures","19":"tag-journal-de-20-heures-extrait","20":"tag-journal-de-20-heures-extrait-tf1","21":"tag-journal-de-20-heures-streaming","22":"tag-journal-de-20-heures-streaming-gratuit","23":"tag-journal-de-20-heures-tf1","24":"tag-journal-de-20-heures-tf1-streaming","25":"tag-journal-de-20-heures-tf1-streaming-gratuit","26":"tag-journal-de-20-heures-tf1-video","27":"tag-journal-de-20-heures-video","28":"tag-marseille","29":"tag-news","30":"tag-provence-alpes-cote-dazur","31":"tag-republique-francaise","32":"tag-streaming-gratuit-journal-de-20-heures","33":"tag-streaming-gratuit-journal-de-20-heures-tf1","34":"tag-streaming-journal-de-20-heures","35":"tag-streaming-journal-de-20-heures-tf1","36":"tag-video-journal-de-20-heures","37":"tag-video-journal-de-20-heures-tf1"},"share_on_mastodon":{"url":"","error":"Validation failed: Text character limit of 500 exceeded"},"_links":{"self":[{"href":"https:\/\/www.europesays.com\/fr\/wp-json\/wp\/v2\/posts\/534750","targetHints":{"allow":["GET"]}}],"collection":[{"href":"https:\/\/www.europesays.com\/fr\/wp-json\/wp\/v2\/posts"}],"about":[{"href":"https:\/\/www.europesays.com\/fr\/wp-json\/wp\/v2\/types\/post"}],"author":[{"embeddable":true,"href":"https:\/\/www.europesays.com\/fr\/wp-json\/wp\/v2\/users\/2"}],"replies":[{"embeddable":true,"href":"https:\/\/www.europesays.com\/fr\/wp-json\/wp\/v2\/comments?post=534750"}],"version-history":[{"count":0,"href":"https:\/\/www.europesays.com\/fr\/wp-json\/wp\/v2\/posts\/534750\/revisions"}],"wp:featuredmedia":[{"embeddable":true,"href":"https:\/\/www.europesays.com\/fr\/wp-json\/wp\/v2\/media\/534751"}],"wp:attachment":[{"href":"https:\/\/www.europesays.com\/fr\/wp-json\/wp\/v2\/media?parent=534750"}],"wp:term":[{"taxonomy":"category","embeddable":true,"href":"https:\/\/www.europesays.com\/fr\/wp-json\/wp\/v2\/categories?post=534750"},{"taxonomy":"post_tag","embeddable":true,"href":"https:\/\/www.europesays.com\/fr\/wp-json\/wp\/v2\/tags?post=534750"}],"curies":[{"name":"wp","href":"https:\/\/api.w.org\/{rel}","templated":true}]}}