{"id":534754,"date":"2025-11-14T23:36:28","date_gmt":"2025-11-14T23:36:28","guid":{"rendered":"https:\/\/www.europesays.com\/fr\/534754\/"},"modified":"2025-11-14T23:36:28","modified_gmt":"2025-11-14T23:36:28","slug":"apres-un-incendie-ces-riverains-des-etats-unis-deplorent-le-manque-de-consideration","status":"publish","type":"post","link":"https:\/\/www.europesays.com\/fr\/534754\/","title":{"rendered":"apr\u00e8s un incendie, ces riverains des \u00c9tats-Unis d\u00e9plorent le manque de consid\u00e9ration"},"content":{"rendered":"<p>\u00ab\u00a0GrandLyon Habitat nous a compl\u00e8tement abandonn\u00e9s. Nous payons tous un loyer, nous voulons juste vivre dignement ou qu\u2019ils nous relogent ailleurs.\u00a0\u00bb Avec son p\u00e8re et ses trois fr\u00e8res et s\u0153urs, Am\u00e8le r\u00e9side au 7, rue Arrachart, dans le 8e\u00a0 arrondissement de Lyon. Une dizaine de jours apr\u00e8s l\u2019incendie qui s\u2019est d\u00e9clar\u00e9 dans son immeuble, situ\u00e9 au c\u0153ur des \u00c9tats-Unis, la jeune femme est toujours sous le coup de l\u2019\u00e9motion.\u00a0Ses voisines aussi. \u00ab\u00a0Cette nuit-l\u00e0, nous avons cru mourir\u00a0\u00bb, appuie Nora.<\/p>\n<p>Cette maman de deux jeunes enfants (6 et 8 ans), \u00ab\u00a0encore choqu\u00e9s\u00a0\u00bb, raconte que \u00ab\u00a0c\u2019est le craquement des fen\u00eatres puis leur explosion\u00a0\u00bb qui a r\u00e9veill\u00e9 son \u00e9poux. Aucun syst\u00e8me d\u2019incendie de l\u2019immeuble ne se serait mis en route cette nuit-l\u00e0. \u00ab\u00a0J\u2019ai entendu dehors qu\u2019une femme criait \u201cAu feu\u00a0! Au feu\u00a0!\u201d. Et nous avons vu que c\u2019\u00e9tait dans notre immeuble.\u00a0\u00bb<\/p>\n<p>\u00ab\u00a0L\u2019odeur de br\u00fbl\u00e9 \u00e9tait \u00e9touffante\u00a0\u00bb<\/p>\n<p>Les pompiers, \u00e0 l\u2019aide de la grande \u00e9chelle, ont proc\u00e9d\u00e9 \u00e0 <a href=\"https:\/\/www.leprogres.fr\/faits-divers-justice\/2025\/10\/27\/30-personnes-evacuees-dans-un-incendie-dans-le-8e-arrondissement\" target=\"_blank\" rel=\"noopener\">l\u2019\u00e9vacuation d\u2019une trentaine de personnes<\/a>&#8230;.<\/p>\n","protected":false},"excerpt":{"rendered":"\u00ab\u00a0GrandLyon Habitat nous a compl\u00e8tement abandonn\u00e9s. Nous payons tous un loyer, nous voulons juste vivre dignement ou qu\u2019ils&hellip;\n","protected":false},"author":2,"featured_media":534755,"comment_status":"","ping_status":"","sticky":false,"template":"","format":"standard","meta":{"footnotes":""},"categories":[1889],"tags":[1111,11,2430,2757,1777,674,274,107,1011,27,1310,1908,2428,2756,12,25,2429,104],"class_list":{"0":"post-534754","1":"post","2":"type-post","3":"status-publish","4":"format-standard","5":"has-post-thumbnail","7":"category-lyon","8":"tag-actu","9":"tag-actualites","10":"tag-auvergne-rhone-alpes","11":"tag-edition-lyon-villeurbanne","12":"tag-eu","13":"tag-europe","14":"tag-faits-divers-justice","15":"tag-fil-info","16":"tag-fr","17":"tag-france","18":"tag-incendie","19":"tag-logement","20":"tag-lyon","21":"tag-lyon-bassin","22":"tag-news","23":"tag-republique-francaise","24":"tag-rhone","25":"tag-societe"},"share_on_mastodon":{"url":"https:\/\/pubeurope.com\/@fr\/115550682009840053","error":""},"_links":{"self":[{"href":"https:\/\/www.europesays.com\/fr\/wp-json\/wp\/v2\/posts\/534754","targetHints":{"allow":["GET"]}}],"collection":[{"href":"https:\/\/www.europesays.com\/fr\/wp-json\/wp\/v2\/posts"}],"about":[{"href":"https:\/\/www.europesays.com\/fr\/wp-json\/wp\/v2\/types\/post"}],"author":[{"embeddable":true,"href":"https:\/\/www.europesays.com\/fr\/wp-json\/wp\/v2\/users\/2"}],"replies":[{"embeddable":true,"href":"https:\/\/www.europesays.com\/fr\/wp-json\/wp\/v2\/comments?post=534754"}],"version-history":[{"count":0,"href":"https:\/\/www.europesays.com\/fr\/wp-json\/wp\/v2\/posts\/534754\/revisions"}],"wp:featuredmedia":[{"embeddable":true,"href":"https:\/\/www.europesays.com\/fr\/wp-json\/wp\/v2\/media\/534755"}],"wp:attachment":[{"href":"https:\/\/www.europesays.com\/fr\/wp-json\/wp\/v2\/media?parent=534754"}],"wp:term":[{"taxonomy":"category","embeddable":true,"href":"https:\/\/www.europesays.com\/fr\/wp-json\/wp\/v2\/categories?post=534754"},{"taxonomy":"post_tag","embeddable":true,"href":"https:\/\/www.europesays.com\/fr\/wp-json\/wp\/v2\/tags?post=534754"}],"curies":[{"name":"wp","href":"https:\/\/api.w.org\/{rel}","templated":true}]}}