{"id":534756,"date":"2025-11-14T23:38:36","date_gmt":"2025-11-14T23:38:36","guid":{"rendered":"https:\/\/www.europesays.com\/fr\/534756\/"},"modified":"2025-11-14T23:38:36","modified_gmt":"2025-11-14T23:38:36","slug":"le-froid-polaire-approche-et-va-toucher-directement-paris-et-lile-de-france-0c-la-semaine-prochaine","status":"publish","type":"post","link":"https:\/\/www.europesays.com\/fr\/534756\/","title":{"rendered":"le froid polaire approche et va toucher directement Paris et l&rsquo;\u00cele-de-France ! 0\u00b0C la semaine prochaine ?"},"content":{"rendered":"<p> <img decoding=\"async\" fetchpriority=\"high\" src=\"https:\/\/www.europesays.com\/fr\/wp-content\/uploads\/2025\/11\/dailymotion-x9tsl4m_1024.jpg\"  width=\"768\" height=\"432\" id=\"x9tsl4m\"\/>  <\/p>\n<p>La douceur a encore \u00e9t\u00e9 remarquable \u00e0 Paris et en \u00cele-de-France au cours des derni\u00e8res heures avec pr\u00e8s de 20 degr\u00e9s enregistr\u00e9s. Place \u00e0 pr\u00e9sent au froid polaire la semaine prochaine. Quelles sont les temp\u00e9ratures pr\u00e9vues \u00e0 Paris et en \u00cele-de-France ?<\/p>\n<p>    <img decoding=\"async\" fetchpriority=\"high\" src=\"https:\/\/www.europesays.com\/fr\/wp-content\/uploads\/2025\/04\/marc-hay.jpg\" alt=\"Marc Hay\" width=\"40\" height=\"40\"\/>    <a class=\"nombre text-hv\" href=\"https:\/\/www.tameteo.com\/auteur\/marc-hay\/\" title=\"Marc Hay\" target=\"_blank\" rel=\"noopener\">Marc Hay<\/a>         14\/11\/2025 16:35   4 min   <\/p>\n<p><strong>La France a v\u00e9cu une semaine hors normes<\/strong> avec des temp\u00e9ratures pas franchement dignes d\u2019une mi-novembre. Au cours des derniers jours, <strong>la barre des 30 degr\u00e9s <\/strong>a \u00e9t\u00e9 approch\u00e9e dans le d\u00e9partement des Pyr\u00e9n\u00e9es-Atlantiques tandis qu\u2019une grande douceur s\u2019est impos\u00e9e sur le nord de la France. Localement, les temp\u00e9ratures ont \u00e9t\u00e9 pr\u00e8s de<strong> 10 \u00e0 12 degr\u00e9s sup\u00e9rieures aux normales de saison.<\/strong><\/p>\n<p>La douceur a aussi \u00e9t\u00e9 de mise \u00e0 Paris et en \u00cele-de-France. <strong>La temp\u00e9rature \u00e0 Paris a fr\u00f4l\u00e9 la barre symbolique des 20 degr\u00e9s ce vendredi apr\u00e8s-midi.<\/strong><\/p>\n<p>Vous pouvez retrouver nos pr\u00e9visions m\u00e9t\u00e9o au quotidien en nous suivant d\u00e8s maintenant sur <a href=\"https:\/\/whatsapp.com\/channel\/0029Vb5XCzJAjPXEPuVDMZ1H\" target=\"_blank\" rel=\"noopener\">WhatsApp<\/a>.<\/p>\n<p>Comme nous vous l\u2019annon\u00e7ons depuis plusieurs jours, <strong>un changement radical de temps est attendu la semaine prochaine sur toute la France. <\/strong>La r\u00e9gion parisienne sera aussi concern\u00e9e avec <strong>une descente d\u2019air polaire <\/strong>qui va litt\u00e9ralement faire chuter les temp\u00e9ratures. D\u00e8s mardi matin,<strong> les temp\u00e9ratures repasseront sous la barre du 0\u00b0C <\/strong>et les valeurs en journ\u00e9e vont chuter \u00e0 des niveaux normalement observ\u00e9s en plein c\u0153ur de l\u2019hiver.<\/p>\n<p>Quelles sont les toutes derni\u00e8res pr\u00e9visions ? <strong>Quelles sont les temp\u00e9ratures attendues ? <\/strong>Y a-t-il un risque de neige avec ce froid attendu sur la r\u00e9gion parisienne ? Voici les toutes derni\u00e8res pr\u00e9visions dans cet article.<\/p>\n<p>M\u00e9t\u00e9o maussade ce week-end <\/p>\n<p><strong>Une m\u00e9t\u00e9o maussade<\/strong> est pr\u00e9vue ce week-end au-dessus de la r\u00e9gion parisienne. Demain, le ciel restera couvert et des averses localement orageuses sont pr\u00e9vues \u00e0 Paris et en \u00cele-de-France.<\/p>\n<p><a class=\"imagen \" href=\"https:\/\/www.tameteo.com\/actualites\/previsions\/froid-et-neige-en-plaine-debarquent-en-france-la-semaine-prochaine-que-montrent-nos-cartes-intemperies-hiver.html\" title=\"Froid et neige en plaine d\u00e9barquent en France la semaine prochaine : que montrent nos cartes ?\" target=\"_blank\" rel=\"noopener\"><img loading=\"lazy\" decoding=\"async\" fetchpriority=\"low\" class=\"lazy img-body non-editable\" src=\"https:\/\/www.europesays.com\/fr\/wp-content\/uploads\/2025\/11\/froid-et-neige-en-plaine-debarquent-en-france-la-semaine-prochaine-que-montrent-nos-cartes-intemperi.png\"  width=\"320\" height=\"225\" alt=\"Froid et neige en plaine d\u00e9barquent en France la semaine prochaine : que montrent nos cartes ?\"\/><\/a><\/p>\n<p>Si le temps s\u2019annonce plus sec dimanche, <strong>les nuages l\u2019emporteront sur les \u00e9claircies.<\/strong><\/p>\n<p>5 degr\u00e9s de moins en l&rsquo;espace de 48 heures !<\/p>\n<p>Les temp\u00e9ratures vont baisser tout au long du week-end<strong> avec l\u2019arriv\u00e9e d\u2019un air de plus en plus froid par le nord de la France. <\/strong>Il est pr\u00e9vu 15 degr\u00e9s samedi apr\u00e8s-midi et 13 degr\u00e9s dimanche apr\u00e8s-midi.<\/p>\n<p>La chute des temp\u00e9ratures va s&rsquo;accentuer la semaine prochaine !<\/p>\n<p><strong>Le \u00ab\u00a0d\u00e9crochage polaire\u00a0\u00bb fera encore plus chuter les temp\u00e9ratures la semaine prochaine en \u00cele-de-France. <\/strong>Fait marquant, des gel\u00e9es pourraient concerner Paris et l\u2019\u00cele-de-France mardi matin, \u00e0 la faveur d\u2019\u00e9claircies nocturnes.<\/p>\n<p><img loading=\"lazy\" decoding=\"async\" fetchpriority=\"low\" class=\"lazy \" src=\"https:\/\/www.europesays.com\/fr\/wp-content\/uploads\/2025\/11\/meteo-le-froid-polaire-approche-et-va-toucher-directement-paris-et-l-ile-de-france-0-c-la-semaine-pr.png\"  width=\"768\" height=\"432\" alt=\"Des gel\u00e9es pr\u00e9vues mardi matin en \u00cele-de-France selon le mod\u00e8le ECMWF.\" title=\"Des gel\u00e9es pr\u00e9vues mardi matin en \u00cele-de-France selon le mod\u00e8le ECMWF.\" data-image=\"aahf461y2uy8\"\/>Des gel\u00e9es pr\u00e9vues mardi matin en \u00cele-de-France selon le mod\u00e8le ECMWF. <\/p>\n<p>La carte ci-dessus montre en effet les temp\u00e9ratures pr\u00e9vues mardi matin par le mod\u00e8le europ\u00e9en (mod\u00e8le ECMWF). <strong>On peut constater que le gel pourrait concerner la r\u00e9gion parisienne dans son ensemble.<\/strong> La temp\u00e9rature pourrait rester tr\u00e8s l\u00e9g\u00e8rement positive dans Paris intramuros.<\/p>\n<p><a class=\"imagen \" href=\"https:\/\/www.tameteo.com\/actualites\/previsions\/retour-du-froid-en-france-est-ce-que-cette-meteo-va-perdurer-dans-le-temps-risque-intemperies-automne-hiver.html\" title=\"Retour du froid en France : est-ce que cette m\u00e9t\u00e9o va perdurer dans le temps ?\" target=\"_blank\" rel=\"noopener\"><img loading=\"lazy\" decoding=\"async\" fetchpriority=\"low\" class=\"lazy img-body non-editable\" src=\"https:\/\/www.europesays.com\/fr\/wp-content\/uploads\/2025\/11\/retour-du-froid-en-france-est-ce-que-cette-meteo-va-perdurer-dans-le-temps-risque-intemperies-automn.png\"  width=\"320\" height=\"225\" alt=\"Retour du froid en France : est-ce que cette m\u00e9t\u00e9o va perdurer dans le temps ?\"\/><\/a><\/p>\n<p>Mardi apr\u00e8s-midi, les temp\u00e9ratures repasseront m\u00eame sous les valeurs de saison <strong>avec seulement 8\/9 degr\u00e9s au meilleur moment de la journ\u00e9e.<\/strong><\/p>\n<p><strong>Les temp\u00e9ratures devraient rester durablement sous les valeurs de saison la semaine prochaine, <\/strong>avec des temp\u00e9ratures qui pourraient encore s\u2019orienter \u00e0 la baisse en deuxi\u00e8me partie de semaine,<strong> ne d\u00e9passant parfois pas les 5 degr\u00e9s au meilleur moment de la journ\u00e9e.<\/strong><\/p>\n<p>Et le risque de neige ? <\/p>\n<p><strong>Le risque de neige est actuellement tr\u00e8s limit\u00e9 en \u00cele-de-France. <\/strong>La perturbation qui devrait traverser la r\u00e9gion mercredi devrait apporter des pluies.<\/p>\n<p><img loading=\"lazy\" decoding=\"async\" fetchpriority=\"low\" class=\"lazy \" src=\"https:\/\/www.europesays.com\/fr\/wp-content\/uploads\/2025\/11\/1763163516_396_meteo-le-froid-polaire-approche-et-va-toucher-directement-paris-et-l-ile-de-france-0-c-la-semaine-pr.png\"  width=\"768\" height=\"432\" alt=\"Perturbation pluvieuse pr\u00e9vue en milieu de semaine prochaine.\" title=\"Perturbation pluvieuse pr\u00e9vue en milieu de semaine prochaine.\" data-image=\"mfv2pox4s8s9\"\/>Perturbation pluvieuse pr\u00e9vue en milieu de semaine prochaine. <\/p>\n<p>Ensuite,<strong> la fiabilit\u00e9 diminue \u00e9norm\u00e9ment et il est encore trop t\u00f4t pour dire si la neige tombera en plaine. <\/strong>On surveille toutefois ce risque pour la deuxi\u00e8me partie de semaine prochaine, entre l\u2019humidit\u00e9 attendue et la masse d\u2019air qui aura encore tendance \u00e0 se refroidir.<\/p>\n","protected":false},"excerpt":{"rendered":"La douceur a encore \u00e9t\u00e9 remarquable \u00e0 Paris et en \u00cele-de-France au cours des derni\u00e8res heures avec pr\u00e8s&hellip;\n","protected":false},"author":2,"featured_media":534757,"comment_status":"","ping_status":"","sticky":false,"template":"","format":"standard","meta":{"footnotes":""},"categories":[1592],"tags":[1111,11,1777,674,1011,27,3447,65418,64022,662,2487,12,626,25],"class_list":{"0":"post-534756","1":"post","2":"type-post","3":"status-publish","4":"format-standard","5":"has-post-thumbnail","7":"category-ile-de-france","8":"tag-actu","9":"tag-actualites","10":"tag-eu","11":"tag-europe","12":"tag-fr","13":"tag-france","14":"tag-froid","15":"tag-froid-polaire","16":"tag-gel","17":"tag-ile-de-france","18":"tag-meteo","19":"tag-news","20":"tag-paris","21":"tag-republique-francaise"},"share_on_mastodon":{"url":"https:\/\/pubeurope.com\/@fr\/115550691535215406","error":""},"_links":{"self":[{"href":"https:\/\/www.europesays.com\/fr\/wp-json\/wp\/v2\/posts\/534756","targetHints":{"allow":["GET"]}}],"collection":[{"href":"https:\/\/www.europesays.com\/fr\/wp-json\/wp\/v2\/posts"}],"about":[{"href":"https:\/\/www.europesays.com\/fr\/wp-json\/wp\/v2\/types\/post"}],"author":[{"embeddable":true,"href":"https:\/\/www.europesays.com\/fr\/wp-json\/wp\/v2\/users\/2"}],"replies":[{"embeddable":true,"href":"https:\/\/www.europesays.com\/fr\/wp-json\/wp\/v2\/comments?post=534756"}],"version-history":[{"count":0,"href":"https:\/\/www.europesays.com\/fr\/wp-json\/wp\/v2\/posts\/534756\/revisions"}],"wp:featuredmedia":[{"embeddable":true,"href":"https:\/\/www.europesays.com\/fr\/wp-json\/wp\/v2\/media\/534757"}],"wp:attachment":[{"href":"https:\/\/www.europesays.com\/fr\/wp-json\/wp\/v2\/media?parent=534756"}],"wp:term":[{"taxonomy":"category","embeddable":true,"href":"https:\/\/www.europesays.com\/fr\/wp-json\/wp\/v2\/categories?post=534756"},{"taxonomy":"post_tag","embeddable":true,"href":"https:\/\/www.europesays.com\/fr\/wp-json\/wp\/v2\/tags?post=534756"}],"curies":[{"name":"wp","href":"https:\/\/api.w.org\/{rel}","templated":true}]}}