{"id":534774,"date":"2025-11-14T23:48:26","date_gmt":"2025-11-14T23:48:26","guid":{"rendered":"https:\/\/www.europesays.com\/fr\/534774\/"},"modified":"2025-11-14T23:48:26","modified_gmt":"2025-11-14T23:48:26","slug":"la-croatie-se-qualifie-pour-le-mondial-lallemagne-doit-encore-batailler","status":"publish","type":"post","link":"https:\/\/www.europesays.com\/fr\/534774\/","title":{"rendered":"La Croatie se qualifie pour le Mondial, l&rsquo;Allemagne doit encore batailler"},"content":{"rendered":"<p>Publi\u00e914. novembre 2025, 23:01<\/p>\n<p>Football: La Croatie ira au Mondial, l&rsquo;Allemagne doit encore attendre<\/p>\n<p>Demi-finalistes en 2022, les Croates verront l&rsquo;Am\u00e9rique du Nord l&rsquo;\u00e9t\u00e9 prochain. Les Allemands, eux, devront faire un point dans une \u00abfinale\u00bb contre la Slovaquie, lundi.<\/p>\n<p><img loading=\"lazy\" decoding=\"async\" src=\"https:\/\/www.europesays.com\/fr\/wp-content\/uploads\/2025\/11\/33dc5fae-4647-4371-ab51-7cc47a57da6a.jpg\" alt=\"La joie des Coates apr\u00e8s la rencontre, vendredi \u00e0 Rijeka.\" title=\"La joie des Coates apr\u00e8s la rencontre, vendredi \u00e0 Rijeka.\"  width=\"1200\" height=\"800\"\/><\/p>\n<p>La joie des Coates apr\u00e8s la rencontre, vendredi \u00e0 Rijeka.<\/p>\n<p>AFP<\/p>\n<p>La Croatie s\u2019est qualifi\u00e9e pour la Coupe du monde 2026 apr\u00e8s sa victoire sur les Iles F\u00e9ro\u00e9 (3-1), vendredi \u00e0 Rijeka, devenant la troisi\u00e8me \u00e9quipe europ\u00e9enne \u00e0 s\u2019assurer d\u2019un billet pour le Mondial nord-am\u00e9ricain.<\/p>\n<p>Les Croates, premiers du groupe L avec six points d\u2019avance sur la R\u00e9publique tch\u00e8que, ne peuvent plus \u00eatre rejoints avant la derni\u00e8re journ\u00e9e des qualifications, lundi. Les Vatreni (Flamboyants) participeront \u00e0 leur septi\u00e8me phase finale d\u2019un Mondial, avec notamment une finale perdue contre la France en 2018.<\/p>\n<p>La Croatie rejoint l\u2019Angleterre et la France dans le groupe des qualifi\u00e9s europ\u00e9ens avant la derni\u00e8re journ\u00e9e.<\/p>\n<p>Les Croates se sont pourtant fait surprendre au quart d\u2019heure de jeu par un but de Geza Turi (16e). Mais le d\u00e9fenseur de Manchester City Josko Gvardiol a rapidement \u00e9galis\u00e9 (23e) avant que Petar Musa (57e) et Nikola Vlasic (70e), entr\u00e9 en jeu \u00e0 la place de Luka Modric huit minutes plus t\u00f4t, ne creusent l\u2019\u00e9cart.<\/p>\n<p>Modric, le capitaine croate de 40 ans et 193 s\u00e9lections, participera lui \u00e0 sa cinqui\u00e8me Coupe du monde. Le meneur de jeu, \u00e9lu Ballon d\u2019or en 2018, a quitt\u00e9 le Real Madrid pour l\u2019AC Milan cet \u00e9t\u00e9.<\/p>\n<p>L&rsquo;Allemagne a souffert face au Luxembourg<\/p>\n<p>Gr\u00e2ce \u00e0 un doubl\u00e9 de Nick Woltemade, l\u2019Allemagne a arrach\u00e9 un pr\u00e9cieux succ\u00e8s, tr\u00e8s compliqu\u00e9 \u00e0 se dessiner vendredi \u00e0 Luxembourg (2-0), et a encore besoin d\u2019un point pour se qualifier pour le Mondial.<\/p>\n<p>Avec 12 points au compteur, l\u2019Allemagne conserve la premi\u00e8re place du groupe ex aequo avec la Slovaquie mais devant \u00e0 la diff\u00e9rence de buts g\u00e9n\u00e9rale (+7 contre +4). Les Slovaques\u00a0ont arrach\u00e9 la victoire \u00e0 domicile contre l&rsquo;Irlande du Nord (1-0) dans le temps additionnel de la seconde p\u00e9riode.<\/p>\n<p>Les co\u00e9quipiers de Jonathan Tah, capitaine d\u2019un soir en l\u2019absence de Joshua Kimmich, pourront se contenter d\u2019un match nul lundi soir \u00e0 Leipzig contre la Slovaquie pour assurer leur billet pour l\u2019Am\u00e9rique du Nord.<\/p>\n<p>Domin\u00e9s et bouscul\u00e9s en premi\u00e8re p\u00e9riode par le modeste Luxembourg, les joueurs Julian Nagelsmann ont fait la diff\u00e9rence en seconde p\u00e9riode gr\u00e2ce \u00e0 Nick Woltemade, leur homme providentiel du moment, auteur d\u2019un doubl\u00e9 (49e et 69e).<\/p>\n<p>L\u2019attaquant de Newcastle avait d\u00e9j\u00e0 \u00e9t\u00e9 d\u00e9cisif lors du dernier match de qualifications de la Mannschaft, il y a un mois \u00e0 Belfast contre l\u2019Irlande du Nord (1-0), pour son premier but en s\u00e9lection.<\/p>\n<p>Presque fait pour les Pays-Bas<\/p>\n<p>Les Pays-Bas ont fait match nul face \u00e0 la Pologne (1-1) vendredi soir \u00e0 Varsovie et ont quasiment act\u00e9 leur participation \u00e0 la Coupe du monde.<\/p>\n<p>Avec trois points d\u2019avance et une diff\u00e9rence de buts largement favorable (+13) par rapport \u00e0 leur adversaire du jour, les hommes de Ronald Koeman pourront se permettre de s\u2019incliner dans des proportions raisonnables lundi \u00e0 Amsterdam face \u00e0 la Lituanie, une \u00e9quipe que les Oranje avait \u00e9cart\u00e9 (3-2) \u00e0 Vilnius en septembre.<\/p>\n<p>La Pologne, au moins assur\u00e9e de la deuxi\u00e8me place synonyme de barrages, se d\u00e9placera dans le m\u00eame temps \u00e0 Malte avec l\u2019obligation d\u2019empiler les buts.<\/p>\n<p>(afp)<\/p>\n","protected":false},"excerpt":{"rendered":"Publi\u00e914. novembre 2025, 23:01 Football: La Croatie ira au Mondial, l&rsquo;Allemagne doit encore attendre Demi-finalistes en 2022, les&hellip;\n","protected":false},"author":2,"featured_media":534775,"comment_status":"","ping_status":"","sticky":false,"template":"","format":"standard","meta":{"footnotes":""},"categories":[1587],"tags":[11,672,1804,1805,1803,1777,674,1801,12,1802],"class_list":{"0":"post-534774","1":"post","2":"type-post","3":"status-publish","4":"format-standard","5":"has-post-thumbnail","7":"category-allemagne","8":"tag-actualites","9":"tag-allemagne","10":"tag-bundesrepublik-deutschland","11":"tag-de","12":"tag-deutschland","13":"tag-eu","14":"tag-europe","15":"tag-germany","16":"tag-news","17":"tag-republique-federale-dallemagne"},"share_on_mastodon":{"url":"https:\/\/pubeurope.com\/@fr\/115550730053708586","error":""},"_links":{"self":[{"href":"https:\/\/www.europesays.com\/fr\/wp-json\/wp\/v2\/posts\/534774","targetHints":{"allow":["GET"]}}],"collection":[{"href":"https:\/\/www.europesays.com\/fr\/wp-json\/wp\/v2\/posts"}],"about":[{"href":"https:\/\/www.europesays.com\/fr\/wp-json\/wp\/v2\/types\/post"}],"author":[{"embeddable":true,"href":"https:\/\/www.europesays.com\/fr\/wp-json\/wp\/v2\/users\/2"}],"replies":[{"embeddable":true,"href":"https:\/\/www.europesays.com\/fr\/wp-json\/wp\/v2\/comments?post=534774"}],"version-history":[{"count":0,"href":"https:\/\/www.europesays.com\/fr\/wp-json\/wp\/v2\/posts\/534774\/revisions"}],"wp:featuredmedia":[{"embeddable":true,"href":"https:\/\/www.europesays.com\/fr\/wp-json\/wp\/v2\/media\/534775"}],"wp:attachment":[{"href":"https:\/\/www.europesays.com\/fr\/wp-json\/wp\/v2\/media?parent=534774"}],"wp:term":[{"taxonomy":"category","embeddable":true,"href":"https:\/\/www.europesays.com\/fr\/wp-json\/wp\/v2\/categories?post=534774"},{"taxonomy":"post_tag","embeddable":true,"href":"https:\/\/www.europesays.com\/fr\/wp-json\/wp\/v2\/tags?post=534774"}],"curies":[{"name":"wp","href":"https:\/\/api.w.org\/{rel}","templated":true}]}}