{"id":534778,"date":"2025-11-14T23:50:19","date_gmt":"2025-11-14T23:50:19","guid":{"rendered":"https:\/\/www.europesays.com\/fr\/534778\/"},"modified":"2025-11-14T23:50:19","modified_gmt":"2025-11-14T23:50:19","slug":"tout-peut-etre-instrumentalise-alerte-le-chef-du-commerce-de-lue-maros-sefcovic-2","status":"publish","type":"post","link":"https:\/\/www.europesays.com\/fr\/534778\/","title":{"rendered":"\u00ab\u00a0Tout peut \u00eatre instrumentalis\u00e9\u00a0\u00bb, alerte le chef du Commerce de l&rsquo;UE, Maro\u0161 \u0160ef\u010dovi\u010d"},"content":{"rendered":"<p class=\"mb-4 text-lg md:leading-8 break-words\">L&rsquo;UE fait face aux retomb\u00e9es du rachat par le gouvernement n\u00e9erlandais de Nexperia, une entreprise sp\u00e9cialis\u00e9e dans les puces \u00e9lectroniques dont la maison-m\u00e8re, Wingtech Technology, est d\u00e9tenue en partie par l&rsquo;\u00c9tat chinois.<\/p>\n<p class=\"mb-4 text-lg md:leading-8 break-words\">Cette d\u00e9cision a encore exacerb\u00e9 les tensions entre l&rsquo;Europe et P\u00e9kin et a entra\u00een\u00e9 des restrictions chinoises sur les exportations de puces.<\/p>\n<p>Instrumentalisation des produits essentiels<\/p>\n<p class=\"mb-4 text-lg md:leading-8 break-words\">Maro\u0161 \u0160ef\u010dovi\u010d, homme politique exp\u00e9riment\u00e9 qui g\u00e8re le tr\u00e8s important portefeuille du commerce pour l&rsquo;UE, estime que cet incident met en \u00e9vidence les complexit\u00e9s de la cha\u00eene d&rsquo;approvisionnement mondiale ainsi que les risques li\u00e9s aux d\u00e9pendances critiques vis-\u00e0-vis de pays tiers en dehors de l&rsquo;UE.<\/p>\n<p class=\"mb-4 text-lg md:leading-8 break-words\">\u00ab\u00a0Il souligne les le\u00e7ons que nous avons tir\u00e9es ces derni\u00e8res ann\u00e9es, et cela ne concerne pas seulement la Chine. Aujourd&rsquo;hui, tout peut \u00eatre instrumentalis\u00e9\u00a0\u00bb, a d\u00e9clar\u00e9 le commissaire \u00e0 Euronews.<\/p>\n<p class=\"mb-4 text-lg md:leading-8 break-words\">Pour l&rsquo;Europe, explique-t-il, \u00ab\u00a0cela a commenc\u00e9 avec le gaz [russe], puis cela s&rsquo;est poursuivi avec les mati\u00e8res premi\u00e8res critiques et les puces haut et bas de gamme. Tout cela peut \u00eatre instrumentalis\u00e9\u00a0\u00bb.<\/p>\n<p class=\"mb-4 text-lg md:leading-8 break-words\">Maro\u0161 \u0160ef\u010dovi\u010d est en contact avec les autorit\u00e9s chinoises et n\u00e9erlandaises depuis le d\u00e9but de l&rsquo;affaire il y a plus d&rsquo;un mois.<\/p>\n<p class=\"mb-4 text-lg md:leading-8 break-words\"><b class=\"c-widget-related__title__text\">Related<\/b><\/p>\n<p class=\"mb-4 text-lg md:leading-8 break-words\">Le gouvernement n\u00e9erlandais a pris le contr\u00f4le de Nexperia le 30 septembre, craignant que l&rsquo;entreprise ne soit d\u00e9mantel\u00e9e et d\u00e9localis\u00e9e en Chine. Les N\u00e9erlandais craignaient que cette d\u00e9localisation ne s&rsquo;accompagne d&rsquo;un transfert de technologies sensibles.<\/p>\n<p class=\"mb-4 text-lg md:leading-8 break-words\">Les Chinois ont r\u00e9agi en bloquant les exportations de puces hors de Chine, ce qui a suscit\u00e9 des inqui\u00e9tudes en Europe et dans le monde entier quant \u00e0 une \u00e9ventuelle p\u00e9nurie mondiale de puces pour les voitures.<\/p>\n<p>Reprise partielle des exportations<\/p>\n<p class=\"mb-4 text-lg md:leading-8 break-words\">L&rsquo;impasse a \u00e9t\u00e9 lev\u00e9e le 30 octobre \u00e0 la suite d&rsquo;une r\u00e9union entre la Chine et les \u00c9tats-Unis en Cor\u00e9e du Sud, au cours de laquelle les deux parties ont convenu d&rsquo;une tr\u00eave dans leur diff\u00e9rend commercial bilat\u00e9ral.<\/p>\n<p class=\"mb-4 text-lg md:leading-8 break-words\">\u00ab\u00a0La Chine prend les mesures appropri\u00e9es pour garantir la reprise des \u00e9changes commerciaux \u00e0 partir des installations de Nexperia en Chine, afin que la production de puces cruciales puisse \u00eatre achemin\u00e9e vers le reste du monde\u00a0\u00bb, peut-on lire dans un communiqu\u00e9 de la Maison Blanche.<\/p>\n<p class=\"mb-4 text-lg md:leading-8 break-words\">Maro\u0161 \u0160ef\u010dovi\u010d estime que le r\u00e9tablissement partiel des exportations marque le d\u00e9but d&rsquo;une r\u00e9solution de l&rsquo;impasse, mais affirme que l&rsquo;incident r\u00e9v\u00e8le la n\u00e9cessit\u00e9 urgente pour l&rsquo;UE de se diversifier.<\/p>\n<p class=\"mb-4 text-lg md:leading-8 break-words\">\u00ab\u00a0Nous recevons des informations des constructeurs automobiles aux producteurs de pi\u00e8ces d\u00e9tach\u00e9es, selon lesquelles ils obtiennent ces puces\u00a0\u00bb, a-t-il d\u00e9clar\u00e9 \u00e0 Euronews. \u00ab\u00a0Mais nous n&rsquo;en sommes qu&rsquo;au d\u00e9but de la r\u00e9solution de ce probl\u00e8me, et nous continuerons \u00e0 discuter avec nos coll\u00e8gues n\u00e9erlandais et les autorit\u00e9s chinoises\u00a0\u00bb.<\/p>\n<p class=\"mb-4 text-lg md:leading-8 break-words\">Vincent Karremans, le ministre n\u00e9erlandais des Affaires \u00e9conomiques, estime \u00e9galement que cet \u00e9pisode met en lumi\u00e8re les grandes d\u00e9pendances que l&rsquo;Europe a con\u00e7ues au fil des ans.<\/p>\n<p><strong>L&rsquo;UE pr\u00e9pare une nouvelle doctrine sur la s\u00e9curit\u00e9 \u00e9conomique<\/strong><\/p>\n<p class=\"mb-4 text-lg md:leading-8 break-words\">La saga Nexperia est le dernier incident en date entre la Chine et l&rsquo;UE concernant les composants strat\u00e9giques utilis\u00e9s dans des secteurs allant de l&rsquo;automobile \u00e0 la d\u00e9fense.<\/p>\n<p class=\"mb-4 text-lg md:leading-8 break-words\">Elle met \u00e9galement en \u00e9vidence la fa\u00e7on dont ces mat\u00e9riaux deviennent un outil politique permettant d&rsquo;exercer une pression par le biais de la coercition \u00e9conomique. Apr\u00e8s des semaines de tensions, qui ont eu des r\u00e9percussions sur l&rsquo;industrie europ\u00e9enne, l&rsquo;UE a conclu un accord avec la Chine pour assouplir les restrictions sur certaines exportations de terres rares.<\/p>\n<p class=\"mb-4 text-lg md:leading-8 break-words\"><b class=\"c-widget-related__title__text\">Related<\/b><\/p>\n<p class=\"mb-4 text-lg md:leading-8 break-words\">La Commission travaille sur un plan qui devrait \u00eatre pr\u00e9sent\u00e9 le mois prochain pour rem\u00e9dier \u00e0 certaines de ces faiblesses. Selon Maro\u0161 \u0160ef\u010dovi\u010d, la concurrence mondiale pour s\u00e9curiser les terres rares et les composants critiques n\u00e9cessite une approche unifi\u00e9e.<\/p>\n<p class=\"mb-4 text-lg md:leading-8 break-words\">\u00ab\u00a0Nous devons travailler un peu plus comme le Japon, qui stocke certaines des mati\u00e8res premi\u00e8res et des technologies critiques\u00a0\u00bb, estime-t-il. \u00ab\u00a0Je pense que c&rsquo;est l&rsquo;une des le\u00e7ons que nous voulons apporter dans la nouvelle doctrine de s\u00e9curit\u00e9 \u00e9conomique, que nous pr\u00e9senterons avant la fin de l&rsquo;ann\u00e9e\u00a0\u00bb.<\/p>\n<p class=\"mb-4 text-lg md:leading-8 break-words\">L&rsquo;UE s&rsquo;efforce actuellement de r\u00e9duire sa d\u00e9pendance vis-\u00e0-vis de la Chine, sans pour autant rompre les liens avec P\u00e9kin, en appliquant des mesures de sauvegarde dans des domaines cl\u00e9s jug\u00e9s strat\u00e9giques pour l&rsquo;Union.<\/p>\n<p class=\"mb-4 text-lg md:leading-8 break-words\">\u00ab\u00a0La s\u00e9curit\u00e9 \u00e9conomique et un contr\u00f4le efficace des exportations ne fonctionneront que s&rsquo;ils sont appliqu\u00e9s de mani\u00e8re harmonieuse car homog\u00e8ne dans toute l&rsquo;UE\u00a0\u00bb, d\u00e9clare Maro\u0161 \u0160ef\u010dovi\u010d.<\/p>\n<p class=\"mb-4 text-lg md:leading-8 break-words\">\u00ab\u00a0Ceux qui veulent abuser du syst\u00e8me trouveront toujours un point faible pour p\u00e9n\u00e9trer le march\u00e9 europ\u00e9en &#8211; et mettront alors en p\u00e9ril l&rsquo;ensemble de l&rsquo;\u00e9conomie europ\u00e9enne\u00a0\u00bb, conclut-il.<\/p>\n","protected":false},"excerpt":{"rendered":"L&rsquo;UE fait face aux retomb\u00e9es du rachat par le gouvernement n\u00e9erlandais de Nexperia, une entreprise sp\u00e9cialis\u00e9e dans les&hellip;\n","protected":false},"author":2,"featured_media":534779,"comment_status":"","ping_status":"","sticky":false,"template":"","format":"standard","meta":{"footnotes":""},"categories":[1586],"tags":[11,1777,674,1779,1011,27,18308,13257,10359,12,62205,11868,25,1778,364],"class_list":{"0":"post-534778","1":"post","2":"type-post","3":"status-publish","4":"format-standard","5":"has-post-thumbnail","7":"category-europe","8":"tag-actualites","9":"tag-eu","10":"tag-europe","11":"tag-european-union","12":"tag-fr","13":"tag-france","14":"tag-l39europe","15":"tag-l39ue","16":"tag-maros-sefcovic","17":"tag-news","18":"tag-nexperia","19":"tag-puces-electroniques","20":"tag-republique-francaise","21":"tag-ue","22":"tag-union-europeenne"},"share_on_mastodon":{"url":"https:\/\/pubeurope.com\/@fr\/115550737118130991","error":""},"_links":{"self":[{"href":"https:\/\/www.europesays.com\/fr\/wp-json\/wp\/v2\/posts\/534778","targetHints":{"allow":["GET"]}}],"collection":[{"href":"https:\/\/www.europesays.com\/fr\/wp-json\/wp\/v2\/posts"}],"about":[{"href":"https:\/\/www.europesays.com\/fr\/wp-json\/wp\/v2\/types\/post"}],"author":[{"embeddable":true,"href":"https:\/\/www.europesays.com\/fr\/wp-json\/wp\/v2\/users\/2"}],"replies":[{"embeddable":true,"href":"https:\/\/www.europesays.com\/fr\/wp-json\/wp\/v2\/comments?post=534778"}],"version-history":[{"count":0,"href":"https:\/\/www.europesays.com\/fr\/wp-json\/wp\/v2\/posts\/534778\/revisions"}],"wp:featuredmedia":[{"embeddable":true,"href":"https:\/\/www.europesays.com\/fr\/wp-json\/wp\/v2\/media\/534779"}],"wp:attachment":[{"href":"https:\/\/www.europesays.com\/fr\/wp-json\/wp\/v2\/media?parent=534778"}],"wp:term":[{"taxonomy":"category","embeddable":true,"href":"https:\/\/www.europesays.com\/fr\/wp-json\/wp\/v2\/categories?post=534778"},{"taxonomy":"post_tag","embeddable":true,"href":"https:\/\/www.europesays.com\/fr\/wp-json\/wp\/v2\/tags?post=534778"}],"curies":[{"name":"wp","href":"https:\/\/api.w.org\/{rel}","templated":true}]}}