{"id":534790,"date":"2025-11-14T23:57:12","date_gmt":"2025-11-14T23:57:12","guid":{"rendered":"https:\/\/www.europesays.com\/fr\/534790\/"},"modified":"2025-11-14T23:57:12","modified_gmt":"2025-11-14T23:57:12","slug":"coupe-davis-apres-jannik-sinner-lorenzo-musetti-annonce-son-forfait","status":"publish","type":"post","link":"https:\/\/www.europesays.com\/fr\/534790\/","title":{"rendered":"Coupe Davis. Apr\u00e8s Jannik Sinner, Lorenzo Musetti annonce son forfait"},"content":{"rendered":"<p data-testid=\"wcl-typoNewsPerex\" itemprop=\"description\">L&rsquo;Italie, double tenante de la Coupe Davis, sera priv\u00e9e pour la phase finale de l&rsquo;\u00e9dition 2025 (18-23 novembre), en plus de Jannik Sinner, de Lorenzo Musetti qui a d\u00e9clar\u00e9 forfait apr\u00e8s sa d\u00e9faite contre Carlos Alcaraz jeudi aux ATP Finals.<\/p>\n<p><b>\u00ab\u00a0J&rsquo;ai d\u00e9cid\u00e9 en raison de ma condition physique et de ma situation familiale de ne pas jouer la Coupe Davis\u00a0\u00bb<\/b>, a d\u00e9clar\u00e9 <b><a href=\"https:\/\/www.flashscore.fr\/joueur\/musetti-lorenzo\/xtH2ODVI\/\" data-analytics-element=\"ARTICLE_TEXT_LINK\" data-analytics-alias=\"internal\" rel=\"nofollow noopener\" target=\"_blank\">Lorenzo Musetti<\/a><\/b>, n\u00ba9 mondial, dont la compagne doit mettre au monde dans les prochains jours leur deuxi\u00e8me enfant.\u00a0<b>C&rsquo;est bien s\u00fbr une d\u00e9cision que je regrette et qui me d\u00e9\u00e7oit, mais cette ann\u00e9e, j&rsquo;en suis d\u00e9sol\u00e9, cela sera sans moi\u00a0\u00bb.<\/b><\/p>\n<p>Musetti a arrach\u00e9 sa qualification pour le Masters samedi en atteignant la finale du tournoi d&rsquo;Ath\u00e8nes, o\u00f9 il s&rsquo;est inclin\u00e9 face \u00e0 <b><a href=\"https:\/\/www.flashscore.fr\/joueur\/djokovic-novak\/AZg49Et9\/\" data-analytics-element=\"ARTICLE_TEXT_LINK\" data-analytics-alias=\"internal\" rel=\"nofollow noopener\" target=\"_blank\">Novak Djokovic<\/a><\/b>.<\/p>\n<p>Alors qu&rsquo;il \u00e9tait neuvi\u00e8me au classement annuel, le forfait du Serbe pour les ATP Finals lui a ouvert les portes du dernier tournoi de l&rsquo;ann\u00e9e.<\/p>\n<p>Mais depuis son arriv\u00e9e \u00e0 Turin, l&rsquo;Italien est apparu fatigu\u00e9 : il est certes parvenu \u00e0 battre\u00a0<b><a href=\"https:\/\/www.flashscore.fr\/joueur\/de-minaur-alex\/EZgZ9Xfh\/\" data-analytics-element=\"ARTICLE_TEXT_LINK\" data-analytics-alias=\"internal\" rel=\"nofollow noopener\" target=\"_blank\">Alex De Minaur<\/a><\/b> (7-5, 3-6, 7-5), mais il s&rsquo;est lourdement inclin\u00e9 contre <b><a href=\"https:\/\/www.flashscore.fr\/joueur\/fritz-taylor\/UH09iaZ6\/\" data-analytics-element=\"ARTICLE_TEXT_LINK\" data-analytics-alias=\"internal\" rel=\"nofollow noopener\" target=\"_blank\">Taylor Fritz<\/a><\/b> (6-3, 6-4) et\u00a0<b><a href=\"https:\/\/www.flashscore.fr\/joueur\/alcaraz-garfia-carlos\/UkhgIFEq\/\" data-analytics-element=\"ARTICLE_TEXT_LINK\" data-analytics-alias=\"internal\" rel=\"nofollow noopener\" target=\"_blank\">Carlos Alcaraz<\/a><\/b> (6-4, 6-1).<\/p>\n<p>L&rsquo;Italie sera donc priv\u00e9e \u00e0 Bologne, \u00e0 partir de mardi, de ses deux meilleurs joueurs, puisque le n\u00ba2 mondial<b> <a href=\"https:\/\/www.flashscore.fr\/joueur\/sinner-jannik\/6HdC3z4H\/\" data-analytics-element=\"ARTICLE_TEXT_LINK\" data-analytics-alias=\"internal\" rel=\"nofollow noopener\" target=\"_blank\">Jannik Sinner<\/a><\/b> a d\u00e9clar\u00e9 forfait pour pouvoir pr\u00e9parer au mieux la saison 2026.<\/p>\n<p>Sinner et Musetti ont \u00e9t\u00e9 les deux artisans des sacres de 2023 et 2024, mettant un terme \u00e0 une longue attente pour le tennis italien qui n&rsquo;avait plus soulev\u00e9 le Saladier d&rsquo;argent depuis 1976.<\/p>\n","protected":false},"excerpt":{"rendered":"L&rsquo;Italie, double tenante de la Coupe Davis, sera priv\u00e9e pour la phase finale de l&rsquo;\u00e9dition 2025 (18-23 novembre),&hellip;\n","protected":false},"author":2,"featured_media":534791,"comment_status":"","ping_status":"","sticky":false,"template":"","format":"standard","meta":{"footnotes":""},"categories":[1415],"tags":[1011,27,60,1467],"class_list":{"0":"post-534790","1":"post","2":"type-post","3":"status-publish","4":"format-standard","5":"has-post-thumbnail","7":"category-tennis","8":"tag-fr","9":"tag-france","10":"tag-sports","11":"tag-tennis"},"share_on_mastodon":{"url":"https:\/\/pubeurope.com\/@fr\/115550764599663291","error":""},"_links":{"self":[{"href":"https:\/\/www.europesays.com\/fr\/wp-json\/wp\/v2\/posts\/534790","targetHints":{"allow":["GET"]}}],"collection":[{"href":"https:\/\/www.europesays.com\/fr\/wp-json\/wp\/v2\/posts"}],"about":[{"href":"https:\/\/www.europesays.com\/fr\/wp-json\/wp\/v2\/types\/post"}],"author":[{"embeddable":true,"href":"https:\/\/www.europesays.com\/fr\/wp-json\/wp\/v2\/users\/2"}],"replies":[{"embeddable":true,"href":"https:\/\/www.europesays.com\/fr\/wp-json\/wp\/v2\/comments?post=534790"}],"version-history":[{"count":0,"href":"https:\/\/www.europesays.com\/fr\/wp-json\/wp\/v2\/posts\/534790\/revisions"}],"wp:featuredmedia":[{"embeddable":true,"href":"https:\/\/www.europesays.com\/fr\/wp-json\/wp\/v2\/media\/534791"}],"wp:attachment":[{"href":"https:\/\/www.europesays.com\/fr\/wp-json\/wp\/v2\/media?parent=534790"}],"wp:term":[{"taxonomy":"category","embeddable":true,"href":"https:\/\/www.europesays.com\/fr\/wp-json\/wp\/v2\/categories?post=534790"},{"taxonomy":"post_tag","embeddable":true,"href":"https:\/\/www.europesays.com\/fr\/wp-json\/wp\/v2\/tags?post=534790"}],"curies":[{"name":"wp","href":"https:\/\/api.w.org\/{rel}","templated":true}]}}