{"id":534792,"date":"2025-11-15T00:01:19","date_gmt":"2025-11-15T00:01:19","guid":{"rendered":"https:\/\/www.europesays.com\/fr\/534792\/"},"modified":"2025-11-15T00:01:19","modified_gmt":"2025-11-15T00:01:19","slug":"double-dose-pour-van-der-poel-a-los-angeles","status":"publish","type":"post","link":"https:\/\/www.europesays.com\/fr\/534792\/","title":{"rendered":"Double dose pour Van der Poel \u00e0 Los Angeles ?"},"content":{"rendered":"<p><strong>Alors que les organisateurs des<br \/>\nJeux d\u2019\u00e9t\u00e9 de Los Angeles ont d\u00e9voil\u00e9 cette semaine le calendrier<br \/>\ndes comp\u00e9titions, la F\u00e9d\u00e9ration N\u00e9erlandaise de cyclisme a d\u00e9j\u00e0<br \/>\n\u00e9voqu\u00e9 par l\u2019interm\u00e9diaire de son directeur technique la<br \/>\npossibilit\u00e9 de voir Mathieu van der Poel doubler route et<br \/>\nVTT.<\/strong><\/p>\n<p><strong>Les esprits commencent \u00e0 se tourner vers Los<br \/>\nAngeles.<\/strong> Alors que Paris a accueilli les Jeux d\u2019\u00e9t\u00e9 il y a<br \/>\nquasiment un an et demi, le calendrier de la prochaine \u00e9dition de<br \/>\nl\u2019\u00e9v\u00e9nement a \u00e9t\u00e9 d\u00e9voil\u00e9 cette semaine. Et il donne d\u00e9j\u00e0 des id\u00e9es<br \/>\n\u00e0 certaines f\u00e9d\u00e9rations, notamment celle de doubler certaines<br \/>\ndisciplines tr\u00e8s proches comme le cyclisme sur route et le VTT.<br \/>\n<strong>Un d\u00e9fi qu\u2019un certain Mathieu van der Poel pourrait se<br \/>\nlancer en 2028.<\/strong> Dans la capitale, le petit-fils de Raymond<br \/>\nPoulidor avait renonc\u00e9 \u00e0 cette id\u00e9e pour se focaliser sur la course<br \/>\nen ligne sur route, dont il avait pris la douzi\u00e8me place avec<br \/>\nquasiment deux minutes de retard sur Remco Evenepoel. Un<br \/>\nrenoncement que le N\u00e9erlandais avait pr\u00e9sent\u00e9 comme \u00ab le choix le<br \/>\nplus logique \u00bb, ajoutant que \u00ab <strong>la combinaison avec le VTT<br \/>\n\u00e9tait trop difficile<\/strong> \u00bb.<\/p>\n<p>Pieterse comme van der Poel<br \/>\n?<\/p>\n<p>I<strong>l avait toutefois \u00e9voqu\u00e9 la possibilit\u00e9 de se \u00ab<br \/>\nfocaliser sur le VTT \u00e0 Los Angeles \u00bb<\/strong>. La r\u00e9v\u00e9lation du<br \/>\ncalendrier a ainsi relanc\u00e9 l\u2019id\u00e9e dans l\u2019esprit du directeur<br \/>\ntechnique de la F\u00e9d\u00e9ration N\u00e9erlandaise de cyclisme (KNWU) Wilbert<br \/>\nBroekhuizen. Dans un entretien accord\u00e9 \u00e0 la cha\u00eene publique<br \/>\nNOS, ce dernier a fait le point sur la situation, assurant<br \/>\nqu\u2019un tel doubl\u00e9 pourrait aussi concerner Puck Pieterse pour les<br \/>\n\u00e9preuves f\u00e9minines. \u00ab Il y aura cinq jours entre les \u00e9preuves de<br \/>\nVTT et les courses en ligne. <strong>En cons\u00e9quence, une<br \/>\ncombinaison est possible autant pour Puck que pour Mathieu, c\u2019est<br \/>\ncomme \u00e7a que nous l\u2019envisageons<\/strong>. \u00bb Il reste toutefois<br \/>\nl\u2019inconnue li\u00e9e \u00e0 la programmation du Tour de France, dont<br \/>\nl\u2019\u00e9dition 2028 devrait \u00eatre avanc\u00e9e pour se conclure le 16 juillet.<br \/>\nUn doubl\u00e9 pourrait \u00e9galement \u00eatre mis en place pour Lorena Wiebes<br \/>\nentre la route et la piste.<\/p>\n<p>Le parcours orientera la<br \/>\nd\u00e9cision<\/p>\n<p>En effet, elle a \u00e9t\u00e9 sacr\u00e9e championne du monde du scratch et de<br \/>\nl\u2019omnium \u00e0 Santiago du Chili \u00e0 la fin du mois d\u2019octobre. Pour ce<br \/>\nqui est des potentielles ambitions n\u00e9erlandaises lors des \u00e9preuves<br \/>\nsur route, <strong>Wilbert Broekhuizen a confi\u00e9 que ses coureuses<br \/>\npourront \u00ab g\u00e9rer n\u2019importe quel parcours \u00bb<\/strong> quand tout<br \/>\nd\u00e9pendra du trac\u00e9 concoct\u00e9 autour de Venice Beach pour la course<br \/>\nmasculine. \u00ab S\u2019il y a beaucoup de d\u00e9nivel\u00e9, il y a quelques favoris<br \/>\n\u00e9vidents dont Tadej Pogacar, a tout d\u2019abord conc\u00e9d\u00e9 le directeur<br \/>\ntechnique de la KNWU. <strong>Je pense qu\u2019un parcours classique,<br \/>\navec une arriv\u00e9e rapide, nous serait b\u00e9n\u00e9fique, car il nous<br \/>\npermettrait de faire la diff\u00e9rence<\/strong>. \u00bb Dans un tel cas de<br \/>\nfigure, Mathieu van der Poel pourrait \u00eatre \u00e0 son avantage mais la<br \/>\ncarte Olav Kooij pourrait \u00e9galement \u00eatre jou\u00e9e en cas de sprint<br \/>\nmassif.<\/p>\n","protected":false},"excerpt":{"rendered":"Alors que les organisateurs des Jeux d\u2019\u00e9t\u00e9 de Los Angeles ont d\u00e9voil\u00e9 cette semaine le calendrier des comp\u00e9titions,&hellip;\n","protected":false},"author":2,"featured_media":534793,"comment_status":"","ping_status":"","sticky":false,"template":"","format":"standard","meta":{"footnotes":""},"categories":[1411],"tags":[58784,1154,207,1011,27,65424,6116,209,57681,60,10862,8012],"class_list":{"0":"post-534792","1":"post","2":"type-post","3":"status-publish","4":"format-standard","5":"has-post-thumbnail","7":"category-cyclisme","8":"tag-58784","9":"tag-cycling","10":"tag-cyclisme","11":"tag-fr","12":"tag-france","13":"tag-jeux-dete","14":"tag-los-angeles","15":"tag-route","16":"tag-sport365-fr","17":"tag-sports","18":"tag-van-der-poel","19":"tag-vtt"},"share_on_mastodon":{"url":"https:\/\/pubeurope.com\/@fr\/115550780418824060","error":""},"_links":{"self":[{"href":"https:\/\/www.europesays.com\/fr\/wp-json\/wp\/v2\/posts\/534792","targetHints":{"allow":["GET"]}}],"collection":[{"href":"https:\/\/www.europesays.com\/fr\/wp-json\/wp\/v2\/posts"}],"about":[{"href":"https:\/\/www.europesays.com\/fr\/wp-json\/wp\/v2\/types\/post"}],"author":[{"embeddable":true,"href":"https:\/\/www.europesays.com\/fr\/wp-json\/wp\/v2\/users\/2"}],"replies":[{"embeddable":true,"href":"https:\/\/www.europesays.com\/fr\/wp-json\/wp\/v2\/comments?post=534792"}],"version-history":[{"count":0,"href":"https:\/\/www.europesays.com\/fr\/wp-json\/wp\/v2\/posts\/534792\/revisions"}],"wp:featuredmedia":[{"embeddable":true,"href":"https:\/\/www.europesays.com\/fr\/wp-json\/wp\/v2\/media\/534793"}],"wp:attachment":[{"href":"https:\/\/www.europesays.com\/fr\/wp-json\/wp\/v2\/media?parent=534792"}],"wp:term":[{"taxonomy":"category","embeddable":true,"href":"https:\/\/www.europesays.com\/fr\/wp-json\/wp\/v2\/categories?post=534792"},{"taxonomy":"post_tag","embeddable":true,"href":"https:\/\/www.europesays.com\/fr\/wp-json\/wp\/v2\/tags?post=534792"}],"curies":[{"name":"wp","href":"https:\/\/api.w.org\/{rel}","templated":true}]}}