{"id":534800,"date":"2025-11-15T00:06:18","date_gmt":"2025-11-15T00:06:18","guid":{"rendered":"https:\/\/www.europesays.com\/fr\/534800\/"},"modified":"2025-11-15T00:06:18","modified_gmt":"2025-11-15T00:06:18","slug":"star-academy-jeanne-interprete-sa-chanson-respire-fort-le-public-la-connait-deja-par-coeur","status":"publish","type":"post","link":"https:\/\/www.europesays.com\/fr\/534800\/","title":{"rendered":"\u00ab\u00a0Star Academy\u00a0\u00bb : Jeanne interpr\u00e8te sa chanson \u00ab\u00a0Respire fort\u00a0\u00bb, le public la conna\u00eet d\u00e9j\u00e0 par c\u0153ur"},"content":{"rendered":"<ul class=\"jsx-862013697 ArticleChapo__List\">\n<li class=\"jsx-862013697 ArticleChapo__List_Item flex\">Jeanne a \u00e9t\u00e9 choisie pour faire son autoportrait en chansons ce vendredi 14 novembre \u00e0 la \u00ab\u00a0Star Academy\u00a0\u00bbsur TF1 et en streaming sur TF1+.<\/li>\n<li class=\"jsx-862013697 ArticleChapo__List_Item flex\">Apr\u00e8s avoir repris Charles Aznavour et Vanessa Paradis, elle a pu chanter sa propre composition \u00ab\u00a0pour la premi\u00e8re fois en public\u00a0\u00bb.<\/li>\n<li class=\"jsx-862013697 ArticleChapo__List_Item flex\">Ce qu&rsquo;elle ne sait pas, c&rsquo;est que ce morceau conna\u00eet d\u00e9j\u00e0 un joli succ\u00e8s sur les plateformes en dehors du Ch\u00e2teau.<\/li>\n<\/ul>\n<p data-module=\"article-paragraph\" class=\"jsx-3046738180 Paragraph Paragraph__End\">Elle a d\u00fb reprendre son souffle avant de se lancer. Jeanne ne se doutait sans doute pas que son autoportrait prendrait un virage si personnel ce vendredi 14 novembre <a href=\"https:\/\/www.tf1info.fr\/culture\/en-direct-streaming-gratuit-programme-tf1-star-academy-2025-qui-a-ete-elimine-leane-ema-et-theo-l-lors-du-prime-des-anciens-marine-helena-pierre-garnier-2406787.html\" target=\"_blank\" rel=\"noopener\">en direct sur le plateau de la \u00ab\u00a0Star Academy\u00a0\u00bb<\/a> sur TF1 et en streaming sur TF1+. La jeune femme de 22 ans a commenc\u00e9 en reprenant \u00ab\u00a0La Boh\u00e8me\u00a0\u00bb de Charles Aznavour, chantant m\u00eame en arm\u00e9nien, puis encha\u00eenant avec un duo avec L\u00e9o sur \u00ab\u00a0La Seine\u00a0\u00bb de Vanessa Paradis et M. Surprise par sa m\u00e8re au moment d&rsquo;interpr\u00e9ter \u00ab\u00a0Mon idole\u00a0\u00bb de Janie, elle a pu conclure la s\u00e9quence avec un honneur rare dans l&rsquo;\u00e9mission.<\/p>\n<p>D\u00e9j\u00e0 pr\u00e8s de 2 millions d&rsquo;\u00e9coutes !<\/p>\n<p data-module=\"article-paragraph\" class=\"jsx-3046738180 Paragraph Paragraph__End\">\u00ab\u00a0Vous le savez d\u00e9sormais, mon piano et moi, on est un peu ins\u00e9parables. Et derri\u00e8re mon clavier, j\u2019aime \u00e9crire mes propres chansons depuis que j\u2019ai l\u2019\u00e2ge de 12 ans. Celle que je vais vous chanter s\u2019appelle &lsquo;Respire fort'\u00a0\u00bb, explique-t-elle. \u00ab\u00a0Je l\u2019ai \u00e9crite dans une p\u00e9riode compliqu\u00e9e de ma vie o\u00f9 je faisais beaucoup de crises d\u2019angoisse. Cette chanson m\u2019a aid\u00e9e et c\u2019est un honneur pour moi de pouvoir vous la chanter pour la premi\u00e8re fois en public. J\u2019esp\u00e8re que vous allez l\u2019aimer\u00a0\u00bb, ajoute-t-elle. Sans se douter que le public pr\u00e9sent sur le plateau la connaissait d\u00e9j\u00e0 tr\u00e8s bien.<\/p>\n<p><a href=\"https:\/\/www.tf1info.fr\/culture\/interview-glen-powell-running-man-le-protege-de-tom-cruise-nous-raconte-sa-visite-de-la-star-academy-2404540.html\" rel=\"noopener\" class=\"jsx-3308031228 Link flex\" target=\"_blank\"><img decoding=\"async\" src=\"https:\/\/www.europesays.com\/fr\/wp-content\/uploads\/2025\/11\/glen-powell-running-man-star-ac-5c6f2b-0@1x.jpeg\" alt=\"TF1INFO\" loading=\"lazy\" importance=\"low\" fetchpriority=\"low\" class=\"\" aria-hidden=\"true\"\/><\/p>\n<p class=\"jsx-3657663356 ReadMoreArticle__Title\">Lire aussi<\/p>\n<p class=\"jsx-3657663356\">\u00ab\u00a0J&rsquo;ai ador\u00e9\u00a0\u00bb : Glen Powell, le prot\u00e9g\u00e9 de Tom Cruise, nous raconte sa visite de la \u00ab\u00a0Star Academy\u00a0\u00bb<\/p>\n<p><\/a><\/p>\n<p data-module=\"article-paragraph\" class=\"jsx-3046738180 Paragraph Paragraph__End\">\u00ab\u00a0Et je respire fort, pendant qu\u2019il s\u2019endort, j\u2019perds le Nord mais que fait mon corps ? Il br\u00fble encore, j\u2019angoisse \u00e0 mort\u00a0\u00bb, mart\u00e8le Jeanne sur le refrain que les spectateurs reprennent en choeur. La Star Acad\u00e9micienne risque bien d&rsquo;\u00eatre choqu\u00e9e en d\u00e9couvrant la vie que m\u00e8ne sa composition en dehors du Ch\u00e2teau. Rien que sur Spotify, Respire fort cumule d\u00e9j\u00e0 1,7 million d&rsquo;\u00e9coutes. De quoi rappeler la naissance des ph\u00e9nom\u00e8nes Pierre Garnier et Marine, qui avant de gagner l&rsquo;\u00e9mission avaient aussi fait d\u00e9couvrir leurs chansons \u00ab\u00a0Ceux qu&rsquo;on \u00e9tait\u00a0\u00bb et \u00ab\u00a0Ma faute\u00a0\u00bb.<\/p>\n<p>Delphine DE FREITAS<\/p>\n","protected":false},"excerpt":{"rendered":"Jeanne a \u00e9t\u00e9 choisie pour faire son autoportrait en chansons ce vendredi 14 novembre \u00e0 la \u00ab\u00a0Star Academy\u00a0\u00bbsur&hellip;\n","protected":false},"author":2,"featured_media":534801,"comment_status":"","ping_status":"","sticky":false,"template":"","format":"standard","meta":{"footnotes":""},"categories":[1356],"tags":[1111,11,1921,11775,58,59,1011,27,1922,2041,873,973,5096,5095,59699,252,1364,10245,133,2040],"class_list":{"0":"post-534800","1":"post","2":"type-post","3":"status-publish","4":"format-standard","5":"has-post-thumbnail","7":"category-television","8":"tag-actu","9":"tag-actualites","10":"tag-article-video","11":"tag-charles-aznavour","12":"tag-divertissement","13":"tag-entertainment","14":"tag-fr","15":"tag-france","16":"tag-info","17":"tag-medias-et-divertissement","18":"tag-musique","19":"tag-people","20":"tag-pierre-garnier","21":"tag-star-academy","22":"tag-star-academy-2025","23":"tag-television","24":"tag-tv","25":"tag-vanessa-paradis","26":"tag-video","27":"tag-video-culture"},"share_on_mastodon":{"url":"https:\/\/pubeurope.com\/@fr\/115550800684420650","error":""},"_links":{"self":[{"href":"https:\/\/www.europesays.com\/fr\/wp-json\/wp\/v2\/posts\/534800","targetHints":{"allow":["GET"]}}],"collection":[{"href":"https:\/\/www.europesays.com\/fr\/wp-json\/wp\/v2\/posts"}],"about":[{"href":"https:\/\/www.europesays.com\/fr\/wp-json\/wp\/v2\/types\/post"}],"author":[{"embeddable":true,"href":"https:\/\/www.europesays.com\/fr\/wp-json\/wp\/v2\/users\/2"}],"replies":[{"embeddable":true,"href":"https:\/\/www.europesays.com\/fr\/wp-json\/wp\/v2\/comments?post=534800"}],"version-history":[{"count":0,"href":"https:\/\/www.europesays.com\/fr\/wp-json\/wp\/v2\/posts\/534800\/revisions"}],"wp:featuredmedia":[{"embeddable":true,"href":"https:\/\/www.europesays.com\/fr\/wp-json\/wp\/v2\/media\/534801"}],"wp:attachment":[{"href":"https:\/\/www.europesays.com\/fr\/wp-json\/wp\/v2\/media?parent=534800"}],"wp:term":[{"taxonomy":"category","embeddable":true,"href":"https:\/\/www.europesays.com\/fr\/wp-json\/wp\/v2\/categories?post=534800"},{"taxonomy":"post_tag","embeddable":true,"href":"https:\/\/www.europesays.com\/fr\/wp-json\/wp\/v2\/tags?post=534800"}],"curies":[{"name":"wp","href":"https:\/\/api.w.org\/{rel}","templated":true}]}}