{"id":53481,"date":"2025-04-26T04:21:13","date_gmt":"2025-04-26T04:21:13","guid":{"rendered":"https:\/\/www.europesays.com\/fr\/53481\/"},"modified":"2025-04-26T04:21:13","modified_gmt":"2025-04-26T04:21:13","slug":"rwe-construction-dun-parc-eolien-en-allemagne-24-04-2025-a-1659","status":"publish","type":"post","link":"https:\/\/www.europesays.com\/fr\/53481\/","title":{"rendered":"RWE: construction d&rsquo;un parc \u00e9olien en Allemagne &#8211; 24\/04\/2025 \u00e0 16:59"},"content":{"rendered":"<p>                                                                (CercleFinance.com) &#8211; RWE annonce la construction d&rsquo;un nouveau parc \u00e9olien en Allemagne. Le groupe va construire quatre \u00e9oliennes d&rsquo;une puissance install\u00e9e totale de 22,8 m\u00e9gawatts (MW) pr\u00e8s de Papenhagen, \u00e0 cot\u00e9 de la petite ville de Grimmen, dans le district de Pom\u00e9ranie-Occidentale-R\u00fcgen.<\/p>\n<p>La mise en service est pr\u00e9vue pour la mi-2026. Ces instalations alimenteront environ 20 000 foyers en \u00e9lectricit\u00e9 verte.\n<\/p>\n<p>Katja W\u00fcnschel, DG de RWE Renewables Europa &amp; Austrailia : &lsquo; Nous continuons d&rsquo;acc\u00e9l\u00e9rer l&rsquo;expansion de l&rsquo;\u00e9nergie \u00e9olienne en Allemagne et d\u00e9veloppons notre parc \u00e9olien dans le Mecklembourg-Pom\u00e9ranie occidentale&rsquo;.\n<\/p>\n<p>&lsquo;Nous versons volontairement 0,2 centime par kilowattheure produit aux communaut\u00e9s locales. Cela signifie un revenu annuel estim\u00e9 \u00e0 130 000 euros pour le parc \u00e9olien pr\u00e8s de Papenhagen&rsquo; rajoute Katja W\u00fcnschel.<\/p>\n","protected":false},"excerpt":{"rendered":"(CercleFinance.com) &#8211; RWE annonce la construction d&rsquo;un nouveau parc \u00e9olien en Allemagne. Le groupe va construire quatre \u00e9oliennes&hellip;\n","protected":false},"author":2,"featured_media":17400,"comment_status":"","ping_status":"","sticky":false,"template":"","format":"standard","meta":{"footnotes":""},"categories":[1587],"tags":[400,11,672,398,408,1804,405,1805,1803,1777,674,1801,403,402,399,404,12,1802,401,406,407],"class_list":{"0":"post-53481","1":"post","2":"type-post","3":"status-publish","4":"format-standard","5":"has-post-thumbnail","7":"category-allemagne","8":"tag-action-cac-40","9":"tag-actualites","10":"tag-allemagne","11":"tag-bourse-de-paris","12":"tag-boursorama","13":"tag-bundesrepublik-deutschland","14":"tag-cotations","15":"tag-de","16":"tag-deutschland","17":"tag-eu","18":"tag-europe","19":"tag-germany","20":"tag-indices-devises","21":"tag-investir","22":"tag-investissement","23":"tag-marche-boursier","24":"tag-news","25":"tag-republique-federale-dallemagne","26":"tag-sicav","27":"tag-trackers","28":"tag-warrants"},"share_on_mastodon":{"url":"https:\/\/pubeurope.com\/@fr\/114402353696810047","error":""},"_links":{"self":[{"href":"https:\/\/www.europesays.com\/fr\/wp-json\/wp\/v2\/posts\/53481","targetHints":{"allow":["GET"]}}],"collection":[{"href":"https:\/\/www.europesays.com\/fr\/wp-json\/wp\/v2\/posts"}],"about":[{"href":"https:\/\/www.europesays.com\/fr\/wp-json\/wp\/v2\/types\/post"}],"author":[{"embeddable":true,"href":"https:\/\/www.europesays.com\/fr\/wp-json\/wp\/v2\/users\/2"}],"replies":[{"embeddable":true,"href":"https:\/\/www.europesays.com\/fr\/wp-json\/wp\/v2\/comments?post=53481"}],"version-history":[{"count":0,"href":"https:\/\/www.europesays.com\/fr\/wp-json\/wp\/v2\/posts\/53481\/revisions"}],"wp:featuredmedia":[{"embeddable":true,"href":"https:\/\/www.europesays.com\/fr\/wp-json\/wp\/v2\/media\/17400"}],"wp:attachment":[{"href":"https:\/\/www.europesays.com\/fr\/wp-json\/wp\/v2\/media?parent=53481"}],"wp:term":[{"taxonomy":"category","embeddable":true,"href":"https:\/\/www.europesays.com\/fr\/wp-json\/wp\/v2\/categories?post=53481"},{"taxonomy":"post_tag","embeddable":true,"href":"https:\/\/www.europesays.com\/fr\/wp-json\/wp\/v2\/tags?post=53481"}],"curies":[{"name":"wp","href":"https:\/\/api.w.org\/{rel}","templated":true}]}}